{"id":46906,"date":"2023-08-14T09:54:17","date_gmt":"2023-08-14T12:54:17","guid":{"rendered":"http:\/\/www.sincomam.org.br\/?p=46906"},"modified":"2023-08-14T09:54:17","modified_gmt":"2023-08-14T12:54:17","slug":"turismo-no-pantanal-e-transporte-hidroviario-de-mt-sao-ameacados-com-nova-cobranca-de-taxa-da-argentina","status":"publish","type":"post","link":"https:\/\/www.sincomam.org.br\/index.php\/turismo-no-pantanal-e-transporte-hidroviario-de-mt-sao-ameacados-com-nova-cobranca-de-taxa-da-argentina\/","title":{"rendered":"Turismo no Pantanal e transporte hidrovi\u00e1rio de MT s\u00e3o amea\u00e7ados com nova cobran\u00e7a de taxa da Argentina"},"content":{"rendered":"<div id=\"chunk-93t9g\">\n<div class=\"mc-column content-text active-extra-styles \" data-block-type=\"unstyled\" data-block-weight=\"43\" data-block-id=\"3\">\n<p class=\"content-text__container \" data-track-category=\"Link no Texto\" data-track-links=\"\">Os planos de reativa\u00e7\u00e3o do Porto de\u00a0C\u00e1ceres, a 250 km de Cuiab\u00e1, e o intenso fluxo de turistas para visitar o Pantanal Mato-grossensse foram impactados pela\u00a0<span class=\"highlight highlighted\">cobran\u00e7a de uma taxa por parte da Argentina para quem for navegar na\u00a0<\/span><span class=\"highlight highlighted\">hidrovia Paraguai-Paran\u00e1<\/span><span class=\"highlight highlighted\">.<\/span><\/p>\n<\/div>\n<\/div>\n<div class=\"wall protected-content\">\n<div id=\"chunk-58q8e\">\n<div class=\"mc-column content-text active-extra-styles \" data-block-type=\"unstyled\" data-block-weight=\"25\" data-block-id=\"4\">\n<p class=\"content-text__container \" data-track-category=\"Link no Texto\" data-track-links=\"\">A medida passou a ser cobrada nesta semana ap\u00f3s a reten\u00e7\u00e3o de uma embarca\u00e7\u00e3o do Paraguai, que se recusou a pagar o novo &#8220;ped\u00e1gio&#8221;.<\/p>\n<\/div>\n<\/div>\n<div id=\"chunk-fbj36\">\n<div class=\"mc-column content-text active-extra-styles \" data-block-type=\"unstyled\" data-block-weight=\"42\" data-block-id=\"5\">\n<p class=\"content-text__container \" data-track-category=\"Link no Texto\" data-track-links=\"\">A situa\u00e7\u00e3o despertou preocupa\u00e7\u00e3o do Minist\u00e9rio das Rela\u00e7\u00f5es Exteriores (Itamaraty) porque desrepeita o acordo firmado entre os cinco pa\u00edses da Bacia do Prata e que comp\u00f5em o Comit\u00ea Intergovernamental da Hidrovia (CIH), na qual estabelece o\u00a0<span class=\"highlight highlighted\">fluxo de navega\u00e7\u00e3o de\u00a0<\/span><span class=\"highlight highlighted\">bandeira livre.<\/span><\/p>\n<\/div>\n<\/div>\n<div id=\"chunk-8o8s9\">\n<div class=\"content-ads content-ads--reveal\" data-block-type=\"ads\" data-block-id=\"6\">\n<div id=\"banner_materia2\" class=\"tag-manager-publicidade-container mc-has-reveal mc-has-ad-lazyload tag-manager-publicidade-banner_materia2 tag-manager-publicidade-container--carregado tag-manager-publicidade-container--visivel\" data-id=\"banner_materia2\" data-google-query-id=\"CKvB5KKY3IADFamFlQIddysKdA\">\n<div id=\"chunk-6vurq\">\n<div class=\"mc-column content-text active-extra-styles \" data-block-type=\"unstyled\" data-block-weight=\"48\" data-block-id=\"7\">\n<p class=\"content-text__container \" data-track-category=\"Link no Texto\" data-track-links=\"\">A Ag\u00eancia Nacional de Transporte Aquavi\u00e1rio (Antaq) disse que nenhum caso semelhante foi registrado no trecho mato-grossense at\u00e9 o momento e que somente no final do m\u00eas as estat\u00edsticas completas ser\u00e3o divulgadas. A embaixada argentina n\u00e3o se pronunciou.<\/p>\n<\/div>\n<\/div>\n<div id=\"chunk-8d45d\">\n<div class=\"mc-column content-text active-extra-styles \" data-block-type=\"unstyled\" data-block-weight=\"57\" data-block-id=\"8\">\n<p class=\"content-text__container \" data-track-category=\"Link no Texto\" data-track-links=\"\">Com 89.478 mil habitantes, C\u00e1ceres foi fundada a partir da hidrovia, mas que, atualmente, est\u00e1 desativada h\u00e1 mais de 12 anos. A concess\u00e3o do porto foi assumida pela iniciativa privada, que prev\u00ea ainda a constru\u00e7\u00e3o de mais dois terminais hidrovi\u00e1rios. Por\u00e9m, os planos firmados n\u00e3o levavam em conta a cobran\u00e7a de um ped\u00e1gio pelas \u00e1guas do Prata.<\/p>\n<\/div>\n<\/div>\n<div id=\"chunk-2lfbi\">\n<div class=\"mc-column content-text active-extra-styles \" data-block-type=\"unstyled\" data-block-weight=\"35\" data-block-id=\"9\">\n<p class=\"content-text__container \" data-track-category=\"Link no Texto\" data-track-links=\"\">O engenheiro civil e presidente da Administradora da Zona de Processamento de Exporta\u00e7\u00e3o de C\u00e1ceres (AZPEC), Adilson Reis, explicou que a medida gerou revolta em todos os setores econ\u00f4micos da comunidade.<\/p>\n<div id=\"chunk-154ai\">\n<div class=\"mc-column content-text active-extra-styles \" data-block-type=\"unstyled\" data-block-weight=\"51\" data-block-id=\"13\">\n<p class=\"content-text__container \" data-track-category=\"Link no Texto\" data-track-links=\"\">Segundo Reis,\u00a0<span class=\"highlight highlighted\">o agroneg\u00f3cio de Mato Grosso tamb\u00e9m pode ser diretamente afetado<\/span>.\u00a0A produ\u00e7\u00e3o agr\u00edcola cresceu 21% em rela\u00e7\u00e3o \u00e0 safra passada, com tr\u00eas milh\u00f5es de toneladas de algod\u00e3o em pluma no territ\u00f3rio brasileiro e mais de dois milh\u00f5es de toneladas no estado.\u00a0<span class=\"highlight highlighted\">Contudo, a log\u00edstica n\u00e3o acompanha esse crescimento.<\/span><\/p>\n<\/div>\n<\/div>\n<div id=\"chunk-cvi81\">\n<div class=\"mc-column content-text active-extra-styles \" data-block-type=\"unstyled\" data-block-weight=\"14\" data-block-id=\"14\">\n<p class=\"content-text__container \" data-track-category=\"Link no Texto\" data-track-links=\"\">&#8220;Ent\u00e3o, um vetor importante de navega\u00e7\u00e3o como Paraguai-Paran\u00e1 sofre uma agress\u00e3o nesse momento&#8221;, contou.<\/p>\n<\/div>\n<\/div>\n<div id=\"chunk-5fuar\">\n<div class=\"mc-column content-text active-extra-styles \" data-block-type=\"unstyled\" data-block-weight=\"17\" data-block-id=\"15\">\n<p class=\"content-text__container \" data-track-category=\"Link no Texto\" data-track-links=\"\">A economia gerada pela hidrovia no escoamento de gr\u00e3os \u00e9 uma modalidade que vem sendo estudada.<\/p>\n<div id=\"chunk-28rlp\">\n<div class=\"mc-column content-text active-extra-styles \" data-block-type=\"unstyled\" data-block-weight=\"21\" data-block-id=\"17\">\n<p class=\"content-text__container \" data-track-category=\"Link no Texto\" data-track-links=\"\">Para Reis, o turismo que encanta diversos turistas a visitar o Pantanal Mato-Grossense pode ser abalado pela medida implementada pela Argentina.<\/p>\n<\/div>\n<\/div>\n<div id=\"chunk-4eavm\">\n<div class=\"mc-column content-text active-extra-styles \" data-block-type=\"unstyled\" data-block-weight=\"52\" data-block-id=\"18\">\n<p class=\"content-text__container \" data-track-category=\"Link no Texto\" data-track-links=\"\">&#8220;Eles [turistas] negociam um pacote com anos de anteced\u00eancia ser\u00e3o impedidos de passar. Os argentinos querem repetir o canal de Panam\u00e1. A grosso modo, todo mundo tem que pagar para passar. Aqui \u00e9 navega\u00e7\u00e3o e corrente livre. Isso que \u00e9 revoltante em todos os setores. E isso precisa ser resolvido rapidamente&#8221;, contou.<\/p>\n<\/div>\n<\/div>\n<div id=\"chunk-bmq3c\">\n<div class=\"mc-column content-text active-extra-styles\" data-block-type=\"raw\" data-block-weight=\"1\" data-block-id=\"19\">\n<p class=\"content-text__container\"><strong>Cobran\u00e7a<\/strong><\/p>\n<p>O Minist\u00e9rio das Rela\u00e7\u00f5es Exteriores informou que, assim como os outros pa\u00edses membros do Acordo da Hidrovia Paraguai-Paran\u00e1, questiona a legalidade dessa cobran\u00e7a.<\/p>\n<\/div>\n<\/div>\n<div id=\"chunk-5oprg\">\n<div class=\"mc-column content-text active-extra-styles \" data-block-type=\"unstyled\" data-block-weight=\"25\" data-block-id=\"20\">\n<div id=\"chunk-3h6um\">\n<div class=\"mc-column content-text active-extra-styles \" data-block-type=\"unstyled\" data-block-weight=\"54\" data-block-id=\"22\">\n<p class=\"content-text__container \" data-track-category=\"Link no Texto\" data-track-links=\"\">&#8220;No entendimento do Brasil, da Bol\u00edvia, do Paraguai e do Uruguai, o governo argentino n\u00e3o foi capaz de demonstrar, at\u00e9 o momento, constituir o ped\u00e1gio ressarcimento de servi\u00e7os efetivamente prestados na hidrovia, condi\u00e7\u00e3o prevista no acordo para qualquer cobran\u00e7a, tendo em conta que a simples navega\u00e7\u00e3o n\u00e3o pode ser legalmente taxada&#8221;, disse, em nota.<\/p>\n<\/div>\n<\/div>\n<div id=\"chunk-87jdj\">\n<div class=\"mc-column content-text active-extra-styles \" data-block-type=\"unstyled\" data-block-weight=\"23\" data-block-id=\"23\">\n<p class=\"content-text__container \" data-track-category=\"Link no Texto\" data-track-links=\"\">O Itamaraty disse que desde janeiro deste ano vem dialogando com a embaixada argentina sobre a cobran\u00e7a que passou ser exigida nesta semana.<\/p>\n<\/div>\n<\/div>\n<div id=\"chunk-5qqja\">\n<div class=\"mc-column content-text active-extra-styles \" data-block-type=\"unstyled\" data-block-weight=\"31\" data-block-id=\"24\">\n<p class=\"content-text__container \" data-track-category=\"Link no Texto\" data-track-links=\"\">&#8220;O Brasil n\u00e3o considera produtiva nem aconselh\u00e1vel a escalada de a\u00e7\u00f5es em curso, que dificulta a perspectiva de que o tema seja tratado de modo ponderado nas inst\u00e2ncias do acordo&#8221;, disse.<\/p>\n<\/div>\n<\/div>\n<div id=\"chunk-6v1p1\">\n<div class=\"mc-column content-text active-extra-styles\" data-block-type=\"raw\" data-block-weight=\"2\" data-block-id=\"25\">\n<p class=\"content-text__container\"><strong>A hidrovia<\/strong><\/p>\n<p><a href=\"https:\/\/www.sincomam.org.br\/wp-content\/uploads\/2023\/08\/captura-de-tela-89-.webp\"><img fetchpriority=\"high\" decoding=\"async\" class=\"alignleft size-medium wp-image-46908\" src=\"https:\/\/www.sincomam.org.br\/wp-content\/uploads\/2023\/08\/captura-de-tela-89--239x300.webp\" alt=\"\" width=\"239\" height=\"300\" srcset=\"https:\/\/www.sincomam.org.br\/wp-content\/uploads\/2023\/08\/captura-de-tela-89--239x300.webp 239w, https:\/\/www.sincomam.org.br\/wp-content\/uploads\/2023\/08\/captura-de-tela-89--817x1024.webp 817w, https:\/\/www.sincomam.org.br\/wp-content\/uploads\/2023\/08\/captura-de-tela-89--768x963.webp 768w, https:\/\/www.sincomam.org.br\/wp-content\/uploads\/2023\/08\/captura-de-tela-89-.webp 984w\" sizes=\"(max-width: 239px) 100vw, 239px\" \/><\/a><\/p>\n<div class=\"content-intertitle\">\n<div id=\"chunk-2hqp4\">\n<div class=\"mc-column content-text active-extra-styles \" data-block-type=\"unstyled\" data-block-weight=\"46\" data-block-id=\"28\">\n<p class=\"content-text__container \" data-track-category=\"Link no Texto\" data-track-links=\"\">A liga\u00e7\u00e3o fluvial entre o Porto de C\u00e1ceres (MT) ao Porto de Nova Palmira, no Uruguai, foi estabelecido atrav\u00e9s do Acordo de Transporte Fluvial entre os pa\u00edses que fazem parte da Bacia do Rio da Prata, que entrou em vigor em 10 de agosto de 1998.<\/p>\n<\/div>\n<\/div>\n<div id=\"chunk-6udk9\">\n<div class=\"mc-column content-text active-extra-styles \" data-block-type=\"unstyled\" data-block-weight=\"46\" data-block-id=\"29\">\n<p class=\"content-text__container \" data-track-category=\"Link no Texto\" data-track-links=\"\">O Rio Paraguai possui 680 km de extens\u00e3o e se divide em dois bra\u00e7os, que s\u00e3o conhecidos por serem profundos, estreitos e sinuosos. Entre eles surge a Ilha de Taiam\u00e3, que se tornou uma Unidade de Conserva\u00e7\u00e3o Federal gerenciada pelo Instituto Chico Mendes de Biodiversidade (ICMBio).<\/p>\n<\/div>\n<\/div>\n<div id=\"chunk-793kd\">\n<div class=\"mc-column content-text active-extra-styles \" data-block-type=\"unstyled\" data-block-weight=\"25\" data-block-id=\"30\">\n<p class=\"content-text__container \" data-track-category=\"Link no Texto\" data-track-links=\"\">Nas proximidades, est\u00e1 tamb\u00e9m o Parque Estadual do Guir\u00e1 e, ao sul, perto da foz do Rio Cuiab\u00e1 est\u00e1 o Parque Nacional do Pantanal Mato-grossense.<\/p>\n<p data-track-category=\"Link no Texto\" data-track-links=\"\">Fonte: G1<\/p>\n<\/div>\n<\/div>\n<\/div>\n<\/div>\n<\/div>\n<\/div>\n<\/div>\n<\/div>\n<\/div>\n<\/div>\n<\/div>\n<\/div>\n<\/div>\n<\/div>\n<\/div>\n","protected":false},"excerpt":{"rendered":"<p>Os planos de reativa\u00e7\u00e3o do Porto de\u00a0C\u00e1ceres, a 250 km de Cuiab\u00e1, e o intenso fluxo de turistas para visitar o Pantanal Mato-grossensse foram impactados&#8230;<\/p>\n","protected":false},"author":1527,"featured_media":46907,"comment_status":"closed","ping_status":"closed","sticky":false,"template":"","format":"standard","meta":{"footnotes":""},"categories":[6],"tags":[],"class_list":["post-46906","post","type-post","status-publish","format-standard","has-post-thumbnail","hentry","category-noticias"],"_links":{"self":[{"href":"https:\/\/www.sincomam.org.br\/index.php\/wp-json\/wp\/v2\/posts\/46906","targetHints":{"allow":["GET"]}}],"collection":[{"href":"https:\/\/www.sincomam.org.br\/index.php\/wp-json\/wp\/v2\/posts"}],"about":[{"href":"https:\/\/www.sincomam.org.br\/index.php\/wp-json\/wp\/v2\/types\/post"}],"author":[{"embeddable":true,"href":"https:\/\/www.sincomam.org.br\/index.php\/wp-json\/wp\/v2\/users\/1527"}],"replies":[{"embeddable":true,"href":"https:\/\/www.sincomam.org.br\/index.php\/wp-json\/wp\/v2\/comments?post=46906"}],"version-history":[{"count":1,"href":"https:\/\/www.sincomam.org.br\/index.php\/wp-json\/wp\/v2\/posts\/46906\/revisions"}],"predecessor-version":[{"id":46909,"href":"https:\/\/www.sincomam.org.br\/index.php\/wp-json\/wp\/v2\/posts\/46906\/revisions\/46909"}],"wp:featuredmedia":[{"embeddable":true,"href":"https:\/\/www.sincomam.org.br\/index.php\/wp-json\/wp\/v2\/media\/46907"}],"wp:attachment":[{"href":"https:\/\/www.sincomam.org.br\/index.php\/wp-json\/wp\/v2\/media?parent=46906"}],"wp:term":[{"taxonomy":"category","embeddable":true,"href":"https:\/\/www.sincomam.org.br\/index.php\/wp-json\/wp\/v2\/categories?post=46906"},{"taxonomy":"post_tag","embeddable":true,"href":"https:\/\/www.sincomam.org.br\/index.php\/wp-json\/wp\/v2\/tags?post=46906"}],"curies":[{"name":"wp","href":"https:\/\/api.w.org\/{rel}","templated":true}]}}