{"id":4690,"date":"2014-04-03T10:09:51","date_gmt":"2014-04-03T13:09:51","guid":{"rendered":"http:\/\/www.sincomam.org.br\/?p=4690"},"modified":"2014-04-03T10:09:51","modified_gmt":"2014-04-03T13:09:51","slug":"cabotagem-log-in-cria-linha-direta-entre-manaus-e-santos","status":"publish","type":"post","link":"https:\/\/www.sincomam.org.br\/index.php\/cabotagem-log-in-cria-linha-direta-entre-manaus-e-santos\/","title":{"rendered":"Cabotagem: Log-In cria linha direta entre Manaus e Santos"},"content":{"rendered":"<p>A Log-In vai lan\u00e7ar em maio um novo servi\u00e7o de cabotagem para atender empresas de eletroeletr\u00f4nicos de Manaus que precisam enviar seus produtos ao mercado consumidor do Sudeste e Sul do Pa\u00eds com uma maior frequ\u00eancia que aquela atendida pelas linhas atuais. A empresa far\u00e1 o trajeto da capital amazonense at\u00e9 o Porto de Santos em dez dias, quatro a menos que o servi\u00e7o atual. O Costa Norte Express vai come\u00e7ar a operar a partir de maio.<\/p>\n<p>A empresa j\u00e1 possui um servi\u00e7o de atendimento entre a Zona Franca de Manaus e o Porto de Santos, mas que faz escala no Porto de Suape (PE) antes de atracar no porto paulista. Na nova linha a carga vai direto para Santos. &#8220;A empresa percebeu que existe uma demanda maior do que aquela que atende atualmente&#8221;, disse o diretor-comercial da Log-In, Fabio Siccherino, durante entrevista coletiva em evento em S\u00e3o Paulo.<\/p>\n<p>De acordo com ele, uma boa parcela da produ\u00e7\u00e3o da Zona Franca de Manaus ainda faz o trajeto at\u00e9 S\u00e3o Paulo por caminh\u00e3o. Segundo Siccherino, essa viagem demora cerca de dez dias, o mesmo tempo a ser realizado pelo servi\u00e7o Costa Norte Express. &#8220;A Log-In vai capturar um volume importante que ainda est\u00e1 no modal rodovi\u00e1rio&#8221;, disse.<\/p>\n<p>Depois do Porto de Santos os dois navios de 1.700 TEUs &#8211; unidade equivalente a um cont\u00eainer de 20 p\u00e9s &#8211; far\u00e3o escala em S\u00e3o Francisco do Sul (SC), quando retomam o curso em dire\u00e7\u00e3o ao norte, para Salvador, Suape, Fortaleza, Vila do Conde (PA) e, finalmente, Manaus. Siccherino explicou que os Estados de Santa Catarina e S\u00e3o Paulo t\u00eam grande demanda de carga para transportar para a regi\u00e3o Nordeste do Pa\u00eds.<\/p>\n<p>Fonte: Agencia Estado<\/p>\n","protected":false},"excerpt":{"rendered":"<p>A Log-In vai lan\u00e7ar em maio um novo servi\u00e7o de cabotagem para atender empresas de eletroeletr\u00f4nicos de Manaus que precisam enviar seus produtos ao mercado&#8230;<\/p>\n","protected":false},"author":1182,"featured_media":3530,"comment_status":"closed","ping_status":"closed","sticky":false,"template":"","format":"standard","meta":{"footnotes":""},"categories":[6],"tags":[82,70,474,435,906],"class_list":["post-4690","post","type-post","status-publish","format-standard","has-post-thumbnail","hentry","category-noticias","tag-cabotagem","tag-log-in","tag-manaus","tag-porto-de-santos","tag-servico"],"_links":{"self":[{"href":"https:\/\/www.sincomam.org.br\/index.php\/wp-json\/wp\/v2\/posts\/4690","targetHints":{"allow":["GET"]}}],"collection":[{"href":"https:\/\/www.sincomam.org.br\/index.php\/wp-json\/wp\/v2\/posts"}],"about":[{"href":"https:\/\/www.sincomam.org.br\/index.php\/wp-json\/wp\/v2\/types\/post"}],"author":[{"embeddable":true,"href":"https:\/\/www.sincomam.org.br\/index.php\/wp-json\/wp\/v2\/users\/1182"}],"replies":[{"embeddable":true,"href":"https:\/\/www.sincomam.org.br\/index.php\/wp-json\/wp\/v2\/comments?post=4690"}],"version-history":[{"count":1,"href":"https:\/\/www.sincomam.org.br\/index.php\/wp-json\/wp\/v2\/posts\/4690\/revisions"}],"predecessor-version":[{"id":4691,"href":"https:\/\/www.sincomam.org.br\/index.php\/wp-json\/wp\/v2\/posts\/4690\/revisions\/4691"}],"wp:featuredmedia":[{"embeddable":true,"href":"https:\/\/www.sincomam.org.br\/index.php\/wp-json\/wp\/v2\/media\/3530"}],"wp:attachment":[{"href":"https:\/\/www.sincomam.org.br\/index.php\/wp-json\/wp\/v2\/media?parent=4690"}],"wp:term":[{"taxonomy":"category","embeddable":true,"href":"https:\/\/www.sincomam.org.br\/index.php\/wp-json\/wp\/v2\/categories?post=4690"},{"taxonomy":"post_tag","embeddable":true,"href":"https:\/\/www.sincomam.org.br\/index.php\/wp-json\/wp\/v2\/tags?post=4690"}],"curies":[{"name":"wp","href":"https:\/\/api.w.org\/{rel}","templated":true}]}}