{"id":46887,"date":"2023-08-11T11:02:44","date_gmt":"2023-08-11T14:02:44","guid":{"rendered":"http:\/\/www.sincomam.org.br\/?p=46887"},"modified":"2023-08-11T11:02:44","modified_gmt":"2023-08-11T14:02:44","slug":"stf-inicia-julgamento-de-recurso-sobre-revisao-da-vida-toda-no-inss","status":"publish","type":"post","link":"https:\/\/www.sincomam.org.br\/index.php\/stf-inicia-julgamento-de-recurso-sobre-revisao-da-vida-toda-no-inss\/","title":{"rendered":"STF inicia julgamento de recurso sobre &#8216;revis\u00e3o da vida toda&#8217; no INSS"},"content":{"rendered":"<p>O Supremo Tribunal Federal (STF) come\u00e7ou a julgar, nesta sexta-feira (11), recurso \u00e0 decis\u00e3o sobre a chamada\u00a0&#8220;revis\u00e3o da vida toda&#8221;\u00a0das aposentadorias, em que \u00e9 aberta a possibilidade de aplica\u00e7\u00e3o de uma regra mais vantajosa para segurados no c\u00e1lculo dos benef\u00edcios.<\/p>\n<div id=\"chunk-ftqmp\">\n<div class=\"mc-column content-text active-extra-styles \" data-block-type=\"unstyled\" data-block-weight=\"36\" data-block-id=\"5\">\n<p class=\"content-text__container \" data-track-category=\"Link no Texto\" data-track-links=\"\">A &#8220;revis\u00e3o da vida toda&#8221; no\u00a0INSS\u00a0\u00e9 o rec\u00e1lculo da m\u00e9dia salarial para a aposentadoria considerando todas as remunera\u00e7\u00f5es do trabalhador, mesmo as anteriores a julho de 1994, quando foi implementado o Plano Real.<\/p>\n<\/div>\n<\/div>\n<div id=\"chunk-akdh\">\n<div class=\"mc-column content-text active-extra-styles \" data-block-type=\"unstyled\" data-block-weight=\"27\" data-block-id=\"6\">\n<p class=\"content-text__container \" data-track-category=\"Link no Texto\" data-track-links=\"\">O mecanismo pode, na pr\u00e1tica, mudar os valores dos benef\u00edcios de milhares de aposentados e pensionistas. O caso foi julgado em dezembro do ano passado no STF.<\/p>\n<div id=\"chunk-anhqq\">\n<div class=\"mc-column content-text active-extra-styles \" data-block-type=\"unstyled\" data-block-weight=\"31\" data-block-id=\"8\">\n<p class=\"content-text__container \" data-track-category=\"Link no Texto\" data-track-links=\"\">Relator do caso, o ministro\u00a0Alexandre de Moraes\u00a0votou para atender em parte ao pedido, propondo a chamada modula\u00e7\u00e3o de efeitos, ou seja, fixando como ser\u00e1 a incid\u00eancia da decis\u00e3o.<\/p>\n<\/div>\n<\/div>\n<div id=\"chunk-11qmd\">\n<div class=\"mc-column content-text active-extra-styles \" data-block-type=\"unstyled\" data-block-weight=\"39\" data-block-id=\"9\">\n<p class=\"content-text__container \" data-track-category=\"Link no Texto\" data-track-links=\"\">O ministro prop\u00f4s que o entendimento da Corte sobre a &#8220;revis\u00e3o da vida toda&#8221; n\u00e3o incida sobre benef\u00edcios previdenci\u00e1rios j\u00e1 extintos; parcelas quitadas e j\u00e1 pagas, tendo como base decis\u00f5es judiciais para as quais n\u00e3o cabem mais recursos.<\/p>\n<p class=\"content-text__container \" data-track-category=\"Link no Texto\" data-track-links=\"\"><strong>Hist\u00f3rico<\/strong><\/p>\n<div id=\"chunk-srmg\">\n<div class=\"mc-column content-text active-extra-styles\" data-block-type=\"raw\" data-block-weight=\"1\" data-block-id=\"13\">\n<p>No fim de julho, o relator do caso, ministro Alexandre de Moraes, determinou a suspens\u00e3o de todos os processos nas inst\u00e2ncias inferiores da Justi\u00e7a que discutem o tema. Estes processos dever\u00e3o aguardar uma decis\u00e3o dos ministros neste julgamento.<\/p>\n<\/div>\n<\/div>\n<div id=\"chunk-1nl06\">\n<div class=\"mc-column content-text active-extra-styles \" data-block-type=\"unstyled\" data-block-weight=\"38\" data-block-id=\"14\">\n<div id=\"chunk-8brm2\">\n<div class=\"mc-column content-text active-extra-styles \" data-block-type=\"unstyled\" data-block-weight=\"38\" data-block-id=\"16\">\n<p class=\"content-text__container \" data-track-category=\"Link no Texto\" data-track-links=\"\">Em an\u00e1lise virtual est\u00e1 um recurso do INSS \u00e0 decis\u00e3o do Supremo. O plen\u00e1rio virtual \u00e9 um modelo de delibera\u00e7\u00e3o em que os ministros apresentam seus votos na p\u00e1gina do tribunal, sem sess\u00e3o presencial ou por videoconfer\u00eancia.<\/p>\n<\/div>\n<\/div>\n<div id=\"chunk-hbv2\">\n<div class=\"mc-column content-text active-extra-styles \" data-block-type=\"unstyled\" data-block-weight=\"36\" data-block-id=\"17\">\n<p class=\"content-text__container \" data-track-category=\"Link no Texto\" data-track-links=\"\">O caso estar\u00e1 em delibera\u00e7\u00e3o at\u00e9 as 23h59 do dia 21 de agosto, se n\u00e3o for interrompido por pedido de vista (mais tempo para an\u00e1lise) ou de destaque (que traz o recurso para o plen\u00e1rio presencial).<\/p>\n<\/div>\n<\/div>\n<div id=\"chunk-703rv\">\n<div class=\"mc-column content-text active-extra-styles\" data-block-type=\"raw\" data-block-weight=\"2\" data-block-id=\"18\">\n<p class=\"content-text__container\"><strong>Processos interrompidos<\/strong><\/p>\n<p>Ao suspender o processo, o ministro ressaltou que a medida era prudente para garantir a seguran\u00e7a jur\u00eddica. A decis\u00e3o do ministro atende a um pedido feito pelo INSS em mar\u00e7o deste ano.<\/p>\n<\/div>\n<\/div>\n<div id=\"chunk-82a95\">\n<div class=\"mc-column content-text active-extra-styles \" data-block-type=\"unstyled\" data-block-weight=\"40\" data-block-id=\"20\">\n<p class=\"content-text__container \" data-track-category=\"Link no Texto\" data-track-links=\"\">A institui\u00e7\u00e3o respons\u00e1vel pelos benef\u00edcios de aposentadoria afirmou que a interrup\u00e7\u00e3o era necess\u00e1ria para se definir o n\u00famero de benef\u00edcios a serem analisados, estimar o impacto financeiro, analisar as condi\u00e7\u00f5es para implementar a decis\u00e3o e apresentar um cronograma para isso.<\/p>\n<\/div>\n<\/div>\n<div id=\"chunk-39uls\">\n<div class=\"mc-column content-text active-extra-styles \" data-block-type=\"unstyled\" data-block-weight=\"95\" data-block-id=\"21\">\n<p class=\"content-text__container \" data-track-category=\"Link no Texto\" data-track-links=\"\">&#8220;\u00c9 prudente que seja determinada a suspens\u00e3o dos processos que tramitam nas inst\u00e2ncia de origem at\u00e9 a decis\u00e3o definitiva destes declarat\u00f3rios, haja vista que tramitam nas inst\u00e2ncias inferiores processos versando sobre a mat\u00e9ria analisada no precedente, inclusive com ac\u00f3rd\u00e3o proferido pelos Tribunais Regionais Federais, o que permitir\u00e1 a execu\u00e7\u00e3o provis\u00f3ria dos julgados, at\u00e9 porque alguns tribunais t\u00eam determinado a implanta\u00e7\u00e3o imediata da revis\u00e3o sem aguardar o tr\u00e2nsito em julgado deste precedente. Por outro lado, o relevante impacto social imp\u00f5e que a tese de repercuss\u00e3o geral seja aplicada sob condi\u00e7\u00f5es claras e definidas&#8221;, afirmou o ministro.<\/p>\n<p data-track-category=\"Link no Texto\" data-track-links=\"\">Fonte: G1<\/p>\n<\/div>\n<\/div>\n<\/div>\n<\/div>\n<\/div>\n<\/div>\n<\/div>\n<\/div>\n","protected":false},"excerpt":{"rendered":"<p>O Supremo Tribunal Federal (STF) come\u00e7ou a julgar, nesta sexta-feira (11), recurso \u00e0 decis\u00e3o sobre a chamada\u00a0&#8220;revis\u00e3o da vida toda&#8221;\u00a0das aposentadorias, em que \u00e9 aberta&#8230;<\/p>\n","protected":false},"author":1527,"featured_media":46888,"comment_status":"closed","ping_status":"closed","sticky":false,"template":"","format":"standard","meta":{"footnotes":""},"categories":[6],"tags":[],"class_list":["post-46887","post","type-post","status-publish","format-standard","has-post-thumbnail","hentry","category-noticias"],"_links":{"self":[{"href":"https:\/\/www.sincomam.org.br\/index.php\/wp-json\/wp\/v2\/posts\/46887","targetHints":{"allow":["GET"]}}],"collection":[{"href":"https:\/\/www.sincomam.org.br\/index.php\/wp-json\/wp\/v2\/posts"}],"about":[{"href":"https:\/\/www.sincomam.org.br\/index.php\/wp-json\/wp\/v2\/types\/post"}],"author":[{"embeddable":true,"href":"https:\/\/www.sincomam.org.br\/index.php\/wp-json\/wp\/v2\/users\/1527"}],"replies":[{"embeddable":true,"href":"https:\/\/www.sincomam.org.br\/index.php\/wp-json\/wp\/v2\/comments?post=46887"}],"version-history":[{"count":1,"href":"https:\/\/www.sincomam.org.br\/index.php\/wp-json\/wp\/v2\/posts\/46887\/revisions"}],"predecessor-version":[{"id":46889,"href":"https:\/\/www.sincomam.org.br\/index.php\/wp-json\/wp\/v2\/posts\/46887\/revisions\/46889"}],"wp:featuredmedia":[{"embeddable":true,"href":"https:\/\/www.sincomam.org.br\/index.php\/wp-json\/wp\/v2\/media\/46888"}],"wp:attachment":[{"href":"https:\/\/www.sincomam.org.br\/index.php\/wp-json\/wp\/v2\/media?parent=46887"}],"wp:term":[{"taxonomy":"category","embeddable":true,"href":"https:\/\/www.sincomam.org.br\/index.php\/wp-json\/wp\/v2\/categories?post=46887"},{"taxonomy":"post_tag","embeddable":true,"href":"https:\/\/www.sincomam.org.br\/index.php\/wp-json\/wp\/v2\/tags?post=46887"}],"curies":[{"name":"wp","href":"https:\/\/api.w.org\/{rel}","templated":true}]}}