{"id":46869,"date":"2023-08-11T09:46:38","date_gmt":"2023-08-11T12:46:38","guid":{"rendered":"http:\/\/www.sincomam.org.br\/?p=46869"},"modified":"2023-08-11T09:46:38","modified_gmt":"2023-08-11T12:46:38","slug":"mpor-premia-as-melhores-praticas-de-gestao-dos-portos-brasileiros","status":"publish","type":"post","link":"https:\/\/www.sincomam.org.br\/index.php\/mpor-premia-as-melhores-praticas-de-gestao-dos-portos-brasileiros\/","title":{"rendered":"MPOR premia as melhores pr\u00e1ticas de gest\u00e3o dos portos brasileiros"},"content":{"rendered":"<p>O Minist\u00e9rio de Portos e Aeroportos realizou na quarta-feira (9) a quarta edi\u00e7\u00e3o do pr\u00eamio Portos + Brasil. A premia\u00e7\u00e3o \u00e9 um reconhecimento dos avan\u00e7os conquistados pelos portos organizados e pelos Terminais de Uso Privado (TUPs).<\/p>\n<p>O evento, organizado pela Secretaria Nacional de Portos e Transportes Aquavi\u00e1rios, premiou a Portos do Paran\u00e1 com o principal trof\u00e9u da noite, na categoria \u201cPr\u00eamio IGAP\u201d, resultado da somat\u00f3ria de 15 indicadores do \u00cdndice de Gest\u00e3o da Autoridade Portu\u00e1ria (IGAP), principal balizador da administra\u00e7\u00e3o dos portos p\u00fablicos brasileiros.<\/p>\n<p>Os tr\u00eas primeiros colocados em cada uma das dez categorias do \u201cPortos + Brasil\u201d foram definidos com base na an\u00e1lise de crit\u00e9rios de efici\u00eancia na gest\u00e3o financeira, log\u00edstica e operacional dos terminais. Confira abaixo as categorias e os respectivos premiados.<\/p>\n<div id=\"beacon_8da065354a\"><\/div>\n<p><strong>Ranking IGAP<\/strong><\/p>\n<p>1\u00ba Lugar: Portos do Paran\u00e1<br \/>\n2\u00ba Lugar: Emap \u2013 Empresa Paraense de Administra\u00e7\u00e3o Portu\u00e1ria<br \/>\n3\u00b0 Lugar: Suape \u2013 Complexo Industrial Portu\u00e1rio Governador Eraldo Gueiros<\/p>\n<p><strong>Avan\u00e7o IGAP<\/strong><\/p>\n<p>1\u00ba Lugar: Companhia Docas de S\u00e3o Sebasti\u00e3o<br \/>\n2\u00ba Lugar: SCPAR \u2013 Porto de Imbituba<br \/>\n3\u00b0 Lugar: Companhia Docas de Santana<\/p>\n<p><strong>Execu\u00e7\u00e3o de Investimentos Planejados<\/strong><\/p>\n<p>1\u00ba Lugar: Companhia Docas da Para\u00edba<br \/>\n2\u00ba Lugar: Suape \u2013 Complexo Industrial Portu\u00e1rio Governador Eraldo Gueiros<br \/>\n3\u00b0 Lugar: Porto de Itaja\u00ed<\/p>\n<p><strong>Varia\u00e7\u00e3o do Lucro Operacional \u2013 EBITDA<\/strong><\/p>\n<p>1\u00ba Lugar: Portos do Paran\u00e1<br \/>\n2\u00ba Lugar: Sociedade de Portos e Hidrovias do Estado de Rond\u00f4nia<br \/>\n3\u00b0 Lugar: Companhia Docas do Cear\u00e1<\/p>\n<p><strong>Crescimento da Movimenta\u00e7\u00e3o Total dos Portos P\u00fablicos<\/strong><\/p>\n<p>1\u00ba Lugar: CDP \u2013 Porto de Santar\u00e9m<br \/>\n2\u00ba Lugar: Suape \u2013 Porto de Suape<br \/>\n3\u00b0 Lugar: APS \u2013 Porto de Santos<\/p>\n<p><strong>Crescimento da Movimenta\u00e7\u00e3o Total dos TUPs<\/strong><\/p>\n<p>1\u00ba Lugar: Terminal Vila do Conde<br \/>\n2\u00ba Lugar: Terminal de Gr\u00e3os Ponta da Montanha<br \/>\n3\u00b0 Lugar: Terminal Portu\u00e1rio de Cotegipe<\/p>\n<p><strong>Crescimento da Movimenta\u00e7\u00e3o &#8220;Granel S\u00f3lido&#8221;<\/strong><\/p>\n<p>1\u00ba Lugar: Terminal Vila do Conde<br \/>\n2\u00ba Lugar: Terminal de Gr\u00e3os Ponta da Montanha<br \/>\n3\u00b0 Lugar: Companhia Docas do Par\u00e1 \u2013 Porto de Santar\u00e9m<\/p>\n<p><strong>Crescimento da Movimenta\u00e7\u00e3o &#8220;Granel L\u00edquido&#8221;<\/strong><\/p>\n<p>1\u00ba Lugar: Suape \u2013 Porto de Suape<br \/>\n2\u00ba Lugar: Terminal Aquavi\u00e1rio de Madre de Deus<br \/>\n3\u00b0 Lugar: Cattalini Terminais Mar\u00edtimos<\/p>\n<p><strong>Crescimento da Movimenta\u00e7\u00e3o \u201cCarga Geral\u201d<\/strong><\/p>\n<p>1\u00ba Lugar: APS \u2013 Porto de Santos<br \/>\n2\u00ba Lugar: Portos do Paran\u00e1 \u2013 Porto de Paranagu\u00e1<br \/>\n3\u00b0 Lugar: DP World Santos<\/p>\n<p><strong>Crescimento da Movimenta\u00e7\u00e3o &#8220;Cont\u00eaineres&#8221;<\/strong><\/p>\n<p>1\u00ba Lugar: PortosRio \u2013 Porto do Rio de Janeiro<br \/>\n2\u00ba Lugar: Porto de Itapo\u00e1<br \/>\n3\u00b0 Lugar: DP World Santos<\/p>\n<p>Fonte: Portos e Navios<\/p>\n","protected":false},"excerpt":{"rendered":"<p>O Minist\u00e9rio de Portos e Aeroportos realizou na quarta-feira (9) a quarta edi\u00e7\u00e3o do pr\u00eamio Portos + Brasil. A premia\u00e7\u00e3o \u00e9 um reconhecimento dos avan\u00e7os&#8230;<\/p>\n","protected":false},"author":1527,"featured_media":46870,"comment_status":"closed","ping_status":"closed","sticky":false,"template":"","format":"standard","meta":{"footnotes":""},"categories":[6],"tags":[],"class_list":["post-46869","post","type-post","status-publish","format-standard","has-post-thumbnail","hentry","category-noticias"],"_links":{"self":[{"href":"https:\/\/www.sincomam.org.br\/index.php\/wp-json\/wp\/v2\/posts\/46869","targetHints":{"allow":["GET"]}}],"collection":[{"href":"https:\/\/www.sincomam.org.br\/index.php\/wp-json\/wp\/v2\/posts"}],"about":[{"href":"https:\/\/www.sincomam.org.br\/index.php\/wp-json\/wp\/v2\/types\/post"}],"author":[{"embeddable":true,"href":"https:\/\/www.sincomam.org.br\/index.php\/wp-json\/wp\/v2\/users\/1527"}],"replies":[{"embeddable":true,"href":"https:\/\/www.sincomam.org.br\/index.php\/wp-json\/wp\/v2\/comments?post=46869"}],"version-history":[{"count":1,"href":"https:\/\/www.sincomam.org.br\/index.php\/wp-json\/wp\/v2\/posts\/46869\/revisions"}],"predecessor-version":[{"id":46871,"href":"https:\/\/www.sincomam.org.br\/index.php\/wp-json\/wp\/v2\/posts\/46869\/revisions\/46871"}],"wp:featuredmedia":[{"embeddable":true,"href":"https:\/\/www.sincomam.org.br\/index.php\/wp-json\/wp\/v2\/media\/46870"}],"wp:attachment":[{"href":"https:\/\/www.sincomam.org.br\/index.php\/wp-json\/wp\/v2\/media?parent=46869"}],"wp:term":[{"taxonomy":"category","embeddable":true,"href":"https:\/\/www.sincomam.org.br\/index.php\/wp-json\/wp\/v2\/categories?post=46869"},{"taxonomy":"post_tag","embeddable":true,"href":"https:\/\/www.sincomam.org.br\/index.php\/wp-json\/wp\/v2\/tags?post=46869"}],"curies":[{"name":"wp","href":"https:\/\/api.w.org\/{rel}","templated":true}]}}