{"id":46851,"date":"2023-08-10T02:06:53","date_gmt":"2023-08-10T05:06:53","guid":{"rendered":"http:\/\/www.sincomam.org.br\/?p=46851"},"modified":"2023-08-10T02:06:53","modified_gmt":"2023-08-10T05:06:53","slug":"canal-do-panama-se-prepara-para-enfrentar-desafios","status":"publish","type":"post","link":"https:\/\/www.sincomam.org.br\/index.php\/canal-do-panama-se-prepara-para-enfrentar-desafios\/","title":{"rendered":"Canal do Panam\u00e1 se prepara para enfrentar desafios"},"content":{"rendered":"<p>Em meio aos desafios atuais, o Canal do Panam\u00e1 est\u00e1 adotando medidas proativas para garantir sua competitividade e capacidade operacional para o futuro. O principal desses desafios \u00e9 a quest\u00e3o cr\u00edtica da disponibilidade de \u00e1gua doce tanto para o consumo da popula\u00e7\u00e3o quanto para o tr\u00e2nsito das embarca\u00e7\u00f5es.<\/p>\n<p>Durante uma recente apresenta\u00e7\u00e3o \u00e0 m\u00eddia local e internacional, o administrador do Canal do Panam\u00e1, Ricaurte V\u00e1squez Morales, destacou os esfor\u00e7os cont\u00ednuos dos especialistas do canal para gerenciar a intrus\u00e3o de \u00e1gua salgada no reservat\u00f3rio de Gat\u00fan, uma fonte de \u00e1gua crucial para mais de 50% da popula\u00e7\u00e3o do pa\u00eds. Esta situa\u00e7\u00e3o foi agravada por uma esta\u00e7\u00e3o seca prolongada, levando a uma escassez de chuvas.<\/p>\n<p>Em resposta aos padr\u00f5es clim\u00e1ticos imprevis\u00edveis e \u00e0 necessidade de garantir um servi\u00e7o confi\u00e1vel e sustent\u00e1vel, o Canal do Panam\u00e1 manter\u00e1 um calado de 44 p\u00e9s ou 13,41 metros nos pr\u00f3ximos meses. Esta medida ser\u00e1 mantida, a menos que ocorram mudan\u00e7as significativas nas condi\u00e7\u00f5es clim\u00e1ticas das proje\u00e7\u00f5es atuais. Com isso, o Canal permitir\u00e1 o tr\u00e2nsito de uma m\u00e9dia de 32 embarca\u00e7\u00f5es por dia neste per\u00edodo.<\/p>\n<div id=\"beacon_347d1a50aa\"><\/div>\n<p>Este ajuste de calado \u00e9 essencial porque as mudan\u00e7as nos padr\u00f5es de precipita\u00e7\u00e3o devem afetar a disponibilidade de \u00e1gua no Panam\u00e1, refletindo um fen\u00f4meno global e com a possibilidade iminente de uma condi\u00e7\u00e3o de El Ni\u00f1o antes do final do ano.<\/p>\n<p>O Canal est\u00e1 investindo significativamente no aprimoramento de suas capacidades tecnol\u00f3gicas. O administrador V\u00e1squez enfatizou a import\u00e2ncia de integrar vastos dados hidrometeorol\u00f3gicos e analis\u00e1-los em larga escala. Espera-se que essa abordagem baseada em dados aumente a efici\u00eancia e a competitividade da hidrovia.<\/p>\n<p>Al\u00e9m disso, os recursos humanos s\u00e3o um aspecto crucial dos planos futuros do Canal. Com cerca de 2.000 funcion\u00e1rios se aproximando da aposentadoria, esfor\u00e7os est\u00e3o em andamento para recrutar e treinar indiv\u00edduos com novas habilidades para atender \u00e0s crescentes necessidades do setor.<\/p>\n<p>Fonte: Defesa em Foco<\/p>\n","protected":false},"excerpt":{"rendered":"<p>Em meio aos desafios atuais, o Canal do Panam\u00e1 est\u00e1 adotando medidas proativas para garantir sua competitividade e capacidade operacional para o futuro. O principal&#8230;<\/p>\n","protected":false},"author":1527,"featured_media":46852,"comment_status":"closed","ping_status":"closed","sticky":false,"template":"","format":"standard","meta":{"footnotes":""},"categories":[6],"tags":[],"class_list":["post-46851","post","type-post","status-publish","format-standard","has-post-thumbnail","hentry","category-noticias"],"_links":{"self":[{"href":"https:\/\/www.sincomam.org.br\/index.php\/wp-json\/wp\/v2\/posts\/46851","targetHints":{"allow":["GET"]}}],"collection":[{"href":"https:\/\/www.sincomam.org.br\/index.php\/wp-json\/wp\/v2\/posts"}],"about":[{"href":"https:\/\/www.sincomam.org.br\/index.php\/wp-json\/wp\/v2\/types\/post"}],"author":[{"embeddable":true,"href":"https:\/\/www.sincomam.org.br\/index.php\/wp-json\/wp\/v2\/users\/1527"}],"replies":[{"embeddable":true,"href":"https:\/\/www.sincomam.org.br\/index.php\/wp-json\/wp\/v2\/comments?post=46851"}],"version-history":[{"count":1,"href":"https:\/\/www.sincomam.org.br\/index.php\/wp-json\/wp\/v2\/posts\/46851\/revisions"}],"predecessor-version":[{"id":46853,"href":"https:\/\/www.sincomam.org.br\/index.php\/wp-json\/wp\/v2\/posts\/46851\/revisions\/46853"}],"wp:featuredmedia":[{"embeddable":true,"href":"https:\/\/www.sincomam.org.br\/index.php\/wp-json\/wp\/v2\/media\/46852"}],"wp:attachment":[{"href":"https:\/\/www.sincomam.org.br\/index.php\/wp-json\/wp\/v2\/media?parent=46851"}],"wp:term":[{"taxonomy":"category","embeddable":true,"href":"https:\/\/www.sincomam.org.br\/index.php\/wp-json\/wp\/v2\/categories?post=46851"},{"taxonomy":"post_tag","embeddable":true,"href":"https:\/\/www.sincomam.org.br\/index.php\/wp-json\/wp\/v2\/tags?post=46851"}],"curies":[{"name":"wp","href":"https:\/\/api.w.org\/{rel}","templated":true}]}}