{"id":4684,"date":"2014-04-03T09:12:50","date_gmt":"2014-04-03T12:12:50","guid":{"rendered":"http:\/\/www.sincomam.org.br\/?p=4684"},"modified":"2014-04-03T10:20:30","modified_gmt":"2014-04-03T13:20:30","slug":"dilma-quer-galeao-tao-bom-quanto-aeroporto-de-cingapura","status":"publish","type":"post","link":"https:\/\/www.sincomam.org.br\/index.php\/dilma-quer-galeao-tao-bom-quanto-aeroporto-de-cingapura\/","title":{"rendered":"Dilma quer Gale\u00e3o t\u00e3o bom quanto aeroporto de Cingapura"},"content":{"rendered":"<p>A presidente Dilma Rousseff participou nesta quarta-feira, 2, da assinatura do contrato de concess\u00e3o do Aeroporto do Gale\u00e3o, no Rio. O cons\u00f3rcio formado pelas empresas Odebrecht Transport e Changi Airports venceu o leil\u00e3o disputado em novembro do ano passado, com uma oferta de R$ 19 bilh\u00f5es pelo terminal.<\/p>\n<p>A presidente tamb\u00e9m cobrou a futura concession\u00e1ria do terminal para que o Gale\u00e3o &#8220;seja t\u00e3o bom quanto o aeroporto de Cingapura&#8221;, operado pela Changi e eleito na \u00faltima semana o melhor do mundo. De acordo com Dilma Rousseff, a concess\u00e3o \u00e9 um reflexo da necessidade de melhoria nos servi\u00e7os do aeroporto, em fun\u00e7\u00e3o da maior inclus\u00e3o de passageiros. &#8220;Hoje, a avia\u00e7\u00e3o \u00e9 um transporte de massa e n\u00e3o de uma camada de privilegiados&#8221;, destacou.<\/p>\n<p><b>Cronograma<\/b><\/p>\n<p>Nos primeiros tr\u00eas meses, incluindo o per\u00edodo da Copa do Mundo, o aeroporto continuar\u00e1 a ser operado pela Infraero, em fase de transi\u00e7\u00e3o. O consorcio apresentar\u00e1 seus planos de investimentos em a\u00e7\u00f5es imediatas, sujeitos a aprova\u00e7\u00e3o da Ag\u00eancia Nacional de Avia\u00e7\u00e3o Civil (Anac). As primeiras altera\u00e7\u00f5es previstas s\u00e3o referentes \u00e0 sinaliza\u00e7\u00e3o do terminal e manuten\u00e7\u00e3o dos equipamentos de escadas rolantes e elevadores. As empresas administrar\u00e3o o aeroporto por 25 anos.<\/p>\n<p>Em agosto, a opera\u00e7\u00e3o passar\u00e1 a ser feita pela concession\u00e1ria, ainda sob a supervis\u00e3o da Infraero. Somente em dezembro o terminal ser\u00e1 totalmente operado pela administra\u00e7\u00e3o privada. At\u00e9 2016, est\u00e3o previstos investimentos de reforma e amplia\u00e7\u00e3o de pistas, estacionamentos, pontes de embarque e terminal de passageiros.<\/p>\n<p>Na pr\u00f3xima segunda-feira, dia 7, ser\u00e1 assinado o contrato da concess\u00e3o do aeroporto de Confins, na regi\u00e3o metropolitana de Belo Horizonte. O cons\u00f3rcio vencedor pagou aproximdamente R$ 1,2 bilh\u00e3o pelo terminal. O grupo \u00e9 formado pela empresa CCR em associa\u00e7\u00e3o com as operadoras do terminal de Munique, na Alemanha, e Zurique, na Su\u00ed\u00e7a.<\/p>\n<p>Fonte: Yahoo! Finan\u00e7as \/ Foto:\u00a0Aeroporto Internacional do Gale\u00e3o Antonio Carlos no Rio de Janeiro<\/p>\n","protected":false},"excerpt":{"rendered":"<p>A presidente Dilma Rousseff participou nesta quarta-feira, 2, da assinatura do contrato de concess\u00e3o do Aeroporto do Gale\u00e3o, no Rio. O cons\u00f3rcio formado pelas empresas&#8230;<\/p>\n","protected":false},"author":1182,"featured_media":4685,"comment_status":"closed","ping_status":"closed","sticky":false,"template":"","format":"standard","meta":{"footnotes":""},"categories":[6],"tags":[903,905,902,904,188],"class_list":["post-4684","post","type-post","status-publish","format-standard","has-post-thumbnail","hentry","category-noticias","tag-aeroporto","tag-cingapura","tag-dilma-roussef","tag-galeao","tag-reforma"],"_links":{"self":[{"href":"https:\/\/www.sincomam.org.br\/index.php\/wp-json\/wp\/v2\/posts\/4684","targetHints":{"allow":["GET"]}}],"collection":[{"href":"https:\/\/www.sincomam.org.br\/index.php\/wp-json\/wp\/v2\/posts"}],"about":[{"href":"https:\/\/www.sincomam.org.br\/index.php\/wp-json\/wp\/v2\/types\/post"}],"author":[{"embeddable":true,"href":"https:\/\/www.sincomam.org.br\/index.php\/wp-json\/wp\/v2\/users\/1182"}],"replies":[{"embeddable":true,"href":"https:\/\/www.sincomam.org.br\/index.php\/wp-json\/wp\/v2\/comments?post=4684"}],"version-history":[{"count":1,"href":"https:\/\/www.sincomam.org.br\/index.php\/wp-json\/wp\/v2\/posts\/4684\/revisions"}],"predecessor-version":[{"id":4686,"href":"https:\/\/www.sincomam.org.br\/index.php\/wp-json\/wp\/v2\/posts\/4684\/revisions\/4686"}],"wp:featuredmedia":[{"embeddable":true,"href":"https:\/\/www.sincomam.org.br\/index.php\/wp-json\/wp\/v2\/media\/4685"}],"wp:attachment":[{"href":"https:\/\/www.sincomam.org.br\/index.php\/wp-json\/wp\/v2\/media?parent=4684"}],"wp:term":[{"taxonomy":"category","embeddable":true,"href":"https:\/\/www.sincomam.org.br\/index.php\/wp-json\/wp\/v2\/categories?post=4684"},{"taxonomy":"post_tag","embeddable":true,"href":"https:\/\/www.sincomam.org.br\/index.php\/wp-json\/wp\/v2\/tags?post=4684"}],"curies":[{"name":"wp","href":"https:\/\/api.w.org\/{rel}","templated":true}]}}