{"id":46835,"date":"2023-08-09T00:30:17","date_gmt":"2023-08-09T03:30:17","guid":{"rendered":"http:\/\/www.sincomam.org.br\/?p=46835"},"modified":"2023-08-09T00:30:17","modified_gmt":"2023-08-09T03:30:17","slug":"navios-da-marinha-partem-para-operacao-com-a-armada-argentina","status":"publish","type":"post","link":"https:\/\/www.sincomam.org.br\/index.php\/navios-da-marinha-partem-para-operacao-com-a-armada-argentina\/","title":{"rendered":"Navios da Marinha partem para opera\u00e7\u00e3o com a Armada Argentina"},"content":{"rendered":"<div class=\"rtejustify\">As Fragatas \u201cIndepend\u00eancia\u201d e \u201cUni\u00e3o\u201d partiram hoje (08), da Base Naval do Rio de Janeiro, rumo ao porto de Mar del Plata (Argentina). Elas compor\u00e3o o Grupo-Tarefa (GT) brasileiro que participar\u00e1 da Opera\u00e7\u00e3o \u201cFraterno XXXVI\u201d, que acontece at\u00e9 30 de agosto, com o prop\u00f3sito de aumentar a interoperabilidade e refor\u00e7ar os la\u00e7os de coopera\u00e7\u00e3o e amizade entre as Marinhas do Brasil e da Argentina.<\/div>\n<div class=\"rtejustify\"><\/div>\n<div class=\"rtejustify\">O Submarino \u201cTikuna\u201d, que deixou o Rio de Janeiro em 1\u00ba de agosto, se juntar\u00e1 ao GT que inclui, ainda, duas aeronaves embarcadas nas fragatas, sendo uma AH-11B <em>Wild Lynx<\/em> e uma UH-12 Esquilo. Duas aeronaves de intercepta\u00e7\u00e3o e ataque AF-1 <em>Skyhawk<\/em> tamb\u00e9m participar\u00e3o das a\u00e7\u00f5es, operando a partir da Base A\u00e9rea de Florian\u00f3polis.<\/div>\n<div class=\"rtejustify\"><\/div>\n<div class=\"rtejustify\">A \u201cFraterno XXXVI\u201d prev\u00ea a execu\u00e7\u00e3o de exerc\u00edcios entre os navios e aeronaves participantes, tais como: navega\u00e7\u00e3o em baixa visibilidade; tr\u00e2nsito sob amea\u00e7a a\u00e9rea e de superf\u00edcie; opera\u00e7\u00f5es com submarino; <em>Leap Frog<\/em>, quando \u00e9 treinada a manobra de aproxima\u00e7\u00e3o e a manuten\u00e7\u00e3o da posi\u00e7\u00e3o relativa dos navios; <em>Light-line<\/em>, quando \u00e9 exercitada a manuten\u00e7\u00e3o da dist\u00e2ncia entre dois navios, por interm\u00e9dio de cabo de dist\u00e2ncia; transfer\u00eancia de carga leve no mar; opera\u00e7\u00f5es a\u00e9reas; tiro de superf\u00edcie; tiro antia\u00e9reo sob granada iluminativa; entre outros treinamentos, dentro de um cen\u00e1rio que se aproxime de uma situa\u00e7\u00e3o real de emprego do Poder Naval.<\/div>\n<div class=\"rtejustify\"><\/div>\n<div class=\"rtejustify\">Al\u00e9m de propiciar a manuten\u00e7\u00e3o das capacidades e n\u00edveis de prontid\u00e3o e adestramento da Esquadra brasileira, a Opera\u00e7\u00e3o \u201cFraterno\u201d contribui para o fortalecimento da Zona de Paz e Coopera\u00e7\u00e3o do Atl\u00e2ntico Sul (ZOPACAS), f\u00f3rum integrado por Brasil e Argentina, entre outros pa\u00edses, que tem o intuito de promover a coopera\u00e7\u00e3o regional e a manuten\u00e7\u00e3o da paz e da seguran\u00e7a na regi\u00e3o.<\/div>\n<div class=\"rtejustify\"><\/div>\n<div class=\"rtejustify\">O GT brasileiro da Opera\u00e7\u00e3o \u201cFraterno\u201d, comandado pelo Contra-Almirante Nelson de Oliveira Leite, Comandante da 1\u00aa Divis\u00e3o da Esquadra, conta com a participa\u00e7\u00e3o de 573 militares e visitar\u00e1 os portos de Rio Grande (RS), Itaja\u00ed (SC) e Mar del Plata.<\/div>\n<p>Fonte: Ag\u00eancia Marinha de Not\u00edcias<\/p>\n","protected":false},"excerpt":{"rendered":"<p>As Fragatas \u201cIndepend\u00eancia\u201d e \u201cUni\u00e3o\u201d partiram hoje (08), da Base Naval do Rio de Janeiro, rumo ao porto de Mar del Plata (Argentina). Elas compor\u00e3o&#8230;<\/p>\n","protected":false},"author":1527,"featured_media":46836,"comment_status":"closed","ping_status":"closed","sticky":false,"template":"","format":"standard","meta":{"footnotes":""},"categories":[6],"tags":[],"class_list":["post-46835","post","type-post","status-publish","format-standard","has-post-thumbnail","hentry","category-noticias"],"_links":{"self":[{"href":"https:\/\/www.sincomam.org.br\/index.php\/wp-json\/wp\/v2\/posts\/46835","targetHints":{"allow":["GET"]}}],"collection":[{"href":"https:\/\/www.sincomam.org.br\/index.php\/wp-json\/wp\/v2\/posts"}],"about":[{"href":"https:\/\/www.sincomam.org.br\/index.php\/wp-json\/wp\/v2\/types\/post"}],"author":[{"embeddable":true,"href":"https:\/\/www.sincomam.org.br\/index.php\/wp-json\/wp\/v2\/users\/1527"}],"replies":[{"embeddable":true,"href":"https:\/\/www.sincomam.org.br\/index.php\/wp-json\/wp\/v2\/comments?post=46835"}],"version-history":[{"count":1,"href":"https:\/\/www.sincomam.org.br\/index.php\/wp-json\/wp\/v2\/posts\/46835\/revisions"}],"predecessor-version":[{"id":46837,"href":"https:\/\/www.sincomam.org.br\/index.php\/wp-json\/wp\/v2\/posts\/46835\/revisions\/46837"}],"wp:featuredmedia":[{"embeddable":true,"href":"https:\/\/www.sincomam.org.br\/index.php\/wp-json\/wp\/v2\/media\/46836"}],"wp:attachment":[{"href":"https:\/\/www.sincomam.org.br\/index.php\/wp-json\/wp\/v2\/media?parent=46835"}],"wp:term":[{"taxonomy":"category","embeddable":true,"href":"https:\/\/www.sincomam.org.br\/index.php\/wp-json\/wp\/v2\/categories?post=46835"},{"taxonomy":"post_tag","embeddable":true,"href":"https:\/\/www.sincomam.org.br\/index.php\/wp-json\/wp\/v2\/tags?post=46835"}],"curies":[{"name":"wp","href":"https:\/\/api.w.org\/{rel}","templated":true}]}}