{"id":46832,"date":"2023-08-09T00:28:59","date_gmt":"2023-08-09T03:28:59","guid":{"rendered":"http:\/\/www.sincomam.org.br\/?p=46832"},"modified":"2023-08-09T00:28:59","modified_gmt":"2023-08-09T03:28:59","slug":"associacao-de-armadores-panamenhos-se-junta-ao-ics","status":"publish","type":"post","link":"https:\/\/www.sincomam.org.br\/index.php\/associacao-de-armadores-panamenhos-se-junta-ao-ics\/","title":{"rendered":"Associa\u00e7\u00e3o de Armadores Panamenhos se junta ao ICS"},"content":{"rendered":"<div class=\"entry-header\">\n<p>A Associa\u00e7\u00e3o de Armadores Panamenhos (ARPA) tornou-se membro associado da C\u00e2mara Internacional de Navega\u00e7\u00e3o (ICS). Lan\u00e7ado em 2020, o ARPA foi criado por armadores e operadores de embarca\u00e7\u00f5es para fortalecer a ind\u00fastria naval do Panam\u00e1.<\/p>\n<p>Esta ades\u00e3o ir\u00e1 construir as rela\u00e7\u00f5es em todo o setor mar\u00edtimo, \u00e0 medida que a ind\u00fastria continua a trabalhar em conjunto para encontrar solu\u00e7\u00f5es para quest\u00f5es coletivas, incluindo pirataria, bem-estar e treinamento dos mar\u00edtimos, digitaliza\u00e7\u00e3o, automa\u00e7\u00e3o e descarboniza\u00e7\u00e3o.<\/p>\n<p>O ICS disse que tem um relacionamento de longo prazo com a Autoridade do Canal do Panam\u00e1 (ACP), estabelecendo contatos regulares com o ACP para comunicar a posi\u00e7\u00e3o consensual da ind\u00fastria naval global e garantir que os interesses da navega\u00e7\u00e3o sejam devidamente tratados em \u00e1reas pol\u00edticas relacionadas a canais de navega\u00e7\u00e3o.<\/p>\n<div id=\"beacon_266c4fc8bc\"><\/div>\n<p>Na COP27 de novembro passado, o governo do Panam\u00e1 aderiu \u00e0 iniciativa Clean Energy Marine Hubs. A iniciativa foi formalmente lan\u00e7ada em 20 de julho de 2023 na 14\u00aa Reuni\u00e3o Ministerial de Energia Limpa em Goa. Co-liderada por uma for\u00e7a-tarefa de CEOs, a iniciativa \u00e9 uma iniciativa p\u00fablico-privada intersetorial com o objetivo de acelerar a produ\u00e7\u00e3o, exporta\u00e7\u00e3o e importa\u00e7\u00e3o de combust\u00edveis de baixo carbono em todo o mundo.<\/p>\n<p>Fonte: Portos e Navios<\/p>\n<div class=\"addtoany_container\"><\/div>\n<\/div>\n<div class=\"article-info-area\">\n<div class=\"article-info-wrapper\"><\/div>\n<\/div>\n","protected":false},"excerpt":{"rendered":"<p>A Associa\u00e7\u00e3o de Armadores Panamenhos (ARPA) tornou-se membro associado da C\u00e2mara Internacional de Navega\u00e7\u00e3o (ICS). Lan\u00e7ado em 2020, o ARPA foi criado por armadores e&#8230;<\/p>\n","protected":false},"author":1527,"featured_media":46833,"comment_status":"closed","ping_status":"closed","sticky":false,"template":"","format":"standard","meta":{"footnotes":""},"categories":[6],"tags":[],"class_list":["post-46832","post","type-post","status-publish","format-standard","has-post-thumbnail","hentry","category-noticias"],"_links":{"self":[{"href":"https:\/\/www.sincomam.org.br\/index.php\/wp-json\/wp\/v2\/posts\/46832","targetHints":{"allow":["GET"]}}],"collection":[{"href":"https:\/\/www.sincomam.org.br\/index.php\/wp-json\/wp\/v2\/posts"}],"about":[{"href":"https:\/\/www.sincomam.org.br\/index.php\/wp-json\/wp\/v2\/types\/post"}],"author":[{"embeddable":true,"href":"https:\/\/www.sincomam.org.br\/index.php\/wp-json\/wp\/v2\/users\/1527"}],"replies":[{"embeddable":true,"href":"https:\/\/www.sincomam.org.br\/index.php\/wp-json\/wp\/v2\/comments?post=46832"}],"version-history":[{"count":1,"href":"https:\/\/www.sincomam.org.br\/index.php\/wp-json\/wp\/v2\/posts\/46832\/revisions"}],"predecessor-version":[{"id":46834,"href":"https:\/\/www.sincomam.org.br\/index.php\/wp-json\/wp\/v2\/posts\/46832\/revisions\/46834"}],"wp:featuredmedia":[{"embeddable":true,"href":"https:\/\/www.sincomam.org.br\/index.php\/wp-json\/wp\/v2\/media\/46833"}],"wp:attachment":[{"href":"https:\/\/www.sincomam.org.br\/index.php\/wp-json\/wp\/v2\/media?parent=46832"}],"wp:term":[{"taxonomy":"category","embeddable":true,"href":"https:\/\/www.sincomam.org.br\/index.php\/wp-json\/wp\/v2\/categories?post=46832"},{"taxonomy":"post_tag","embeddable":true,"href":"https:\/\/www.sincomam.org.br\/index.php\/wp-json\/wp\/v2\/tags?post=46832"}],"curies":[{"name":"wp","href":"https:\/\/api.w.org\/{rel}","templated":true}]}}