{"id":46822,"date":"2023-08-08T08:15:41","date_gmt":"2023-08-08T11:15:41","guid":{"rendered":"http:\/\/www.sincomam.org.br\/?p=46822"},"modified":"2023-08-08T08:15:41","modified_gmt":"2023-08-08T11:15:41","slug":"cupula-da-amazonia-comeca-nesta-terca-feira","status":"publish","type":"post","link":"https:\/\/www.sincomam.org.br\/index.php\/cupula-da-amazonia-comeca-nesta-terca-feira\/","title":{"rendered":"C\u00fapula da Amaz\u00f4nia come\u00e7a nesta ter\u00e7a-feira"},"content":{"rendered":"<p>Come\u00e7a nesta ter\u00e7a-feira (8) a C\u00fapula da Amaz\u00f4nia, evento que reunir\u00e1 chefes de Estado de pa\u00edses amaz\u00f4nicos para discutir iniciativas para o desenvolvimento sustent\u00e1vel na regi\u00e3o. Al\u00e9m do presidente Luiz In\u00e1cio Lula da Silva, a cidade de Bel\u00e9m receber\u00e1 os presidentes da\u00a0Bol\u00edvia, Col\u00f4mbia, Guiana, do\u00a0Peru e da Venezuela. Equador e Suriname, por quest\u00f5es internas dos dois pa\u00edses, enviar\u00e3o representantes.<img decoding=\"async\" src=\"https:\/\/agenciabrasil.ebc.com.br\/ebc.png?id=1547797&amp;o=node\" \/><img decoding=\"async\" src=\"https:\/\/agenciabrasil.ebc.com.br\/ebc.gif?id=1547797&amp;o=node\" \/><\/p>\n<p>Um dos objetivos da C\u00fapula da Amaz\u00f4nia, que terminar\u00e1\u00a0na quarta-feira (9), \u00e9 fortalecer a Organiza\u00e7\u00e3o do Tratado de Coopera\u00e7\u00e3o Amaz\u00f4nica (OTCA), organiza\u00e7\u00e3o internacional sediada em Bras\u00edlia.<\/p>\n<p>A c\u00fapula tem in\u00edcio ap\u00f3s a realiza\u00e7\u00e3o dos Di\u00e1logos Amaz\u00f4nicos, evento que reuniu representantes de entidades, movimentos sociais, academia, centros de pesquisa e ag\u00eancias governamentais do Brasil e demais pa\u00edses amaz\u00f4nicos com o objetivo de formular sugest\u00f5es para a reconstru\u00e7\u00e3o de pol\u00edticas p\u00fablicas sustent\u00e1veis para a regi\u00e3o. O resultado desses debates ser\u00e1 apresentado na forma de propostas aos chefes de Estado durante a c\u00fapula.<\/p>\n<p>A ideia \u00e9 que os pa\u00edses acolham algumas das propostas recebidas no encontro. Mas cada um\u00a0tem autonomia para acolher as sugest\u00f5es que entender melhor para si. No caso do Brasil, o governo j\u00e1 anunciou que criar\u00e1 condi\u00e7\u00f5es para a sociedade civil acompanhar o andamento das pol\u00edticas p\u00fablicas que forem adotadas.<\/p>\n<p>O ministro da Secretaria-Geral da Presid\u00eancia da Rep\u00fablica, M\u00e1rcio Mac\u00eado, disse que h\u00e1, por parte do governo brasileiro, interesse pol\u00edtico em criar mecanismos que, com transpar\u00eancia, permitam o acompanhamento, por parte da sociedade civil organizada, da implementa\u00e7\u00e3o das propostas, bem como para eventuais atualiza\u00e7\u00f5es que se fa\u00e7am necess\u00e1rias.<\/p>\n<p>\u201cO acompanhamento do conjunto de propostas do Di\u00e1logos Amaz\u00f4nicos, no \u00e2mbito do Brasil, ser\u00e1 feito pela Secretaria-Geral da Presid\u00eancia da Rep\u00fablica, mas tem tamb\u00e9m v\u00e1rios instrumentos. Por exemplo, o PPA [Plano Plurianual] que est\u00e1 sendo constru\u00eddo. Tem propostas daqui que podem ser incorporadas ao PPA\u201d, afirmou o ministro das Rela\u00e7\u00f5es Institucionais, Alexandre Padilha, durante os eventos dos Di\u00e1logos Amaz\u00f4nicos.<\/p>\n<p>Fonte: Ag\u00eancia Brasil<\/p>\n","protected":false},"excerpt":{"rendered":"<p>Come\u00e7a nesta ter\u00e7a-feira (8) a C\u00fapula da Amaz\u00f4nia, evento que reunir\u00e1 chefes de Estado de pa\u00edses amaz\u00f4nicos para discutir iniciativas para o desenvolvimento sustent\u00e1vel na&#8230;<\/p>\n","protected":false},"author":1527,"featured_media":46823,"comment_status":"closed","ping_status":"closed","sticky":false,"template":"","format":"standard","meta":{"footnotes":""},"categories":[6],"tags":[],"class_list":["post-46822","post","type-post","status-publish","format-standard","has-post-thumbnail","hentry","category-noticias"],"_links":{"self":[{"href":"https:\/\/www.sincomam.org.br\/index.php\/wp-json\/wp\/v2\/posts\/46822","targetHints":{"allow":["GET"]}}],"collection":[{"href":"https:\/\/www.sincomam.org.br\/index.php\/wp-json\/wp\/v2\/posts"}],"about":[{"href":"https:\/\/www.sincomam.org.br\/index.php\/wp-json\/wp\/v2\/types\/post"}],"author":[{"embeddable":true,"href":"https:\/\/www.sincomam.org.br\/index.php\/wp-json\/wp\/v2\/users\/1527"}],"replies":[{"embeddable":true,"href":"https:\/\/www.sincomam.org.br\/index.php\/wp-json\/wp\/v2\/comments?post=46822"}],"version-history":[{"count":1,"href":"https:\/\/www.sincomam.org.br\/index.php\/wp-json\/wp\/v2\/posts\/46822\/revisions"}],"predecessor-version":[{"id":46824,"href":"https:\/\/www.sincomam.org.br\/index.php\/wp-json\/wp\/v2\/posts\/46822\/revisions\/46824"}],"wp:featuredmedia":[{"embeddable":true,"href":"https:\/\/www.sincomam.org.br\/index.php\/wp-json\/wp\/v2\/media\/46823"}],"wp:attachment":[{"href":"https:\/\/www.sincomam.org.br\/index.php\/wp-json\/wp\/v2\/media?parent=46822"}],"wp:term":[{"taxonomy":"category","embeddable":true,"href":"https:\/\/www.sincomam.org.br\/index.php\/wp-json\/wp\/v2\/categories?post=46822"},{"taxonomy":"post_tag","embeddable":true,"href":"https:\/\/www.sincomam.org.br\/index.php\/wp-json\/wp\/v2\/tags?post=46822"}],"curies":[{"name":"wp","href":"https:\/\/api.w.org\/{rel}","templated":true}]}}