{"id":46816,"date":"2023-08-08T08:12:40","date_gmt":"2023-08-08T11:12:40","guid":{"rendered":"http:\/\/www.sincomam.org.br\/?p=46816"},"modified":"2023-08-08T08:12:40","modified_gmt":"2023-08-08T11:12:40","slug":"marinha-do-brasil-vai-produzir-lanchas-para-atendimento-a-projeto-social-no-arquipelago-do-marajo","status":"publish","type":"post","link":"https:\/\/www.sincomam.org.br\/index.php\/marinha-do-brasil-vai-produzir-lanchas-para-atendimento-a-projeto-social-no-arquipelago-do-marajo\/","title":{"rendered":"Marinha do Brasil vai produzir lanchas para atendimento a projeto social no Arquip\u00e9lago do Maraj\u00f3"},"content":{"rendered":"<p>Em um passo significativo para fortalecer a prote\u00e7\u00e3o dos direitos de crian\u00e7as e adolescentes nas comunidades ribeirinhas do Maraj\u00f3, a\u00a0Marinha do Brasil\u00a0e o\u00a0Minist\u00e9rio dos Direitos Humanos e da Cidadania\u00a0selaram um acordo de coopera\u00e7\u00e3o t\u00e9cnica. O evento, que ocorreu na Assembleia Legislativa do Par\u00e1, trouxe \u00e0 tona a proposta de constru\u00e7\u00e3o de 15 lanchas sociais, que ser\u00e3o integradas ao\u00a0Programa Cidadania Maraj\u00f3. Essas embarca\u00e7\u00f5es t\u00eam como principal objetivo facilitar a atua\u00e7\u00e3o dos Conselhos Tutelares do Arquip\u00e9lago, garantindo que esses \u00f3rg\u00e3os estrat\u00e9gicos alcancem as comunidades mais distantes e vulner\u00e1veis.<\/p>\n<p><strong>Assinatura do Acordo<\/strong><\/p>\n<p>O compromisso firmado entre as duas institui\u00e7\u00f5es foi oficializado com a assinatura do termo de coopera\u00e7\u00e3o pelo Comandante do 4\u00ba Distrito Naval, Vice-Almirante Ant\u00f4nio Capistrano de Freitas Filho, e pelo Ministro de Estado dos Direitos Humanos e da Cidadania, Silvio Almeida. Esse acordo simboliza uma uni\u00e3o de esfor\u00e7os em prol de uma causa nobre e essencial para a regi\u00e3o.<\/p>\n<p><strong>Detalhes das Embarca\u00e7\u00f5es<\/strong><\/p>\n<p>As lanchas, que ser\u00e3o produzidas na\u00a0Base Naval de Val de C\u00e3es (BNVC), em Bel\u00e9m, seguir\u00e3o o modelo de embarca\u00e7\u00f5es sociais j\u00e1 produzidas pela BNVC em parcerias anteriores com outros minist\u00e9rios. Essas embarca\u00e7\u00f5es, feitas de alum\u00ednio, foram projetadas para transportar at\u00e9 10 pessoas, possuindo 7,30m de comprimento e 2,20m de largura. A robustez e a capacidade dessas lanchas garantir\u00e3o que os conselheiros tutelares possam realizar seu trabalho de forma eficaz, mesmo nas \u00e1reas mais remotas do Maraj\u00f3.<\/p>\n<p><strong>Impacto e Import\u00e2ncia para a Regi\u00e3o<\/strong><\/p>\n<p>O Arquip\u00e9lago do Maraj\u00f3, com suas caracter\u00edsticas geogr\u00e1ficas \u00fanicas e comunidades ribeirinhas, muitas vezes enfrenta desafios no acesso a servi\u00e7os essenciais. Com a introdu\u00e7\u00e3o dessas lanchas sociais, espera-se que os direitos de crian\u00e7as e adolescentes sejam ainda mais protegidos, garantindo que os Conselhos Tutelares possam atuar de forma mais abrangente e eficaz. A iniciativa refor\u00e7a o compromisso do Brasil em garantir a cidadania e os direitos humanos em todas as suas regi\u00f5es.<\/p>\n<p>Fonte: Defesa em Foco<\/p>\n","protected":false},"excerpt":{"rendered":"<p>Em um passo significativo para fortalecer a prote\u00e7\u00e3o dos direitos de crian\u00e7as e adolescentes nas comunidades ribeirinhas do Maraj\u00f3, a\u00a0Marinha do Brasil\u00a0e o\u00a0Minist\u00e9rio dos Direitos&#8230;<\/p>\n","protected":false},"author":1527,"featured_media":46817,"comment_status":"closed","ping_status":"closed","sticky":false,"template":"","format":"standard","meta":{"footnotes":""},"categories":[6],"tags":[],"class_list":["post-46816","post","type-post","status-publish","format-standard","has-post-thumbnail","hentry","category-noticias"],"_links":{"self":[{"href":"https:\/\/www.sincomam.org.br\/index.php\/wp-json\/wp\/v2\/posts\/46816","targetHints":{"allow":["GET"]}}],"collection":[{"href":"https:\/\/www.sincomam.org.br\/index.php\/wp-json\/wp\/v2\/posts"}],"about":[{"href":"https:\/\/www.sincomam.org.br\/index.php\/wp-json\/wp\/v2\/types\/post"}],"author":[{"embeddable":true,"href":"https:\/\/www.sincomam.org.br\/index.php\/wp-json\/wp\/v2\/users\/1527"}],"replies":[{"embeddable":true,"href":"https:\/\/www.sincomam.org.br\/index.php\/wp-json\/wp\/v2\/comments?post=46816"}],"version-history":[{"count":1,"href":"https:\/\/www.sincomam.org.br\/index.php\/wp-json\/wp\/v2\/posts\/46816\/revisions"}],"predecessor-version":[{"id":46818,"href":"https:\/\/www.sincomam.org.br\/index.php\/wp-json\/wp\/v2\/posts\/46816\/revisions\/46818"}],"wp:featuredmedia":[{"embeddable":true,"href":"https:\/\/www.sincomam.org.br\/index.php\/wp-json\/wp\/v2\/media\/46817"}],"wp:attachment":[{"href":"https:\/\/www.sincomam.org.br\/index.php\/wp-json\/wp\/v2\/media?parent=46816"}],"wp:term":[{"taxonomy":"category","embeddable":true,"href":"https:\/\/www.sincomam.org.br\/index.php\/wp-json\/wp\/v2\/categories?post=46816"},{"taxonomy":"post_tag","embeddable":true,"href":"https:\/\/www.sincomam.org.br\/index.php\/wp-json\/wp\/v2\/tags?post=46816"}],"curies":[{"name":"wp","href":"https:\/\/api.w.org\/{rel}","templated":true}]}}