{"id":46804,"date":"2023-08-08T08:02:47","date_gmt":"2023-08-08T11:02:47","guid":{"rendered":"http:\/\/www.sincomam.org.br\/?p=46804"},"modified":"2023-08-08T08:02:47","modified_gmt":"2023-08-08T11:02:47","slug":"oceanos-estabelecem-novo-recorde-de-temperatura-esta-semana","status":"publish","type":"post","link":"https:\/\/www.sincomam.org.br\/index.php\/oceanos-estabelecem-novo-recorde-de-temperatura-esta-semana\/","title":{"rendered":"Oceanos estabelecem novo recorde de temperatura esta semana"},"content":{"rendered":"<p>De acordo com dados do observat\u00f3rio clim\u00e1tico da Uni\u00e3o Europeia, a temperatura da superf\u00edcie dos oceanos subiu para 20,96 graus Celsius em 30 de julho. Esta leitura supera todos os recordes anteriores.<\/p>\n<p>Um porta-voz do Servi\u00e7o de Mudan\u00e7as Clim\u00e1ticas Copernicus da UE confirmou a temperatura recorde, ressaltando a urg\u00eancia de abordar essa tend\u00eancia alarmante.<\/p>\n<p>O recorde anterior de 20,95 graus Celsius, estabelecido em mar\u00e7o de 2016, foi superado, destacando o ritmo acelerado da mudan\u00e7a. As medi\u00e7\u00f5es de temperatura n\u00e3o abrangeram regi\u00f5es polares. No entanto, a Administra\u00e7\u00e3o Nacional Oce\u00e2nica e Atmosf\u00e9rica dos EUA (NOAA) tamb\u00e9m vem acompanhando uma tend\u00eancia semelhante nos \u00faltimos meses.<\/p>\n<div id=\"beacon_47557118c5\"><\/div>\n<p>Seu banco de dados alternativo revela um padr\u00e3o consistente de aumento da temperatura da superf\u00edcie do oceano.<\/p>\n<p>Os dados da NOAA indicam que a temperatura m\u00e9dia da superf\u00edcie do mar atingiu um novo pico em 4 de abril deste ano, registrando 21,06 graus Celsius. Este aumento significativo superou o recorde anterior de 21,01 graus Celsius de mar\u00e7o de 2016. Al\u00e9m disso, em 1\u00ba de agosto as temperaturas m\u00e9dias registradas foram de 21,03 graus Celsius.<\/p>\n<p>A pesquisa cient\u00edfica estabeleceu que os oceanos do mundo absorveram 90% do excesso de calor gerado pelas atividades humanas desde o in\u00edcio da era industrial. Esse ac\u00famulo de calor adicional resulta diretamente do ac\u00famulo de gases de efeito estufa, emitidos principalmente pela combust\u00e3o de combust\u00edveis f\u00f3sseis, como petr\u00f3leo, g\u00e1s e carv\u00e3o. As consequ\u00eancias dessas a\u00e7\u00f5es agora est\u00e3o se tornando evidentes na forma de aumento da temperatura dos oceanos.<\/p>\n<p>A tend\u00eancia inquietante de aumento das temperaturas oce\u00e2nicas persiste desde abril, com recordes que excedem consistentemente as normas sazonais. Este desenvolvimento preocupante mostra um quadro terr\u00edvel para a vida marinha e as comunidades costeiras que dependem de oceanos saud\u00e1veis para sua subsist\u00eancia e sustento.<\/p>\n<p>Fonte: Portos e Navios<\/p>\n","protected":false},"excerpt":{"rendered":"<p>De acordo com dados do observat\u00f3rio clim\u00e1tico da Uni\u00e3o Europeia, a temperatura da superf\u00edcie dos oceanos subiu para 20,96 graus Celsius em 30 de julho&#8230;.<\/p>\n","protected":false},"author":1527,"featured_media":46805,"comment_status":"closed","ping_status":"closed","sticky":false,"template":"","format":"standard","meta":{"footnotes":""},"categories":[6],"tags":[],"class_list":["post-46804","post","type-post","status-publish","format-standard","has-post-thumbnail","hentry","category-noticias"],"_links":{"self":[{"href":"https:\/\/www.sincomam.org.br\/index.php\/wp-json\/wp\/v2\/posts\/46804","targetHints":{"allow":["GET"]}}],"collection":[{"href":"https:\/\/www.sincomam.org.br\/index.php\/wp-json\/wp\/v2\/posts"}],"about":[{"href":"https:\/\/www.sincomam.org.br\/index.php\/wp-json\/wp\/v2\/types\/post"}],"author":[{"embeddable":true,"href":"https:\/\/www.sincomam.org.br\/index.php\/wp-json\/wp\/v2\/users\/1527"}],"replies":[{"embeddable":true,"href":"https:\/\/www.sincomam.org.br\/index.php\/wp-json\/wp\/v2\/comments?post=46804"}],"version-history":[{"count":1,"href":"https:\/\/www.sincomam.org.br\/index.php\/wp-json\/wp\/v2\/posts\/46804\/revisions"}],"predecessor-version":[{"id":46806,"href":"https:\/\/www.sincomam.org.br\/index.php\/wp-json\/wp\/v2\/posts\/46804\/revisions\/46806"}],"wp:featuredmedia":[{"embeddable":true,"href":"https:\/\/www.sincomam.org.br\/index.php\/wp-json\/wp\/v2\/media\/46805"}],"wp:attachment":[{"href":"https:\/\/www.sincomam.org.br\/index.php\/wp-json\/wp\/v2\/media?parent=46804"}],"wp:term":[{"taxonomy":"category","embeddable":true,"href":"https:\/\/www.sincomam.org.br\/index.php\/wp-json\/wp\/v2\/categories?post=46804"},{"taxonomy":"post_tag","embeddable":true,"href":"https:\/\/www.sincomam.org.br\/index.php\/wp-json\/wp\/v2\/tags?post=46804"}],"curies":[{"name":"wp","href":"https:\/\/api.w.org\/{rel}","templated":true}]}}