{"id":46794,"date":"2023-08-07T09:26:42","date_gmt":"2023-08-07T12:26:42","guid":{"rendered":"http:\/\/www.sincomam.org.br\/?p=46794"},"modified":"2023-08-07T09:26:42","modified_gmt":"2023-08-07T12:26:42","slug":"por-que-brasil-e-um-dos-protagonistas-do-novo-boom-de-petroleo-na-america-latina","status":"publish","type":"post","link":"https:\/\/www.sincomam.org.br\/index.php\/por-que-brasil-e-um-dos-protagonistas-do-novo-boom-de-petroleo-na-america-latina\/","title":{"rendered":"Por que Brasil \u00e9 um dos protagonistas do novo boom de petr\u00f3leo na Am\u00e9rica Latina"},"content":{"rendered":"<div id=\"chunk-8qc5\">\n<div class=\"mc-column content-text active-extra-styles \" data-block-type=\"unstyled\" data-block-weight=\"27\" data-block-id=\"3\">\n<p class=\"content-text__container \" data-track-category=\"Link no Texto\" data-track-links=\"\">Embora possa parecer uma contradi\u00e7\u00e3o, em meio \u00e0 crise das mudan\u00e7as clim\u00e1ticas, a produ\u00e7\u00e3o mundial de petr\u00f3leo aumentar\u00e1 nesta d\u00e9cada, segundo a Ag\u00eancia Internacional de Energia (AIE).<\/p>\n<\/div>\n<\/div>\n<div class=\"wall protected-content\">\n<div id=\"chunk-79r7\">\n<div class=\"mc-column content-text active-extra-styles \" data-block-type=\"unstyled\" data-block-weight=\"42\" data-block-id=\"4\">\n<p class=\"content-text__container \" data-track-category=\"Link no Texto\" data-track-links=\"\">Os especialistas projetam que nos pr\u00f3ximos anos o mercado internacional continuar\u00e1 demandando uma maior quantidade de petr\u00f3leo bruto, embora antes do final desta d\u00e9cada a tend\u00eancia deva seja invertida, \u00e0 medida em que as energias renov\u00e1veis \u200b\u200bganham espa\u00e7o sobre os combust\u00edveis f\u00f3sseis.<\/p>\n<\/div>\n<\/div>\n<div id=\"chunk-43u3v\">\n<div class=\"mc-column content-text active-extra-styles \" data-block-type=\"unstyled\" data-block-weight=\"14\" data-block-id=\"5\">\n<p class=\"content-text__container \" data-track-category=\"Link no Texto\" data-track-links=\"\">Enquanto isso n\u00e3o acontecer, o ouro negro continuar\u00e1 girando os motores da economia internacional.<\/p>\n<\/div>\n<\/div>\n<div id=\"chunk-6i0se\">\n<div class=\"mc-column content-text active-extra-styles \" data-block-type=\"unstyled\" data-block-weight=\"34\" data-block-id=\"6\">\n<p class=\"content-text__container \" data-track-category=\"Link no Texto\" data-track-links=\"\">Nesse contexto, a AIE estima que a produ\u00e7\u00e3o mundial de petr\u00f3leo aumentar\u00e1 em\u00a0<span class=\"highlight highlighted\">5,8 milh\u00f5es de barris por dia at\u00e9 2028<\/span>\u00a0\u2014 e cerca de um quarto dessa oferta adicional vir\u00e1 da Am\u00e9rica Latina.<\/p>\n<\/div>\n<\/div>\n<div id=\"chunk-88ttv\">\n<div class=\"content-ads content-ads--reveal\" data-block-type=\"ads\" data-block-id=\"7\">\n<div id=\"banner_materia2\" class=\"tag-manager-publicidade-container mc-has-reveal mc-has-ad-lazyload tag-manager-publicidade-banner_materia2 tag-manager-publicidade-container--carregado tag-manager-publicidade-container--visivel\" data-id=\"banner_materia2\" data-google-query-id=\"CI3yld_DyoADFfWblQId77sOBw\">\n<div id=\"chunk-e8vv6\">\n<div class=\"mc-column content-text active-extra-styles \" data-block-type=\"unstyled\" data-block-weight=\"27\" data-block-id=\"8\">\n<p class=\"content-text__container \" data-track-category=\"Link no Texto\" data-track-links=\"\">Quem ser\u00e3o os protagonistas desse novo boom? Brasil,\u00a0Guiana\u00a0e, em menor escala,\u00a0Argentina, tr\u00eas pa\u00edses que lideram um novo cap\u00edtulo na produ\u00e7\u00e3o de petr\u00f3leo da regi\u00e3o.<\/p>\n<\/div>\n<\/div>\n<div id=\"chunk-atu01\">\n<div class=\"mc-column content-text active-extra-styles \" data-block-type=\"unstyled\" data-block-weight=\"35\" data-block-id=\"9\">\n<p class=\"content-text__container \" data-track-category=\"Link no Texto\" data-track-links=\"\">Deve ficar para tr\u00e1s a era dominada por na\u00e7\u00f5es como\u00a0Venezuela,\u00a0M\u00e9xico,\u00a0Equador\u00a0e\u00a0Col\u00f4mbia\u00a0que, por motivos diversos, reduzir\u00e3o a oferta de petr\u00f3leo bruto no mercado internacional nos pr\u00f3ximos cinco anos, segundo a AIE.<\/p>\n<\/div>\n<\/div>\n<div id=\"chunk-dbckc\">\n<div class=\"mc-column content-text active-extra-styles \" data-block-type=\"unstyled\" data-block-weight=\"32\" data-block-id=\"10\">\n<p class=\"content-text__container \" data-track-category=\"Link no Texto\" data-track-links=\"\">\u201c\u00c9 muito dif\u00edcil para esses pa\u00edses reverter seu decl\u00ednio\u201d, disse \u00e0 BBC News Mundo Francisco Monaldi, diretor do Programa Latino-Americano de Energia do Instituto Baker Institute, na Universidade Rice (nos\u00a0Estados Unidos).<\/p>\n<\/div>\n<\/div>\n<div id=\"chunk-dfcvc\">\n<div class=\"mc-column content-text active-extra-styles\" data-block-type=\"raw\" data-block-weight=\"6\" data-block-id=\"11\">\n<p class=\"content-text__container\"><strong>Brasil: l\u00edder em petr\u00f3leo da regi\u00e3o<\/strong><\/p>\n<p>Juntos, Guiana\u00a0e Brasil ser\u00e3o os principais protagonistas do boom petrol\u00edfero latino-americano.<\/p>\n<\/div>\n<\/div>\n<div id=\"chunk-fqu3e\">\n<div class=\"mc-column content-text active-extra-styles \" data-block-type=\"unstyled\" data-block-weight=\"9\" data-block-id=\"13\">\n<p class=\"content-text__container \" data-track-category=\"Link no Texto\" data-track-links=\"\">A hist\u00f3ria do Brasil est\u00e1 ligada \u00e0s descobertas subaqu\u00e1ticas.<\/p>\n<\/div>\n<\/div>\n<div id=\"chunk-cucck\">\n<div class=\"mc-column content-text active-extra-styles \" data-block-type=\"unstyled\" data-block-weight=\"28\" data-block-id=\"14\">\n<p class=\"content-text__container \" data-track-category=\"Link no Texto\" data-track-links=\"\">Sob tr\u00eas quil\u00f4metros de \u00e1gua e mais cinco de rocha e sal, o pa\u00eds extrai a fonte de combust\u00edvel de um dos maiores campos de petr\u00f3leo do mundo.<\/p>\n<\/div>\n<\/div>\n<div id=\"chunk-8d2ar\">\n<div class=\"mc-column content-text active-extra-styles \" data-block-type=\"unstyled\" data-block-weight=\"35\" data-block-id=\"15\">\n<p class=\"content-text__container \" data-track-category=\"Link no Texto\" data-track-links=\"\">A descoberta dessas jazidas do pr\u00e9-sal mudou o destino do pa\u00eds, fazendo com que se tornasse o maior produtor de petr\u00f3leo da Am\u00e9rica Latina em 2017, superando o\u00a0M\u00e9xico, que na \u00e9poca detinha a lideran\u00e7a.<\/p>\n<\/div>\n<\/div>\n<div id=\"chunk-frhrt\">\n<div class=\"mc-column content-text active-extra-styles \" data-block-type=\"unstyled\" data-block-weight=\"28\" data-block-id=\"16\">\n<p class=\"content-text__container \" data-track-category=\"Link no Texto\" data-track-links=\"\">A\u00a0Venezuela, que durante anos foi o \u00edcone do petr\u00f3leo na regi\u00e3o, estava em um momento de uma crise t\u00e3o profunda que sua produ\u00e7\u00e3o havia entrado em colapso.<\/p>\n<div id=\"chunk-d97vj\">\n<div class=\"mc-column content-text active-extra-styles \" data-block-type=\"unstyled\" data-block-weight=\"35\" data-block-id=\"18\">\n<p class=\"content-text__container \" data-track-category=\"Link no Texto\" data-track-links=\"\">Assim, nos \u00faltimos seis anos, o Brasil n\u00e3o parou de aumentar sua produ\u00e7\u00e3o de petr\u00f3leo at\u00e9 atingir 2,2 milh\u00f5es de barris em 2022, o que lhe permitiu se tornar o oitavo maior produtor do mundo.<\/p>\n<\/div>\n<\/div>\n<div id=\"chunk-ap4ud\">\n<div class=\"row medium-uncollapsed content-media content-photo\" data-block-type=\"backstage-photo\" data-block-id=\"19\">\n<div class=\"content-media-container glb-skeleton-box\">\n<div id=\"chunk-ae0g8\">\n<div class=\"mc-column content-text active-extra-styles \" data-block-type=\"unstyled\" data-block-weight=\"33\" data-block-id=\"20\">\n<p class=\"content-text__container \" data-track-category=\"Link no Texto\" data-track-links=\"\">Mas n\u00e3o se trata apenas da quantidade de barris por dia que cada pa\u00eds produz. Tanto o Brasil quanto a\u00a0Guiana\u00a0produzem petr\u00f3leo bruto de forma mais eficiente e lucrativa que outros pa\u00edses.<\/p>\n<\/div>\n<\/div>\n<div id=\"chunk-aq6rv\">\n<div class=\"mc-column content-text active-extra-styles \" data-block-type=\"unstyled\" data-block-weight=\"40\" data-block-id=\"21\">\n<p class=\"content-text__container \" data-track-category=\"Link no Texto\" data-track-links=\"\">E quanto aos efeitos poluentes desse combust\u00edvel f\u00f3ssil, que \u00e9 uma das principais causas da crise clim\u00e1tica que o mundo vive, os dois pa\u00edses emitem uma quantidade menor de CO2 por barril produzido em rela\u00e7\u00e3o \u00e0 m\u00e9dia mundial, argumenta Monaldi.<\/p>\n<div id=\"chunk-5ggd7\">\n<div class=\"mc-column content-text active-extra-styles \" data-block-type=\"unstyled\" data-block-weight=\"26\" data-block-id=\"23\">\n<p class=\"content-text__container \" data-track-category=\"Link no Texto\" data-track-links=\"\">Como muitos pa\u00edses se comprometeram a reduzir seu n\u00edvel de emiss\u00f5es, \u00e9 poss\u00edvel que no futuro esse tipo de \u00f3leo tenha uma demanda maior no mercado.<\/p>\n<p class=\"content-text__container \" data-track-category=\"Link no Texto\" data-track-links=\"\"><strong>Guiana, um pa\u00eds pobre que ser\u00e1 rico<\/strong><\/p>\n<\/div>\n<\/div>\n<div id=\"chunk-d47un\">\n<div class=\"mc-column content-text active-extra-styles\" data-block-type=\"raw\" data-block-weight=\"7\" data-block-id=\"24\">\n<div id=\"chunk-d47un\">\n<div class=\"mc-column content-text active-extra-styles\" data-block-type=\"raw\" data-block-weight=\"7\" data-block-id=\"24\">\n<p>Com cerca de 800 mil habitantes, a Guiana\u00a0\u00e9 um dos menores e mais pobres pa\u00edses da Am\u00e9rica do Sul. Ou pelo menos era assim at\u00e9 2015, quando a gigante norte-americana\u00a0ExxonMobil\u00a0descobriu a primeira de suas reservas comprovadas de petr\u00f3leo bruto, estimadas em cerca de\u00a011 bilh\u00f5es de barris, nas profundezas do Oceano Atl\u00e2ntico.<\/p>\n<\/div>\n<\/div>\n<div id=\"chunk-fup27\">\n<div class=\"row medium-uncollapsed content-media content-photo\" data-block-type=\"backstage-photo\" data-block-id=\"25\">\n<div class=\" mc-column  content-media__container\">\n<div class=\"content-media-container glb-skeleton-box\">\n<div id=\"chunk-8sroa\">\n<div class=\"mc-column content-text active-extra-styles \" data-block-type=\"unstyled\" data-block-weight=\"31\" data-block-id=\"27\">\n<p class=\"content-text__container \" data-track-category=\"Link no Texto\" data-track-links=\"\">Aproveitando a forte demanda por petr\u00f3leo que haver\u00e1 nesta d\u00e9cada, a produ\u00e7\u00e3o da\u00a0Guiana\u00a0est\u00e1 em acelera\u00e7\u00e3o e acredita-se que at\u00e9 2028 possa chegar a 1,2 milh\u00e3o de barris por dia.<\/p>\n<div id=\"chunk-7tlaq\">\n<div class=\"mc-column content-text active-extra-styles \" data-block-type=\"unstyled\" data-block-weight=\"25\" data-block-id=\"29\">\n<p class=\"content-text__container \" data-track-category=\"Link no Texto\" data-track-links=\"\">Se as proje\u00e7\u00f5es se concretizarem, &#8220;a\u00a0Guiana\u00a0vai se tornar o pa\u00eds que mais produz barris por habitante no mundo, superando o\u00a0Kuwait&#8221;, explica Monaldi.<\/p>\n<\/div>\n<\/div>\n<div id=\"chunk-7epmp\">\n<div class=\"mc-column content-text active-extra-styles \" data-block-type=\"unstyled\" data-block-weight=\"43\" data-block-id=\"30\">\n<p class=\"content-text__container \" data-track-category=\"Link no Texto\" data-track-links=\"\">Nesse cen\u00e1rio, a\u00a0Guiana\u00a0passaria de um pa\u00eds pobre a um pa\u00eds rico (considerando a riqueza per capita), dado o aumento espetacular de seu Produto Interno Bruto (PIB) \u2014 que no ano passado subiu 57,8% e este ano est\u00e1 previsto para 37,2 %.<\/p>\n<\/div>\n<\/div>\n<div id=\"chunk-c6itd\">\n<div class=\"mc-column content-text active-extra-styles \" data-block-type=\"unstyled\" data-block-weight=\"47\" data-block-id=\"31\">\n<p class=\"content-text__container \" data-track-category=\"Link no Texto\" data-track-links=\"\">Como ser\u00e1 distribu\u00edda essa nova riqueza da\u00a0Guiana? Isso \u00e9 algo incerto at\u00e9 agora. O governo afirmou que tentar\u00e1 evitar os erros cometidos por outros pa\u00edses petrol\u00edferos no passado, embora com tanta riqueza jorrando do fundo do mar n\u00e3o seja f\u00e1cil controlar o destino dos recursos gerados.<\/p>\n<\/div>\n<\/div>\n<div id=\"chunk-dbkp1\">\n<div class=\"mc-column content-text active-extra-styles\" data-block-type=\"raw\" data-block-weight=\"1\" data-block-id=\"32\">\n<p class=\"content-text__container\"><strong>Argentina<\/strong><\/p>\n<p>Em terceiro lugar est\u00e1 a Argentina, que apesar de ter uma infla\u00e7\u00e3o superior a 100% ao ano e uma crise cr\u00f4nica de endividamento, sua produ\u00e7\u00e3o de petr\u00f3leo (e g\u00e1s) tem crescido nos \u00faltimos anos.<\/p>\n<\/div>\n<\/div>\n<div id=\"chunk-fvveu\">\n<div class=\"mc-column content-text active-extra-styles \" data-block-type=\"unstyled\" data-block-weight=\"36\" data-block-id=\"34\">\n<p class=\"content-text__container \" data-track-category=\"Link no Texto\" data-track-links=\"\">No centro desse desenvolvimento est\u00e1 o Vaca Muerta, um gigantesco campo localizado no noroeste do pa\u00eds que possui a segunda maior reserva do mundo em g\u00e1s de xisto e o quarto maior em \u00f3leo de xisto.<\/p>\n<\/div>\n<\/div>\n<div id=\"chunk-5tldf\">\n<div class=\"mc-column content-text active-extra-styles \" data-block-type=\"unstyled\" data-block-weight=\"28\" data-block-id=\"35\">\n<p class=\"content-text__container \" data-track-category=\"Link no Texto\" data-track-links=\"\">Ambos os recursos s\u00e3o extra\u00eddos em formato \u201cn\u00e3o convencional\u201d, como se chama os hidrocarbonetos que devem ser extra\u00eddos da rocha geradora pela t\u00e9cnica do fracking (ou fratura hidr\u00e1ulica).<\/p>\n<div id=\"chunk-ebpc6\">\n<div class=\"mc-column content-text active-extra-styles \" data-block-type=\"unstyled\" data-block-weight=\"13\" data-block-id=\"37\">\n<p class=\"content-text__container \" data-track-category=\"Link no Texto\" data-track-links=\"\">As proje\u00e7\u00f5es para o desenvolvimento da ind\u00fastria do petr\u00f3leo\u00a0argentina\u00a0s\u00e3o positivas.<\/p>\n<\/div>\n<\/div>\n<div id=\"chunk-9k41r\">\n<div class=\"mc-column content-text active-extra-styles \" data-block-type=\"unstyled\" data-block-weight=\"39\" data-block-id=\"38\">\n<p class=\"content-text__container \" data-track-category=\"Link no Texto\" data-track-links=\"\">A AIE espera que a produ\u00e7\u00e3o chegue a 700 mil barris por dia este ano e algumas estimativas sugerem que pode chegar a 1 milh\u00e3o de barris por dia at\u00e9 o final desta d\u00e9cada, segundo a consultoria Rystad Energy.<\/p>\n<div id=\"chunk-20cs3\">\n<div class=\"mc-column content-text active-extra-styles \" data-block-type=\"unstyled\" data-block-weight=\"30\" data-block-id=\"40\">\n<p class=\"content-text__container \" data-track-category=\"Link no Texto\" data-track-links=\"\">No entanto, ap\u00f3s 2030, as proje\u00e7\u00f5es apontam para um decl\u00ednio porque a produ\u00e7\u00e3o de petr\u00f3leo convencional dever\u00e1 continuar caindo e a produ\u00e7\u00e3o de xisto n\u00e3o dever\u00e1 ser suficiente para compensar.<\/p>\n<\/div>\n<\/div>\n<div id=\"chunk-enq15\">\n<div class=\"mc-column content-text active-extra-styles \" data-block-type=\"unstyled\" data-block-weight=\"24\" data-block-id=\"41\">\n<p class=\"content-text__container \" data-track-category=\"Link no Texto\" data-track-links=\"\">Se o cen\u00e1rio previsto se concretizar, o grande salto do com\u00e9rcio de petr\u00f3leo duraria alguns anos, at\u00e9 chegar a n\u00edveis mais baixos de produ\u00e7\u00e3o.<\/p>\n<div id=\"chunk-63q5i\">\n<div class=\"mc-column content-text active-extra-styles \" data-block-type=\"unstyled\" data-block-weight=\"38\" data-block-id=\"43\">\n<p class=\"content-text__container \" data-track-category=\"Link no Texto\" data-track-links=\"\">Tamb\u00e9m \u00e9 preciso levar em conta, dizem os especialistas, que a produ\u00e7\u00e3o n\u00e3o convencional precisa de grandes investimentos de longo prazo. Isso exige garantia de estabilidade nas pol\u00edticas do setor, algo que na\u00a0Argentina\u00a0\u00e9 dif\u00edcil de prever.<\/p>\n<\/div>\n<\/div>\n<div id=\"chunk-9ohk6\">\n<div class=\"mc-column content-text active-extra-styles\" data-block-type=\"raw\" data-block-weight=\"3\" data-block-id=\"44\">\n<p class=\"content-text__container\"><strong>Ficando pra tr\u00e1s<\/strong><\/p>\n<p>Os l\u00edderes hist\u00f3ricos da produ\u00e7\u00e3o de petr\u00f3leo na regi\u00e3o ficaram para tr\u00e1s.<\/p>\n<\/div>\n<\/div>\n<div id=\"chunk-a440r\">\n<div class=\"mc-column content-text active-extra-styles \" data-block-type=\"unstyled\" data-block-weight=\"15\" data-block-id=\"46\">\n<p class=\"content-text__container \" data-track-category=\"Link no Texto\" data-track-links=\"\">No\u00a0M\u00e9xico, a produ\u00e7\u00e3o atingiu o pico em 2004 e, desde ent\u00e3o, caiu pela metade.<\/p>\n<\/div>\n<\/div>\n<div id=\"chunk-c1fd0\">\n<div class=\"mc-column content-text active-extra-styles \" data-block-type=\"unstyled\" data-block-weight=\"29\" data-block-id=\"47\">\n<p class=\"content-text__container \" data-track-category=\"Link no Texto\" data-track-links=\"\">Para tentar melhorar a situa\u00e7\u00e3o, o governo de Andr\u00e9s Manuel\u00a0L\u00f3pez Obrador\u00a0tentou promover o desenvolvimento da Pemex, a estatal petrol\u00edfera, mas at\u00e9 agora n\u00e3o conseguiu os resultados esperados.<\/p>\n<\/div>\n<\/div>\n<div id=\"chunk-e0309\">\n<div class=\"mc-column content-text active-extra-styles \" data-block-type=\"unstyled\" data-block-weight=\"23\" data-block-id=\"48\">\n<p class=\"content-text__container \" data-track-category=\"Link no Texto\" data-track-links=\"\">Embora o governo tenha dado \u00e0 empresa milh\u00f5es de d\u00f3lares em incentivos fiscais e outras ajudas financeiras, a Pemex n\u00e3o conseguiu se recuperar.<\/p>\n<\/div>\n<\/div>\n<div id=\"chunk-dcl57\">\n<div class=\"mc-column content-text active-extra-styles \" data-block-type=\"unstyled\" data-block-weight=\"23\" data-block-id=\"49\">\n<p class=\"content-text__container \" data-track-category=\"Link no Texto\" data-track-links=\"\">Com mais de US$ 100 bilh\u00f5es (cerca de R$490 bilh\u00f5es) em d\u00edvidas, a Pemex \u00e9 a empresa de petr\u00f3leo mais endividada do mundo.<\/p>\n<\/div>\n<\/div>\n<div id=\"chunk-7j5jb\">\n<div class=\"mc-column content-text active-extra-styles \" data-block-type=\"unstyled\" data-block-weight=\"35\" data-block-id=\"50\">\n<p class=\"content-text__container \" data-track-category=\"Link no Texto\" data-track-links=\"\">&#8220;Al\u00e9m de ser uma empresa com fins comerciais, ela tamb\u00e9m opera com fins pol\u00edticos&#8221;, diz Diego Rivera, pesquisador associado do Centro de Pol\u00edtica Energ\u00e9tica Global da Universidade de Columbia, nos\u00a0Estados Unidos. &#8220;A produ\u00e7\u00e3o parou.&#8221;<\/p>\n<\/div>\n<\/div>\n<div id=\"chunk-8a9hs\">\n<div class=\"mc-column content-text active-extra-styles \" data-block-type=\"unstyled\" data-block-weight=\"24\" data-block-id=\"51\">\n<p class=\"content-text__container \" data-track-category=\"Link no Texto\" data-track-links=\"\">Por sua vez, a PDVSA, empresa estatal venezuelana, teve uma forte queda, intimamente ligada \u00e0 profunda crise econ\u00f4mica e pol\u00edtica que afeta o pa\u00eds.<\/p>\n<div id=\"chunk-9ubv5\">\n<div class=\"mc-column content-text active-extra-styles \" data-block-type=\"unstyled\" data-block-weight=\"26\" data-block-id=\"54\">\n<p class=\"content-text__container \" data-track-category=\"Link no Texto\" data-track-links=\"\">A produ\u00e7\u00e3o de petr\u00f3leo venezuelano, a maior parte pesada e densa, despencou de 3,4 milh\u00f5es de barris por dia em 1998 para 700 mil na atualidade.<\/p>\n<\/div>\n<\/div>\n<div id=\"chunk-4dhvu\">\n<div class=\"mc-column content-text active-extra-styles \" data-block-type=\"unstyled\" data-block-weight=\"24\" data-block-id=\"55\">\n<p class=\"content-text__container \" data-track-category=\"Link no Texto\" data-track-links=\"\">\u201cO que est\u00e1 acontecendo na\u00a0Venezuela\u00a0\u00e9 uma queda brutal que pode ser explicada por motivos que v\u00e3o da neglig\u00eancia \u00e0 corrup\u00e7\u00e3o\u201d, destaca Rivera.<\/p>\n<\/div>\n<\/div>\n<div id=\"chunk-9g1ds\">\n<div class=\"mc-column content-text active-extra-styles \" data-block-type=\"unstyled\" data-block-weight=\"25\" data-block-id=\"56\">\n<p class=\"content-text__container \" data-track-category=\"Link no Texto\" data-track-links=\"\">Enquanto isso, no caso do\u00a0Equador, proje\u00e7\u00f5es de especialistas apontam para uma queda dos atuais 460 mil barris por dia para 370 mil em 2028.<\/p>\n<\/div>\n<\/div>\n<div id=\"chunk-csl42\">\n<div class=\"mc-column content-text active-extra-styles \" data-block-type=\"unstyled\" data-block-weight=\"23\" data-block-id=\"57\">\n<p class=\"content-text__container \" data-track-category=\"Link no Texto\" data-track-links=\"\">Esse decl\u00ednio atingiria duramente o pa\u00eds porque sua economia depende das receitas do petr\u00f3leo mais do que qualquer outro pa\u00eds da Am\u00e9rica Latina.<\/p>\n<\/div>\n<\/div>\n<div id=\"chunk-er1jl\">\n<div class=\"mc-column content-text active-extra-styles \" data-block-type=\"unstyled\" data-block-weight=\"29\" data-block-id=\"58\">\n<p class=\"content-text__container \" data-track-category=\"Link no Texto\" data-track-links=\"\">Enquanto isso, a\u00a0Col\u00f4mbia\u00a0est\u00e1 se movendo em outra dire\u00e7\u00e3o. O governo do presidente Gustavo Petro pretende avan\u00e7ar na transi\u00e7\u00e3o energ\u00e9tica do pa\u00eds, reduzindo gradativamente a produ\u00e7\u00e3o de petr\u00f3leo.<\/p>\n<div id=\"chunk-428og\">\n<div class=\"mc-column content-text active-extra-styles \" data-block-type=\"unstyled\" data-block-weight=\"34\" data-block-id=\"60\">\n<p class=\"content-text__container \" data-track-category=\"Link no Texto\" data-track-links=\"\">Recentemente, foram concedidas licen\u00e7as para projetos de energia renov\u00e1vel na prov\u00edncia de La Guajira, com a expectativa de que a energia limpa produzida por aquela regi\u00e3o forne\u00e7a toda a eletricidade que o pa\u00eds necessita.<\/p>\n<\/div>\n<\/div>\n<div id=\"chunk-ck4o5\">\n<div class=\"mc-column content-text active-extra-styles \" data-block-type=\"unstyled\" data-block-weight=\"36\" data-block-id=\"61\">\n<p class=\"content-text__container \" data-track-category=\"Link no Texto\" data-track-links=\"\">A ideia \u00e9 que esse tipo de projeto permita compensar a queda nas exporta\u00e7\u00f5es de petr\u00f3leo sem prejudicar a economia, mas alguns especialistas est\u00e3o bastante c\u00e9ticos sobre a possibilidade dessa meta ser alcan\u00e7ada nos pr\u00f3ximos anos.<\/p>\n<p class=\"content-text__container \" data-track-category=\"Link no Texto\" data-track-links=\"\"><strong>O que vai acontecer na pr\u00f3xima d\u00e9cada<\/strong><\/p>\n<div id=\"chunk-1r1he\">\n<div class=\"mc-column content-text active-extra-styles\" data-block-type=\"raw\" data-block-weight=\"7\" data-block-id=\"63\">\n<p>Por enquanto, n\u00e3o se sabe com que rapidez avan\u00e7ar\u00e1 a transi\u00e7\u00e3o energ\u00e9tica na regi\u00e3o e at\u00e9 que ponto o mundo demandar\u00e1 petr\u00f3leo a partir da pr\u00f3xima d\u00e9cada.<\/p>\n<\/div>\n<\/div>\n<div id=\"chunk-boo83\">\n<div class=\"mc-column content-text active-extra-styles \" data-block-type=\"unstyled\" data-block-weight=\"27\" data-block-id=\"64\">\n<div id=\"chunk-d1d0u\">\n<div class=\"mc-column content-text active-extra-styles \" data-block-type=\"unstyled\" data-block-weight=\"23\" data-block-id=\"66\">\n<p class=\"content-text__container \" data-track-category=\"Link no Texto\" data-track-links=\"\">\u201cMas h\u00e1 muitos fatores que n\u00e3o podem ser controlados\u201d, alerta Rivera, como, por exemplo, a invas\u00e3o da Ucr\u00e2nia pela R\u00fassia ou pandemias.<\/p>\n<\/div>\n<\/div>\n<div id=\"chunk-3p2jd\">\n<div class=\"mc-column content-text active-extra-styles \" data-block-type=\"unstyled\" data-block-weight=\"17\" data-block-id=\"67\">\n<p class=\"content-text__container \" data-track-category=\"Link no Texto\" data-track-links=\"\">\u201cO que temos certeza \u00e9 que a transi\u00e7\u00e3o energ\u00e9tica ser\u00e1 confusa, complicada e com muita volatilidade\u201d, acrescenta.<\/p>\n<\/div>\n<\/div>\n<div id=\"chunk-dq67b\">\n<div class=\"mc-column content-text active-extra-styles \" data-block-type=\"unstyled\" data-block-weight=\"31\" data-block-id=\"68\">\n<p class=\"content-text__container \" data-track-category=\"Link no Texto\" data-track-links=\"\">Mas, se as proje\u00e7\u00f5es da AIE para 2028 forem cumpridas, faltam poucos anos para que o pico de demanda termine, dando lugar a um novo cen\u00e1rio na produ\u00e7\u00e3o mundial de energia.<\/p>\n<\/div>\n<\/div>\n<div id=\"chunk-b0ea3\">\n<div class=\"mc-column content-text active-extra-styles \" data-block-type=\"unstyled\" data-block-weight=\"21\" data-block-id=\"69\">\n<p class=\"content-text__container \" data-track-category=\"Link no Texto\" data-track-links=\"\">Para o per\u00edodo 2030-2050, o destino da Am\u00e9rica Latina estar\u00e1 intimamente ligado ao que ocorrer com a demanda dos mercados internacionais.<\/p>\n<\/div>\n<\/div>\n<div id=\"chunk-aht3k\">\n<div class=\"row medium-uncollapsed content-media content-photo\" data-block-type=\"backstage-photo\" data-block-id=\"70\">\n<div class=\" mc-column  content-media__container\">\n<div class=\"content-media-container glb-skeleton-box\">\n<div id=\"chunk-81gs2\">\n<div class=\"mc-column content-text active-extra-styles \" data-block-type=\"unstyled\" data-block-weight=\"21\" data-block-id=\"71\">\n<p class=\"content-text__container \" data-track-category=\"Link no Texto\" data-track-links=\"\">Se o mundo atingir a meta de zero emiss\u00f5es l\u00edquidas at\u00e9 2050, &#8220;a regi\u00e3o vai se sair muito mal&#8221;, diz Monaldi.<\/p>\n<\/div>\n<\/div>\n<div id=\"chunk-2cn5b\">\n<div class=\"content-ads content-ads--reveal\" data-block-type=\"ads\" data-block-id=\"72\">\n<div id=\"banner_materia__b1afb37a-29ca-4bd8-9678-d6bcf71b7480\" class=\"tag-manager-publicidade-container mc-has-reveal mc-has-ad-lazyload tag-manager-publicidade-banner_materia__b1afb37a-29ca-4bd8-9678-d6bcf71b7480 tag-manager-publicidade-container--carregado tag-manager-publicidade-container--visivel\" data-id=\"banner_materia__b1afb37a-29ca-4bd8-9678-d6bcf71b7480\" data-google-query-id=\"CPqxjJTEyoADFUGGlQIdE3IDng\">\n<div id=\"chunk-7qkm8\">\n<div class=\"mc-column content-text active-extra-styles \" data-block-type=\"unstyled\" data-block-weight=\"52\" data-block-id=\"73\">\n<p class=\"content-text__container \" data-track-category=\"Link no Texto\" data-track-links=\"\">Mas se formos ao outro extremo, ao cen\u00e1rio previsto pela Organiza\u00e7\u00e3o dos Pa\u00edses Exportadores de Petr\u00f3leo (Opep), em que h\u00e1 um plat\u00f4 na demanda em vez de queda, &#8220;a Am\u00e9rica Latina se sairia muito bem, porque \u00e9 a regi\u00e3o com mais recursos petrol\u00edferos do mundo, depois do Oriente M\u00e9dio\u201d, diz o especialista.<\/p>\n<\/div>\n<\/div>\n<div data-track-category=\"multicontent\" data-track-action=\"ultimo chunk conteudo\" data-track-noninteraction=\"false\" data-track-scroll=\"view\">\n<div id=\"chunk-3nh94\">\n<div class=\"block-podcast\">Fonte: G1<\/div>\n<\/div>\n<\/div>\n<\/div>\n<\/div>\n<\/div>\n<\/div>\n<\/div>\n<\/div>\n<\/div>\n<\/div>\n<\/div>\n<\/div>\n<\/div>\n<\/div>\n<\/div>\n<\/div>\n<\/div>\n<\/div>\n<\/div>\n<\/div>\n<\/div>\n<\/div>\n<\/div>\n<\/div>\n<\/div>\n<\/div>\n<\/div>\n<\/div>\n<\/div>\n<\/div>\n<\/div>\n<\/div>\n<\/div>\n<\/div>\n<\/div>\n<\/div>\n<\/div>\n<\/div>\n<\/div>\n<\/div>\n<\/div>\n<\/div>\n","protected":false},"excerpt":{"rendered":"<p>Embora possa parecer uma contradi\u00e7\u00e3o, em meio \u00e0 crise das mudan\u00e7as clim\u00e1ticas, a produ\u00e7\u00e3o mundial de petr\u00f3leo aumentar\u00e1 nesta d\u00e9cada, segundo a Ag\u00eancia Internacional de&#8230;<\/p>\n","protected":false},"author":1527,"featured_media":46795,"comment_status":"closed","ping_status":"closed","sticky":false,"template":"","format":"standard","meta":{"footnotes":""},"categories":[6],"tags":[],"class_list":["post-46794","post","type-post","status-publish","format-standard","has-post-thumbnail","hentry","category-noticias"],"_links":{"self":[{"href":"https:\/\/www.sincomam.org.br\/index.php\/wp-json\/wp\/v2\/posts\/46794","targetHints":{"allow":["GET"]}}],"collection":[{"href":"https:\/\/www.sincomam.org.br\/index.php\/wp-json\/wp\/v2\/posts"}],"about":[{"href":"https:\/\/www.sincomam.org.br\/index.php\/wp-json\/wp\/v2\/types\/post"}],"author":[{"embeddable":true,"href":"https:\/\/www.sincomam.org.br\/index.php\/wp-json\/wp\/v2\/users\/1527"}],"replies":[{"embeddable":true,"href":"https:\/\/www.sincomam.org.br\/index.php\/wp-json\/wp\/v2\/comments?post=46794"}],"version-history":[{"count":1,"href":"https:\/\/www.sincomam.org.br\/index.php\/wp-json\/wp\/v2\/posts\/46794\/revisions"}],"predecessor-version":[{"id":46796,"href":"https:\/\/www.sincomam.org.br\/index.php\/wp-json\/wp\/v2\/posts\/46794\/revisions\/46796"}],"wp:featuredmedia":[{"embeddable":true,"href":"https:\/\/www.sincomam.org.br\/index.php\/wp-json\/wp\/v2\/media\/46795"}],"wp:attachment":[{"href":"https:\/\/www.sincomam.org.br\/index.php\/wp-json\/wp\/v2\/media?parent=46794"}],"wp:term":[{"taxonomy":"category","embeddable":true,"href":"https:\/\/www.sincomam.org.br\/index.php\/wp-json\/wp\/v2\/categories?post=46794"},{"taxonomy":"post_tag","embeddable":true,"href":"https:\/\/www.sincomam.org.br\/index.php\/wp-json\/wp\/v2\/tags?post=46794"}],"curies":[{"name":"wp","href":"https:\/\/api.w.org\/{rel}","templated":true}]}}