{"id":46790,"date":"2023-08-07T09:13:38","date_gmt":"2023-08-07T12:13:38","guid":{"rendered":"http:\/\/www.sincomam.org.br\/?p=46790"},"modified":"2023-08-07T09:13:38","modified_gmt":"2023-08-07T12:13:38","slug":"navio-aerodromo-multiproposito-atlantico-uma-noite-de-historia-e-cultura-em-belem","status":"publish","type":"post","link":"https:\/\/www.sincomam.org.br\/index.php\/navio-aerodromo-multiproposito-atlantico-uma-noite-de-historia-e-cultura-em-belem\/","title":{"rendered":"Navio Aer\u00f3dromo Multiprop\u00f3sito Atl\u00e2ntico: Uma Noite de Hist\u00f3ria e Cultura em Bel\u00e9m"},"content":{"rendered":"<p>O Corpo de Fuzileiros Navais (CFN) tem uma tradi\u00e7\u00e3o: a \u201cParada Ap\u00f3s o P\u00f4r do Sol\u201d. E nesta segunda-feira (07\/08), \u00e0s 20h, essa tradi\u00e7\u00e3o ganhar\u00e1 um cen\u00e1rio in\u00e9dito: o\u00a0Navio Aer\u00f3dromo Multiprop\u00f3sito (NAM) Atl\u00e2ntico, atracado no Porto de Bel\u00e9m-PA. Este gigante dos mares, o maior navio de guerra da Am\u00e9rica Latina, ser\u00e1 palco de proje\u00e7\u00f5es de imagens e sons, proporcionando uma experi\u00eancia \u00fanica para os presentes.<\/p>\n<p><strong>Homenagem \u00e0 C\u00fapula da Amaz\u00f4nia<\/strong><br \/>\nEmbora a \u201cParada Ap\u00f3s o P\u00f4r do Sol\u201d seja tradicionalmente realizada na Fortaleza de S\u00e3o Jos\u00e9 da Ilha das Cobras, no Rio de Janeiro, esta edi\u00e7\u00e3o no NAM Atl\u00e2ntico \u00e9 especial. A bordo da Capit\u00e2nia da Esquadra brasileira, a noite ser\u00e1 uma homenagem \u00e0\u00a0C\u00fapula da Amaz\u00f4nia, celebrando os pa\u00edses que comp\u00f5em esta importante regi\u00e3o e toda sua riqueza e esplendor. A apresenta\u00e7\u00e3o contar\u00e1 com a Banda Marcial e Sinf\u00f4nica do CFN e uma performance do Pelot\u00e3o de Ordem Unida Silenciosa, prometendo encantar a todos.<\/p>\n<p><strong>Revivendo a Hist\u00f3ria Brasileira<\/strong><br \/>\nA \u201cParada Ap\u00f3s o P\u00f4r do Sol\u201d \u00e9 mais do que uma simples apresenta\u00e7\u00e3o. \u00c9 uma viagem pela hist\u00f3ria brasileira. Com uma superestrutura de luz e som, proje\u00e7\u00f5es mapeadas, tel\u00f5es e salva de canh\u00f5es hist\u00f3ricos, o evento relembrar\u00e1 momentos cruciais desde o Descobrimento, em 1500. Al\u00e9m disso, o NAM Atl\u00e2ntico, que tem impressionantes 208 metros de comprimento, estar\u00e1 aberto para visita\u00e7\u00e3o p\u00fablica gratuita, permitindo que todos conhe\u00e7am de perto esta majestosa embarca\u00e7\u00e3o.<\/p>\n<p><strong>Celebra\u00e7\u00f5es Continuam por Todo o Brasil<\/strong><br \/>\nMas as celebra\u00e7\u00f5es n\u00e3o param por a\u00ed. Em comemora\u00e7\u00e3o ao Bicenten\u00e1rio da Ades\u00e3o do Par\u00e1 \u00e0 Independ\u00eancia do Brasil, a Banda Sinf\u00f4nica do CFN se apresentar\u00e1 no Centro de Conven\u00e7\u00f5es Centen\u00e1rio Assembleia de Deus. E ao longo de agosto, os talentosos militares da Banda de M\u00fasica, da Banda Marcial e do Pelot\u00e3o de Ordem Unida Silenciosa do CFN levar\u00e3o sua arte para Fortaleza-CE, Natal-RN, Recife-PE e Vit\u00f3ria-ES, promovendo cultura e integra\u00e7\u00e3o nacional.<\/p>\n<p>Fonte: Defesa em foco<\/p>\n","protected":false},"excerpt":{"rendered":"<p>O Corpo de Fuzileiros Navais (CFN) tem uma tradi\u00e7\u00e3o: a \u201cParada Ap\u00f3s o P\u00f4r do Sol\u201d. E nesta segunda-feira (07\/08), \u00e0s 20h, essa tradi\u00e7\u00e3o ganhar\u00e1&#8230;<\/p>\n","protected":false},"author":1527,"featured_media":46791,"comment_status":"closed","ping_status":"closed","sticky":false,"template":"","format":"standard","meta":{"footnotes":""},"categories":[6],"tags":[],"class_list":["post-46790","post","type-post","status-publish","format-standard","has-post-thumbnail","hentry","category-noticias"],"_links":{"self":[{"href":"https:\/\/www.sincomam.org.br\/index.php\/wp-json\/wp\/v2\/posts\/46790","targetHints":{"allow":["GET"]}}],"collection":[{"href":"https:\/\/www.sincomam.org.br\/index.php\/wp-json\/wp\/v2\/posts"}],"about":[{"href":"https:\/\/www.sincomam.org.br\/index.php\/wp-json\/wp\/v2\/types\/post"}],"author":[{"embeddable":true,"href":"https:\/\/www.sincomam.org.br\/index.php\/wp-json\/wp\/v2\/users\/1527"}],"replies":[{"embeddable":true,"href":"https:\/\/www.sincomam.org.br\/index.php\/wp-json\/wp\/v2\/comments?post=46790"}],"version-history":[{"count":1,"href":"https:\/\/www.sincomam.org.br\/index.php\/wp-json\/wp\/v2\/posts\/46790\/revisions"}],"predecessor-version":[{"id":46792,"href":"https:\/\/www.sincomam.org.br\/index.php\/wp-json\/wp\/v2\/posts\/46790\/revisions\/46792"}],"wp:featuredmedia":[{"embeddable":true,"href":"https:\/\/www.sincomam.org.br\/index.php\/wp-json\/wp\/v2\/media\/46791"}],"wp:attachment":[{"href":"https:\/\/www.sincomam.org.br\/index.php\/wp-json\/wp\/v2\/media?parent=46790"}],"wp:term":[{"taxonomy":"category","embeddable":true,"href":"https:\/\/www.sincomam.org.br\/index.php\/wp-json\/wp\/v2\/categories?post=46790"},{"taxonomy":"post_tag","embeddable":true,"href":"https:\/\/www.sincomam.org.br\/index.php\/wp-json\/wp\/v2\/tags?post=46790"}],"curies":[{"name":"wp","href":"https:\/\/api.w.org\/{rel}","templated":true}]}}