{"id":46778,"date":"2023-08-07T09:07:24","date_gmt":"2023-08-07T12:07:24","guid":{"rendered":"http:\/\/www.sincomam.org.br\/?p=46778"},"modified":"2023-08-07T09:07:24","modified_gmt":"2023-08-07T12:07:24","slug":"ondas-e-ondas-do-oceano-pacifico-estao-ficando-maiores-a-medida-que-o-clima-esquenta","status":"publish","type":"post","link":"https:\/\/www.sincomam.org.br\/index.php\/ondas-e-ondas-do-oceano-pacifico-estao-ficando-maiores-a-medida-que-o-clima-esquenta\/","title":{"rendered":"Ondas e ondas do Oceano Pac\u00edfico est\u00e3o ficando maiores \u00e0 medida que o clima esquenta"},"content":{"rendered":"<p>Um estudo da Scripps Institution of Oceanography, dos EUA, indica que as ondas ao longo da costa da Calif\u00f3rnia est\u00e3o ficando cada vez maiores devido ao aquecimento global. As alturas das ondas de inverno aumentaram quase 30 cent\u00edmetros desde 1970. Ondas de pelo menos quatro metros de altura est\u00e3o se tornando mais comuns na costa \u00e0 medida que o clima fica mais quente.<\/p>\n<p>Mais ondas gigantes podem resultar em inunda\u00e7\u00f5es e eros\u00e3o adicionais. As ondas acompanham o n\u00edvel do mar, que est\u00e1 subindo devido \u00e0s mudan\u00e7as clim\u00e1ticas, explicou Peter Bromirski, principal autor do estudo, ocean\u00f3grafo especialista associado \u00e0 institui\u00e7\u00e3o que realizou o estudo.<\/p>\n<p>Quando o n\u00edvel do mar se eleva ainda mais durante as tempestades, mais energia das ondas pode atingir as fal\u00e9sias, inundar as regi\u00f5es baixas ou at\u00e9 mesmo prejudicar a infraestrutura costeira. Danos causados por tempestades intensas e ondas massivas est\u00e3o acontecendo. No inverno passado, as tempestades e ondas gigantes da Calif\u00f3rnia derrubaram penhascos e prejudicaram os p\u00ederes. De acordo com o estudo, \u00e0 medida que o n\u00edvel do mar continua subindo, estima-se que at\u00e9 ondas com altura moderada no futuro impactem a costa com tanta for\u00e7a quanto as ondas maiores hoje.<\/p>\n<div id=\"beacon_6fccc1c63b\"><\/div>\n<p>Os pesquisadores usaram 90 anos de dados s\u00edsmicos para medir as alturas das ondas do passado, criando um registro inesperado das ondas que atingiram a costa da Calif\u00f3rnia nas \u00faltimas d\u00e9cadas. Eles descobriram que as alturas m\u00e9dias das ondas de inverno aumentaram aproximadamente 30 cent\u00edmetros desde 1970.<\/p>\n<p>O estudo se une a pesquisas anteriores sugerindo que as atividades de tempestades no Oceano Pac\u00edfico Norte aumentaram significativamente sob as mudan\u00e7as clim\u00e1ticas.<\/p>\n<p>Fonte: Portos e Navios<\/p>\n","protected":false},"excerpt":{"rendered":"<p>Um estudo da Scripps Institution of Oceanography, dos EUA, indica que as ondas ao longo da costa da Calif\u00f3rnia est\u00e3o ficando cada vez maiores devido&#8230;<\/p>\n","protected":false},"author":1527,"featured_media":46779,"comment_status":"closed","ping_status":"closed","sticky":false,"template":"","format":"standard","meta":{"footnotes":""},"categories":[6],"tags":[],"class_list":["post-46778","post","type-post","status-publish","format-standard","has-post-thumbnail","hentry","category-noticias"],"_links":{"self":[{"href":"https:\/\/www.sincomam.org.br\/index.php\/wp-json\/wp\/v2\/posts\/46778","targetHints":{"allow":["GET"]}}],"collection":[{"href":"https:\/\/www.sincomam.org.br\/index.php\/wp-json\/wp\/v2\/posts"}],"about":[{"href":"https:\/\/www.sincomam.org.br\/index.php\/wp-json\/wp\/v2\/types\/post"}],"author":[{"embeddable":true,"href":"https:\/\/www.sincomam.org.br\/index.php\/wp-json\/wp\/v2\/users\/1527"}],"replies":[{"embeddable":true,"href":"https:\/\/www.sincomam.org.br\/index.php\/wp-json\/wp\/v2\/comments?post=46778"}],"version-history":[{"count":1,"href":"https:\/\/www.sincomam.org.br\/index.php\/wp-json\/wp\/v2\/posts\/46778\/revisions"}],"predecessor-version":[{"id":46780,"href":"https:\/\/www.sincomam.org.br\/index.php\/wp-json\/wp\/v2\/posts\/46778\/revisions\/46780"}],"wp:featuredmedia":[{"embeddable":true,"href":"https:\/\/www.sincomam.org.br\/index.php\/wp-json\/wp\/v2\/media\/46779"}],"wp:attachment":[{"href":"https:\/\/www.sincomam.org.br\/index.php\/wp-json\/wp\/v2\/media?parent=46778"}],"wp:term":[{"taxonomy":"category","embeddable":true,"href":"https:\/\/www.sincomam.org.br\/index.php\/wp-json\/wp\/v2\/categories?post=46778"},{"taxonomy":"post_tag","embeddable":true,"href":"https:\/\/www.sincomam.org.br\/index.php\/wp-json\/wp\/v2\/tags?post=46778"}],"curies":[{"name":"wp","href":"https:\/\/api.w.org\/{rel}","templated":true}]}}