{"id":4677,"date":"2014-04-03T09:52:14","date_gmt":"2014-04-03T12:52:14","guid":{"rendered":"http:\/\/www.sincomam.org.br\/?p=4677"},"modified":"2014-04-03T09:54:08","modified_gmt":"2014-04-03T12:54:08","slug":"forcas-armadas-vao-investigar-tortura-em-unidades-militares-durante-a-ditadura","status":"publish","type":"post","link":"https:\/\/www.sincomam.org.br\/index.php\/forcas-armadas-vao-investigar-tortura-em-unidades-militares-durante-a-ditadura\/","title":{"rendered":"For\u00e7as Armadas v\u00e3o investigar tortura em unidades militares durante a ditadura"},"content":{"rendered":"<p><b><i>Ex\u00e9rcito, Marinha e Aeron\u00e1utica abriram sindic\u00e2ncias pr\u00f3prias para apurar mortes e maus tratos em sete instala\u00e7\u00f5es militares ap\u00f3s requerimento da Comiss\u00e3o da Verdade<\/i><\/b><\/p>\n<p>As For\u00e7as Armadas abriram sindic\u00e2ncias para investigar o uso de instala\u00e7\u00f5es militares para torturar e matar opositores \u00e0 ditadura militar. O an\u00fancio foi feito nesta ter\u00e7a-feira pelo ministro da Defesa, Celso Amorim, ao coordenador da Comiss\u00e3o Nacional da Verdade (CNV), Pedro Dallari. Ex\u00e9rcito, Marinha e Aeron\u00e1utica iniciaram investiga\u00e7\u00f5es individuais que ir\u00e3o se concentrar na busca por ind\u00edcios de maus tratos e mortes ocorridas em sete \u00e1reas militares no Rio de Janeiro, em S\u00e3o Paulo, Minas Gerais e Pernambuco.<\/p>\n<p>A iniciativa tem o objetivo de reverter a investiga\u00e7\u00e3o conduzida pelas For\u00e7as Armadas nos anos 1980 e 1990, que n\u00e3o apontou a identidade dos executados e nem de seus algozes. A nova sindic\u00e2ncia n\u00e3o investigar\u00e1 a base militar desativada do Araguaia, no Par\u00e1, que concentrou a maior ofensiva contra o regime.<\/p>\n<p>O an\u00fancio do ministro da Defesa responde a um requerimento feito pela CNV no dia 18 de fevereiro e foi corroborado pelos comandos do Ex\u00e9rcito, da Marinha e Aeron\u00e1utica. O general Enzo Martins Peri, comandante do Ex\u00e9rcito, respondeu ao of\u00edcio em 24 de mar\u00e7o, afirmando ter instaurado processo de investiga\u00e7\u00e3o para buscar &#8220;informa\u00e7\u00f5es dispon\u00edveis sobre o tema aos \u00d3rg\u00e3os de Dire\u00e7\u00e3o Setorial e aos Comandos Militares de \u00c1rea&#8221;. Os comandos da Marinha e da Aeron\u00e1utica emitiram resposta nesta segunda-feira.<\/p>\n<p>Fonte: Estad\u00e3o<\/p>\n","protected":false},"excerpt":{"rendered":"<p>Ex\u00e9rcito, Marinha e Aeron\u00e1utica abriram sindic\u00e2ncias pr\u00f3prias para apurar mortes e maus tratos em sete instala\u00e7\u00f5es militares ap\u00f3s requerimento da Comiss\u00e3o da Verdade As For\u00e7as&#8230;<\/p>\n","protected":false},"author":1182,"featured_media":4679,"comment_status":"closed","ping_status":"closed","sticky":false,"template":"","format":"standard","meta":{"footnotes":""},"categories":[6],"tags":[899,894,896,297,692,898,895,897],"class_list":["post-4677","post","type-post","status-publish","format-standard","has-post-thumbnail","hentry","category-noticias","tag-ditadura-militar","tag-forcas-armadas","tag-instalacoes","tag-investigacao","tag-militares","tag-opositores","tag-sindicancias","tag-tortura"],"_links":{"self":[{"href":"https:\/\/www.sincomam.org.br\/index.php\/wp-json\/wp\/v2\/posts\/4677","targetHints":{"allow":["GET"]}}],"collection":[{"href":"https:\/\/www.sincomam.org.br\/index.php\/wp-json\/wp\/v2\/posts"}],"about":[{"href":"https:\/\/www.sincomam.org.br\/index.php\/wp-json\/wp\/v2\/types\/post"}],"author":[{"embeddable":true,"href":"https:\/\/www.sincomam.org.br\/index.php\/wp-json\/wp\/v2\/users\/1182"}],"replies":[{"embeddable":true,"href":"https:\/\/www.sincomam.org.br\/index.php\/wp-json\/wp\/v2\/comments?post=4677"}],"version-history":[{"count":1,"href":"https:\/\/www.sincomam.org.br\/index.php\/wp-json\/wp\/v2\/posts\/4677\/revisions"}],"predecessor-version":[{"id":4678,"href":"https:\/\/www.sincomam.org.br\/index.php\/wp-json\/wp\/v2\/posts\/4677\/revisions\/4678"}],"wp:featuredmedia":[{"embeddable":true,"href":"https:\/\/www.sincomam.org.br\/index.php\/wp-json\/wp\/v2\/media\/4679"}],"wp:attachment":[{"href":"https:\/\/www.sincomam.org.br\/index.php\/wp-json\/wp\/v2\/media?parent=4677"}],"wp:term":[{"taxonomy":"category","embeddable":true,"href":"https:\/\/www.sincomam.org.br\/index.php\/wp-json\/wp\/v2\/categories?post=4677"},{"taxonomy":"post_tag","embeddable":true,"href":"https:\/\/www.sincomam.org.br\/index.php\/wp-json\/wp\/v2\/tags?post=4677"}],"curies":[{"name":"wp","href":"https:\/\/api.w.org\/{rel}","templated":true}]}}