{"id":46755,"date":"2023-08-03T11:12:04","date_gmt":"2023-08-03T14:12:04","guid":{"rendered":"http:\/\/www.sincomam.org.br\/?p=46755"},"modified":"2023-08-03T11:12:04","modified_gmt":"2023-08-03T14:12:04","slug":"ministros-projetam-ciclo-de-queda-da-selic-nos-proximos-meses","status":"publish","type":"post","link":"https:\/\/www.sincomam.org.br\/index.php\/ministros-projetam-ciclo-de-queda-da-selic-nos-proximos-meses\/","title":{"rendered":"Ministros projetam ciclo de queda da Selic nos pr\u00f3ximos meses"},"content":{"rendered":"<div class=\"post-item-wrap\">\n<p>Com a decis\u00e3o do Banco Central de reduzir a taxa Selic para\u00a013,25% ao ano, ministros do governo do presidente Luiz In\u00e1cio Lula da Silva consideram que a queda ocorre ap\u00f3s a economia apresentar\u00a0condi\u00e7\u00f5es necess\u00e1rias e projetam novas redu\u00e7\u00f5es dos juros nos pr\u00f3ximos meses.<img decoding=\"async\" src=\"https:\/\/agenciabrasil.ebc.com.br\/ebc.png?id=1547134&amp;o=node\" \/><img decoding=\"async\" src=\"https:\/\/agenciabrasil.ebc.com.br\/ebc.gif?id=1547134&amp;o=node\" \/><\/p>\n<p>Pela primeira vez, o Banco Central (BC) cortou os juros em tr\u00eas anos. Por 5 votos a 4, o Comit\u00ea de Pol\u00edtica Monet\u00e1ria (Copom) reduziu a taxa Selic, juros b\u00e1sicos da economia, em 0,5 ponto percentual, para 13,25% ao ano. A decis\u00e3o surpreendeu o mercado financeiro, que esperava um\u00a0corte de 0,25 ponto.<img decoding=\"async\" src=\"file:\/\/\/C:\/Users\/CAROLI~1.PIM\/AppData\/Local\/Temp\/msohtmlclip1\/01\/clip_image001.png\" width=\"1\" height=\"1\" border=\"0\" \/><img decoding=\"async\" src=\"file:\/\/\/C:\/Users\/CAROLI~1.PIM\/AppData\/Local\/Temp\/msohtmlclip1\/01\/clip_image001.png\" width=\"1\" height=\"1\" border=\"0\" \/><\/p>\n<p>\u201cJuros mais baixos no Brasil significa que o empres\u00e1rio, o comerciante e voc\u00ea pode pegar empr\u00e9stimos a valores mais baratos e com isso fazer com que a economia gire mais r\u00e1pido. Mais emprego, mais investimento, melhorar a vida de cada um. O governo do presidente Lula, o Congresso Nacional e a sociedade j\u00e1 tinham criado todas as condi\u00e7\u00f5es necess\u00e1rias para que a gente come\u00e7asse essa trajet\u00f3ria decrescente\u201d, disse o ministro das Rela\u00e7\u00f5es Institucionais, Alexandre Padilha, afirmando que o governo quer dar condi\u00e7\u00f5es para que os juros possam continuar caindo no pa\u00eds.<\/p>\n<p>Para Simone Tebet, ministra do Planejamento e Or\u00e7amento, o corte de 0,5% dos juros, acompanhado do indicativo de mais redu\u00e7\u00f5es adiante, mostra que o Banco Central fica em sintonia com o cen\u00e1rio atual, de queda da infla\u00e7\u00e3o e de melhoria fiscal. \u201cOs avan\u00e7os institucionais do pa\u00eds nos \u00faltimos sete meses, incluindo a aprova\u00e7\u00e3o da reforma tribut\u00e1ria pela C\u00e2mara, tem gerado as condi\u00e7\u00f5es para os cortes nos juros\u201d, disse em um postagem em rede social.<\/p>\n<p>O vice-presidente da Rep\u00fablica e ministro do Desenvolvimento, Ind\u00fastria, Com\u00e9rcio e Servi\u00e7os, Geraldo Alckmin, prev\u00ea uma taxa ainda menor nos pr\u00f3ximos meses \u201cOs \u00edndices de infla\u00e7\u00e3o ca\u00edram todos, as perspectivas melhoraram e estamos avan\u00e7ando com reformas importantes em torno de um pa\u00eds mais justo e pr\u00f3spero\u201d.<\/p>\n<p>Na avalia\u00e7\u00e3o do ministro da Casa Civil, Rui Costa, a redu\u00e7\u00e3o indica que o Brasil est\u00e1 no rumo certo. \u201cSeguimos trabalhando por um crescimento econ\u00f4mico s\u00f3lido e que promova melhorias ainda mais concretas na vida dos brasileiros\u201d, afirmou.<\/p>\n<p>Fonte: Ag\u00eancia Brasil<\/p>\n<\/div>\n","protected":false},"excerpt":{"rendered":"<p>Com a decis\u00e3o do Banco Central de reduzir a taxa Selic para\u00a013,25% ao ano, ministros do governo do presidente Luiz In\u00e1cio Lula da Silva consideram&#8230;<\/p>\n","protected":false},"author":1527,"featured_media":46559,"comment_status":"closed","ping_status":"closed","sticky":false,"template":"","format":"standard","meta":{"footnotes":""},"categories":[6],"tags":[],"class_list":["post-46755","post","type-post","status-publish","format-standard","has-post-thumbnail","hentry","category-noticias"],"_links":{"self":[{"href":"https:\/\/www.sincomam.org.br\/index.php\/wp-json\/wp\/v2\/posts\/46755","targetHints":{"allow":["GET"]}}],"collection":[{"href":"https:\/\/www.sincomam.org.br\/index.php\/wp-json\/wp\/v2\/posts"}],"about":[{"href":"https:\/\/www.sincomam.org.br\/index.php\/wp-json\/wp\/v2\/types\/post"}],"author":[{"embeddable":true,"href":"https:\/\/www.sincomam.org.br\/index.php\/wp-json\/wp\/v2\/users\/1527"}],"replies":[{"embeddable":true,"href":"https:\/\/www.sincomam.org.br\/index.php\/wp-json\/wp\/v2\/comments?post=46755"}],"version-history":[{"count":1,"href":"https:\/\/www.sincomam.org.br\/index.php\/wp-json\/wp\/v2\/posts\/46755\/revisions"}],"predecessor-version":[{"id":46756,"href":"https:\/\/www.sincomam.org.br\/index.php\/wp-json\/wp\/v2\/posts\/46755\/revisions\/46756"}],"wp:featuredmedia":[{"embeddable":true,"href":"https:\/\/www.sincomam.org.br\/index.php\/wp-json\/wp\/v2\/media\/46559"}],"wp:attachment":[{"href":"https:\/\/www.sincomam.org.br\/index.php\/wp-json\/wp\/v2\/media?parent=46755"}],"wp:term":[{"taxonomy":"category","embeddable":true,"href":"https:\/\/www.sincomam.org.br\/index.php\/wp-json\/wp\/v2\/categories?post=46755"},{"taxonomy":"post_tag","embeddable":true,"href":"https:\/\/www.sincomam.org.br\/index.php\/wp-json\/wp\/v2\/tags?post=46755"}],"curies":[{"name":"wp","href":"https:\/\/api.w.org\/{rel}","templated":true}]}}