{"id":46743,"date":"2023-08-03T10:39:58","date_gmt":"2023-08-03T13:39:58","guid":{"rendered":"http:\/\/www.sincomam.org.br\/?p=46743"},"modified":"2023-08-03T10:43:07","modified_gmt":"2023-08-03T13:43:07","slug":"exporta-brasil-sera-lancado-para-apoiar-participacao-de-pmes-no-comercio-exterior","status":"publish","type":"post","link":"https:\/\/www.sincomam.org.br\/index.php\/exporta-brasil-sera-lancado-para-apoiar-participacao-de-pmes-no-comercio-exterior\/","title":{"rendered":"EXPORTA BRASIL SER\u00c1 LAN\u00c7ADO PARA APOIAR PARTICIPA\u00c7\u00c3O DE PMES NO COM\u00c9RCIO EXTERIOR"},"content":{"rendered":"<p>A partir deste m\u00eas de agosto, empresas de v\u00e1rios setores produtivos, das cinco regi\u00f5es brasileiras, poder\u00e3o ter acesso ainda mais facilitado ao mercado internacional sem precisar sair do pa\u00eds por meio do Programa Exporta Brasil. Promovida pela Ag\u00eancia Brasileira de Promo\u00e7\u00e3o de Exporta\u00e7\u00f5es e Investimentos (ApexBrasil), a iniciativa ser\u00e1 lan\u00e7ada oficialmente nos dias 17 e 18 de agosto, durante o V Congresso Moveleiro do Nordeste (Conemov), o principal evento do setor moveleiro na regi\u00e3o.<\/p>\n<p><strong>Reuni\u00f5es com compradores internacionais<\/strong><\/p>\n<p>Com o slogan \u201cRodando o pa\u00eds para as nossas empresas ganharem o mundo\u201d, o Exporta Brasil buscar\u00e1 uma aproxima\u00e7\u00e3o ativa com todas as regi\u00f5es do pa\u00eds para potencializar as suas exporta\u00e7\u00f5es. Por meio do Programa, empresas de diferentes setores produtivos poder\u00e3o realizar reuni\u00f5es com compradores internacionais, que vir\u00e3o ao pa\u00eds em busca de produtos ligados a setores espec\u00edficos. Ao todo, ser\u00e3o congregados mais de 100 compradores estrangeiros e 300 empresas brasileiras em uma iniciativa in\u00e9dita e de alcance nacional.<\/p>\n<p>\u201cFaremos uma grande \u2018caravana\u2019 pelo Brasil, passando por todas as regi\u00f5es do pa\u00eds, contribuindo para fortalecer a cultura exportadora de v\u00e1rios setores produtivos. Em muitos casos, a rodada do Exporta Brasil ser\u00e1 realizada junto de um evento setorial, somando esfor\u00e7os com entidades parceiras de longa data da Ag\u00eancia. \u00c9 o Brasil de volta para si e para o mundo!\u201d, comenta o presidente da ApexBrasil, Jorge Viana.<\/p>\n<p>A ApexBrasil est\u00e1 respons\u00e1vel por arregimentar os compradores internacionais, enquanto entidades setoriais parceiras da Ag\u00eancia dever\u00e3o contribuir para a mobiliza\u00e7\u00e3o de empresas produtoras. Para potencializar suas agendas, as ind\u00fastrias brasileiras participantes poder\u00e3o, tamb\u00e9m, se reunir com comerciais exportadoras e\/ou tradings especializadas no referido setor. Ainda, ter\u00e3o a oportunidade de realizar visitas t\u00e9cnicas para entender melhor como funciona o processo produtivo nacional.<\/p>\n<p><strong>As 13 rodadas programadas<\/strong><\/p>\n<p>At\u00e9 o final do ano, est\u00e3o previstas 13 rodadas do Exporta Brasil, em diferentes estados e setores. Confira abaixo a programa\u00e7\u00e3o mensal:<\/p>\n<ul>\n<li>Agosto: m\u00f3veis (Para\u00edba); rochas ornamentais (Esp\u00edrito Santo); caf\u00e9 (Rond\u00f4nia).<\/li>\n<li>Setembro: mel (S\u00e3o Paulo); pescados (Paran\u00e1); artesanato (Cear\u00e1).<\/li>\n<li>Outubro: cerveja (Rio de Janeiro); cosm\u00e9ticos (Goi\u00e1s).<\/li>\n<li>Novembro: caf\u00e9 (Minas Gerais); economia criativa (Distrito Federal); cal\u00e7ados (Rio Grande do Sul); alimentos e bebidas (Acre).<\/li>\n<li>Dezembro: frutas (Pernambuco).<\/li>\n<\/ul>\n<p><strong>SERVI\u00c7O<br \/>\n<\/strong><strong>Programa Exporta Brasil<\/strong>, da Ag\u00eancia Brasileira de Promo\u00e7\u00e3o de Exporta\u00e7\u00f5es e Investimentos<\/p>\n<p>13 rodadas entre agosto e dezembro de 2023 Mais informa\u00e7\u00f5es:\u00a0<a href=\"mailto:imprensa@apexbrasil.com.br\">imprensa@apexbrasil.com.br<\/a>\u00a0<a href=\"http:\/\/www.apexbrasil.com.br\/\" data-saferedirecturl=\"https:\/\/www.google.com\/url?q=http:\/\/www.apexbrasil.com.br&amp;source=gmail&amp;ust=1691002976921000&amp;usg=AOvVaw1jTiL2p4recM89cGfshkMu\">www.apexbrasil.com.br<\/a><\/p>\n<p>Fonte:\u00a0 Via Comex do Brasil, com informa\u00e7\u00f5es da ApexBrasil<\/p>\n<div class=\"vw-sticky-sidebar theiaStickySidebar\"><\/div>\n<div id=\"infor-470571315\" class=\"infor-depois-do-conteudo\"><\/div>\n","protected":false},"excerpt":{"rendered":"<p>A partir deste m\u00eas de agosto, empresas de v\u00e1rios setores produtivos, das cinco regi\u00f5es brasileiras, poder\u00e3o ter acesso ainda mais facilitado ao mercado internacional sem&#8230;<\/p>\n","protected":false},"author":1527,"featured_media":46483,"comment_status":"closed","ping_status":"closed","sticky":false,"template":"","format":"standard","meta":{"footnotes":""},"categories":[6],"tags":[],"class_list":["post-46743","post","type-post","status-publish","format-standard","has-post-thumbnail","hentry","category-noticias"],"_links":{"self":[{"href":"https:\/\/www.sincomam.org.br\/index.php\/wp-json\/wp\/v2\/posts\/46743","targetHints":{"allow":["GET"]}}],"collection":[{"href":"https:\/\/www.sincomam.org.br\/index.php\/wp-json\/wp\/v2\/posts"}],"about":[{"href":"https:\/\/www.sincomam.org.br\/index.php\/wp-json\/wp\/v2\/types\/post"}],"author":[{"embeddable":true,"href":"https:\/\/www.sincomam.org.br\/index.php\/wp-json\/wp\/v2\/users\/1527"}],"replies":[{"embeddable":true,"href":"https:\/\/www.sincomam.org.br\/index.php\/wp-json\/wp\/v2\/comments?post=46743"}],"version-history":[{"count":1,"href":"https:\/\/www.sincomam.org.br\/index.php\/wp-json\/wp\/v2\/posts\/46743\/revisions"}],"predecessor-version":[{"id":46745,"href":"https:\/\/www.sincomam.org.br\/index.php\/wp-json\/wp\/v2\/posts\/46743\/revisions\/46745"}],"wp:featuredmedia":[{"embeddable":true,"href":"https:\/\/www.sincomam.org.br\/index.php\/wp-json\/wp\/v2\/media\/46483"}],"wp:attachment":[{"href":"https:\/\/www.sincomam.org.br\/index.php\/wp-json\/wp\/v2\/media?parent=46743"}],"wp:term":[{"taxonomy":"category","embeddable":true,"href":"https:\/\/www.sincomam.org.br\/index.php\/wp-json\/wp\/v2\/categories?post=46743"},{"taxonomy":"post_tag","embeddable":true,"href":"https:\/\/www.sincomam.org.br\/index.php\/wp-json\/wp\/v2\/tags?post=46743"}],"curies":[{"name":"wp","href":"https:\/\/api.w.org\/{rel}","templated":true}]}}