{"id":46740,"date":"2023-08-03T10:36:19","date_gmt":"2023-08-03T13:36:19","guid":{"rendered":"http:\/\/www.sincomam.org.br\/?p=46740"},"modified":"2023-08-03T10:36:19","modified_gmt":"2023-08-03T13:36:19","slug":"ministro-de-portos-e-aeroportos-marcio-franca-confirma-presenca-na-cerimonia-de-abertura-da-navalshore-2023","status":"publish","type":"post","link":"https:\/\/www.sincomam.org.br\/index.php\/ministro-de-portos-e-aeroportos-marcio-franca-confirma-presenca-na-cerimonia-de-abertura-da-navalshore-2023\/","title":{"rendered":"Ministro de Portos e Aeroportos, M\u00e1rcio Fran\u00e7a, confirma presen\u00e7a na cerim\u00f4nia de abertura da Navalshore 2023"},"content":{"rendered":"<section id=\"sp-main-body\">\n<div class=\"container\">\n<div class=\"row\">\n<div id=\"sp-component\" class=\"col-sm-12 col-md-12\">\n<div class=\"sp-column \">\n<article class=\"item item-page item-featured\">\n<div>\n<p>A ind\u00fastria mar\u00edtima est\u00e1 em ascens\u00e3o e com boas perspectivas para os pr\u00f3ximos anos. O setor naval conta com os recursos oriundos dos planos de investimento da Petrobras, cujo Plano Estrat\u00e9gico 2023-2027 prev\u00ea a inje\u00e7\u00e3o de US$ 78 bilh\u00f5es, para colocar em opera\u00e7\u00e3o 14 novas plataformas nos pr\u00f3ximos cinco anos.<\/p>\n<p>S\u00e3o quase US$ 100 bilh\u00f5es em recursos previstos para serem investidos em projetos no per\u00edodo, segundo a Petrobr\u00e1s. O objetivo \u00e9 ampliar em 15% o volume de investimentos ao longo dos pr\u00f3ximos cinco anos, al\u00e9m de injetar cerca de US$ 20 bilh\u00f5es em novos afretamentos de plataformas.<\/p>\n<p>\u00c9 nesse contexto que ser\u00e1 realizada a 17a edi\u00e7\u00e3o da Navalshore &#8211; Feira e Confer\u00eancia da Ind\u00fastria Mar\u00edtima, que acontece de 22 a 24 de agosto, no Expomag &#8211; Rio de Janeiro. O evento \u00e9 o principal encontro da ind\u00fastria mar\u00edtima e re\u00fane armadores, estaleiros, fabricantes e fornecedores do mercado para fomentar o debate deste ecossistema.<\/p>\n<p>O ministro dos Portos e Aeroportos, M\u00e1rcio Fran\u00e7a, confirmou presen\u00e7a e participar\u00e1 da cerim\u00f4nia de abertura do evento. &#8220;A ind\u00fastria mar\u00edtima \u00e9 estrat\u00e9gica para o Brasil. O presidente Lula nos pediu aten\u00e7\u00e3o especial com o setor&#8221;, destacou Fran\u00e7a.<\/p>\n<p>Al\u00e9m da \u00e1rea de exposi\u00e7\u00e3o com mais de 90 expositores nacionais e internacionais, o evento realiza tamb\u00e9m uma confer\u00eancia paralela. Este ano, ter\u00e1 como pain\u00e9is os temas &#8220;Caminhos para o fortalecimento da ind\u00fastria naval e offshore&#8221;, &#8220;Transi\u00e7\u00e3o energ\u00e9tica na ind\u00fastria mar\u00edtima&#8221;, &#8220;C\u00e2mara de nacionaliza\u00e7\u00e3o: desafios e oportunidades&#8221; e &#8220;Os impactos na ind\u00fastria naval da reciclagem de embarca\u00e7\u00f5es e o a\u00e7o verde&#8221;.<\/p>\n<p>Al\u00e9m do ministro, o presidente da Transpetro, S\u00e9rgio Bacci, o presidente do Sindicato Nacional da Ind\u00fastria da Constru\u00e7\u00e3o e Repara\u00e7\u00e3o Naval e Offshore (Sinaval) Ariovaldo Rocha, a vice-presidente do Sindicato Nacional das Empresas de Navega\u00e7\u00e3o (Syndarma)\/ Associa\u00e7\u00e3o das Empresas de Apoio Mar\u00edtimo (Abeam), Lilian Schaefer, e o diretor da Ag\u00eancia Nacional de Transportes Aquavi\u00e1rios (Antaq ), vice-almirante Wilson Pereira de Lima Filho, s\u00e3o outros nomes tamb\u00e9m confirmados para participar da cerim\u00f4nia de abertura, no dia 22. O governador do Estado do RJ, Cl\u00e1udio Castro, tamb\u00e9m \u00e9 esperado pelos organizadores do evento.<\/p>\n<p><strong>Ciclo de palestras<\/strong><\/p>\n<p>Al\u00e9m da confer\u00eancia, a Navalshore 2023 apresenta um ciclo de palestras nos dias 22 e 23 de agosto. O senior offshore manager do ABS, Carlos Machado, falar\u00e1 sobre os aspectos pr\u00e1ticos da jornada de descomissionamento. No mesmo dia, 22, o diretor para a Am\u00e9rica Latina da 4flow Consulting, Fern\u00e3o Croce, aborda como aumentar a performance log\u00edstica em um dos maiores estaleiros do mundo. Ainda dia 22, o gerente m\u00e9dico da BR Med, Gustavo Cardoso, e a m\u00e9dica T\u00e1vira Sucupira, da Constellation Oil Services, falam dos impactos das doen\u00e7as mentais e do abuso de psicotr\u00f3picos no trabalho offshore.<\/p>\n<p>Ainda no primeiro dia de evento, o regional sales manager da Motcom Engine Condition Monitoring Systems, Ingmar Auer, compartilha com o p\u00fablico presente o sistema Motcom de seguran\u00e7a preditiva de falhas em motores diesel, e o international sales manager da FuelTrax, JP Ambler, fala da redu\u00e7\u00e3o do consumo de combust\u00edvel e redu\u00e7\u00e3o de carbono para embarca\u00e7\u00f5es mar\u00edtimas.<\/p>\n<p>No mesmo dia, ainda ser\u00e3o tratados temas como os sistemas de inje\u00e7\u00e3o diesel: com as orienta\u00e7\u00f5es sobre produtos originais Bosch, apresentados pelo gerente de vendas da LAM &#8211; Bosch, Vinicius Andrade, e o especialista de vendas da linha Diesel &#8211; Bosch, Vitor Silvestrin. O primeiro dia termina com o especialista em compliance e consultor t\u00e9cnico da Flexprin, J\u00falio Barcellos, tratando das opera\u00e7\u00f5es ship-to-ship no Brasil e a singularidade operacional da cadeia log\u00edstica.<\/p>\n<p>No dia 23 de agosto, s\u00e3o esperados: a CEO da Centaurea, Alessandra Lopasso, para discutir o com\u00e9rcio exterior em Growth Process &#8211; Unindo tecnologia, dados e compartilhando conhecimento para multiplicar; o supervisor t\u00e9cnico da PPG, Luis Guilherme da Silva, trazendo a nova gera\u00e7\u00e3o de Silicone (fouling release), PPG SigmaglideR 2390; o gerente comercial da ICM Metais, Hugo Goulart, comentando sobre a prote\u00e7\u00e3o cat\u00f3dica e a import\u00e2ncia do controle da corros\u00e3o na ind\u00fastria naval. No mesmo dia, ainda se apresenta o diretor para as Am\u00e9ricas da Kongsberg, Vivek Barve, para falar da desmistifica\u00e7\u00e3o da digitaliza\u00e7\u00e3o.<\/p>\n<p>Todo o conte\u00fado e a programa\u00e7\u00e3o completa pode ser conferida pelo site do evento.<\/p>\n<p><strong>Servi\u00e7o<\/strong><br \/>\n17\u00aa edi\u00e7\u00e3o da Navalshore &#8211; Feira e Confer\u00eancia da Ind\u00fastria Mar\u00edtima<br \/>\nQuando: 22 a 24 de agosto de 2023.<br \/>\nOnde: Expomag &#8211; Rua Beatriz Larragoiti Lucas, s\/n &#8211; Cidade Nova, Rio de Janeiro\/RJ.<br \/>\nHor\u00e1rio: das 13h \u00e0s 20h.<br \/>\nPara o credenciamento de imprensa: clique aqui<\/p>\n<div class=\"addtoany_container\">Fonte: Portos e Navios<\/div>\n<\/div>\n<\/article>\n<\/div>\n<\/div>\n<\/div>\n<\/div>\n<\/section>\n","protected":false},"excerpt":{"rendered":"<p>A ind\u00fastria mar\u00edtima est\u00e1 em ascens\u00e3o e com boas perspectivas para os pr\u00f3ximos anos. O setor naval conta com os recursos oriundos dos planos de&#8230;<\/p>\n","protected":false},"author":1527,"featured_media":46741,"comment_status":"closed","ping_status":"closed","sticky":false,"template":"","format":"standard","meta":{"footnotes":""},"categories":[6],"tags":[],"class_list":["post-46740","post","type-post","status-publish","format-standard","has-post-thumbnail","hentry","category-noticias"],"_links":{"self":[{"href":"https:\/\/www.sincomam.org.br\/index.php\/wp-json\/wp\/v2\/posts\/46740","targetHints":{"allow":["GET"]}}],"collection":[{"href":"https:\/\/www.sincomam.org.br\/index.php\/wp-json\/wp\/v2\/posts"}],"about":[{"href":"https:\/\/www.sincomam.org.br\/index.php\/wp-json\/wp\/v2\/types\/post"}],"author":[{"embeddable":true,"href":"https:\/\/www.sincomam.org.br\/index.php\/wp-json\/wp\/v2\/users\/1527"}],"replies":[{"embeddable":true,"href":"https:\/\/www.sincomam.org.br\/index.php\/wp-json\/wp\/v2\/comments?post=46740"}],"version-history":[{"count":1,"href":"https:\/\/www.sincomam.org.br\/index.php\/wp-json\/wp\/v2\/posts\/46740\/revisions"}],"predecessor-version":[{"id":46742,"href":"https:\/\/www.sincomam.org.br\/index.php\/wp-json\/wp\/v2\/posts\/46740\/revisions\/46742"}],"wp:featuredmedia":[{"embeddable":true,"href":"https:\/\/www.sincomam.org.br\/index.php\/wp-json\/wp\/v2\/media\/46741"}],"wp:attachment":[{"href":"https:\/\/www.sincomam.org.br\/index.php\/wp-json\/wp\/v2\/media?parent=46740"}],"wp:term":[{"taxonomy":"category","embeddable":true,"href":"https:\/\/www.sincomam.org.br\/index.php\/wp-json\/wp\/v2\/categories?post=46740"},{"taxonomy":"post_tag","embeddable":true,"href":"https:\/\/www.sincomam.org.br\/index.php\/wp-json\/wp\/v2\/tags?post=46740"}],"curies":[{"name":"wp","href":"https:\/\/api.w.org\/{rel}","templated":true}]}}