{"id":4673,"date":"2014-04-03T09:47:24","date_gmt":"2014-04-03T12:47:24","guid":{"rendered":"http:\/\/www.sincomam.org.br\/?p=4673"},"modified":"2014-04-03T09:47:42","modified_gmt":"2014-04-03T12:47:42","slug":"ex-diretor-da-petrobras-deve-ser-ouvido-na-camara-dia-16","status":"publish","type":"post","link":"https:\/\/www.sincomam.org.br\/index.php\/ex-diretor-da-petrobras-deve-ser-ouvido-na-camara-dia-16\/","title":{"rendered":"Ex-diretor da Petrobras deve ser ouvido na C\u00e2mara dia 16"},"content":{"rendered":"<p><b><i>Nestor Cerver\u00f3, autor do parecer que a presidente Dilma Rousseff chamou de &#8216;falho&#8217; sobre a compra da refinaria de Pasadena, vai \u00e0 C\u00e2mara<\/i><\/b><\/p>\n<p>O ex-diretor da Petrobras Nestor Cerver\u00f3 enviou uma carta \u00e0 c\u00fapula do Congresso Nacional informando que est\u00e1 disposto a ser ouvido pelos deputados, no pr\u00f3ximo dia 16, sobre a compra da refinaria de Pasadena, nos Estados Unidos, pela Petrobras. Ele foi apontado pela presidente Dilma Rousseff como respons\u00e1vel pelo relat\u00f3rio &#8220;falho&#8221; que subsidiou a compra da refinaria no Texas, num neg\u00f3cio que deixou preju\u00edzo de 1,18 bilh\u00e3o de d\u00f3lares.<\/p>\n<p>Ap\u00f3s trinta anos na companhia, Cerver\u00f3 foi demitido pelo Conselho de Administra\u00e7\u00e3o da BR Distribuidora, subsidi\u00e1ria da Petrobras, no dia 21 de mar\u00e7o. Em 2006, ano da compra da refinaria de Pasadena, Dilma era presidente do Conselho de Administra\u00e7\u00e3o da Petrobras \u2014 e chancelou, apoiando-se nos votos favor\u00e1veis de todos os demais conselheiros, a conclus\u00e3o do neg\u00f3cio. Segundo outros integrantes do conselho \u00e0 \u00e9poca, o documento que fundamentou a decis\u00e3o foi corroborado por an\u00e1lises do banco Citibank, que deu aval \u00e0s condi\u00e7\u00f5es de compra. Naquele ano, a estatal adquiriu 50% da refinaria que pertencia ao grupo belga Astra Transcor por 360 milh\u00f5es de d\u00f3lares. Um ano antes, o grupo belga havia arrematado 100% do mesmo neg\u00f3cio por 42,5 milh\u00f5es de d\u00f3lares.<\/p>\n<p>O ex-diretor n\u00e3o \u00e9 obrigado a comparecer \u00e0 C\u00e2mara, mas partidos de oposi\u00e7\u00e3o negociaram previamente com ele para garantir sua presen\u00e7a no Congresso. Cerver\u00f3 chegou ao posto de diretor da Petrobras ap\u00f3s consulta ao senador petista Delc\u00eddio Amaral (PT-MS), embora tamb\u00e9m seja apadrinhado pelo presidente do Senado, Renan Calheiros (PMDB-AL).<\/p>\n<p>\u201cEstou \u00e0 disposi\u00e7\u00e3o da C\u00e2mara dos Deputados para prestar os esclarecimentos que se fizerem necess\u00e1rios sobre minha participa\u00e7\u00e3o, \u00e0 \u00e9poca, na Diretoria Internacional da estatal, bem como toda a tramita\u00e7\u00e3o do processo aprovado pelo Conselho de Administra\u00e7\u00e3o da Petrobras e ainda demais fatos que evidenciam a lisura do meu procedimento\u201d, disse Cerver\u00f3 em carta encaminhada \u00e0 C\u00e2mara.<\/p>\n<p><b>Ministro Mantega <\/b><\/p>\n<p>Pela manh\u00e3, em entrevista ao programa da EBC Bom Dia Ministro, o ministro da Fazenda e atual presidente do Conselho de Administra\u00e7\u00e3o da Petrobras, Guido Mantega, defendeu a compra da refinaria de Pasadena: \u201cTenho a certeza de que o Conselho de Administra\u00e7\u00e3o agiu corretamente nessa ocasi\u00e3o. O conselho \u00e9 formado por pessoas da mais alta compet\u00eancia do setor p\u00fablico e privado. E, portanto, analisou a quest\u00e3o na \u00e9poca que ela foi analisada com toda profundidade necess\u00e1ria\u201d, disse.<\/p>\n<p><b>Investiga\u00e7\u00e3o<\/b><\/p>\n<p>Al\u00e9m de buscar informa\u00e7\u00f5es sobre a refinaria de Pasadena, os deputados tamb\u00e9m se preparam para investigar as den\u00fancias de que a Petrobras teria recebido propina da empresa holandesa SBM Offshore, maior fabricante de plataformas mar\u00edtimas de explora\u00e7\u00e3o de petr\u00f3leo do mundo. A C\u00e2mara instalou nesta quarta-feira a comiss\u00e3o externa que vai viajar \u00e0 Holanda para acompanhar as apura\u00e7\u00f5es do Minist\u00e9rio P\u00fablico local. Os deputados tamb\u00e9m v\u00e3o solicitar relat\u00f3rios ao Tribunal de Contas da Uni\u00e3o, ao Minist\u00e9rio P\u00fablico brasileiro e \u00e0 Petrobras sobre a offshore.<\/p>\n<p>Em comunicado divulgado nesta quarta-feira, a SBM Offshore afirma n\u00e3o ter detectado, em investiga\u00e7\u00e3o interna conduzida por um conselho independente, ind\u00edcios de pagamentos irregulares a funcion\u00e1rios p\u00fablicos no Brasil. Depoimento de um ex-funcion\u00e1rio da SBM sugeriu que funcion\u00e1rios da Petrobras haviam recebido propina da empresa holandesa para fechar neg\u00f3cios. Na ter\u00e7a-feira, comunicado da estatal brasileira tamb\u00e9m informou que a auditoria interna aberta pela Petrobras para investigar as den\u00fancias de suborno tamb\u00e9m n\u00e3o encontrou evid\u00eancias que comprovem o pagamento de propina.<\/p>\n<p>Como a comiss\u00e3o externa n\u00e3o tem o poder de quebrar sigilos nem convocar envolvidos nas den\u00fancias, planejam contar com a CPI para um trabalho em conjunto de investiga\u00e7\u00e3o. Fazem parte da comiss\u00e3o que vai \u00e0 Holanda os deputados da oposi\u00e7\u00e3o Fernando Francischini (SDD-PR), Onyx Lorenzoni (DEM-RS) e Carlos Sampaio (PSDB-SP), al\u00e9m dos governistas Maur\u00edcio Quintella Lessa (PR-AL), Luiz Alberto (PT-BA), Lucio Vieira Lima (PMDB-RJ), Paulo Magalh\u00e3es (PSD-BA), Mario Negromonte (PP-BA) e Anthony Garotinho (PR-RJ).<\/p>\n<p>Fonte: Veja.com<\/p>\n","protected":false},"excerpt":{"rendered":"<p>Nestor Cerver\u00f3, autor do parecer que a presidente Dilma Rousseff chamou de &#8216;falho&#8217; sobre a compra da refinaria de Pasadena, vai \u00e0 C\u00e2mara O ex-diretor&#8230;<\/p>\n","protected":false},"author":1182,"featured_media":0,"comment_status":"closed","ping_status":"closed","sticky":false,"template":"","format":"standard","meta":{"footnotes":""},"categories":[6],"tags":[732,831,891,297,892,58],"class_list":["post-4673","post","type-post","status-publish","format-standard","hentry","category-noticias","tag-camara","tag-cpi","tag-ex-diretor","tag-investigacao","tag-nestor-cervero","tag-petrobras"],"_links":{"self":[{"href":"https:\/\/www.sincomam.org.br\/index.php\/wp-json\/wp\/v2\/posts\/4673","targetHints":{"allow":["GET"]}}],"collection":[{"href":"https:\/\/www.sincomam.org.br\/index.php\/wp-json\/wp\/v2\/posts"}],"about":[{"href":"https:\/\/www.sincomam.org.br\/index.php\/wp-json\/wp\/v2\/types\/post"}],"author":[{"embeddable":true,"href":"https:\/\/www.sincomam.org.br\/index.php\/wp-json\/wp\/v2\/users\/1182"}],"replies":[{"embeddable":true,"href":"https:\/\/www.sincomam.org.br\/index.php\/wp-json\/wp\/v2\/comments?post=4673"}],"version-history":[{"count":1,"href":"https:\/\/www.sincomam.org.br\/index.php\/wp-json\/wp\/v2\/posts\/4673\/revisions"}],"predecessor-version":[{"id":4674,"href":"https:\/\/www.sincomam.org.br\/index.php\/wp-json\/wp\/v2\/posts\/4673\/revisions\/4674"}],"wp:attachment":[{"href":"https:\/\/www.sincomam.org.br\/index.php\/wp-json\/wp\/v2\/media?parent=4673"}],"wp:term":[{"taxonomy":"category","embeddable":true,"href":"https:\/\/www.sincomam.org.br\/index.php\/wp-json\/wp\/v2\/categories?post=4673"},{"taxonomy":"post_tag","embeddable":true,"href":"https:\/\/www.sincomam.org.br\/index.php\/wp-json\/wp\/v2\/tags?post=4673"}],"curies":[{"name":"wp","href":"https:\/\/api.w.org\/{rel}","templated":true}]}}