{"id":46724,"date":"2023-08-02T09:18:00","date_gmt":"2023-08-02T12:18:00","guid":{"rendered":"http:\/\/www.sincomam.org.br\/?p=46724"},"modified":"2023-08-02T09:18:00","modified_gmt":"2023-08-02T12:18:00","slug":"mare-alta-o-sucesso-da-campanha-do-dia-da-marinha-do-brasil","status":"publish","type":"post","link":"https:\/\/www.sincomam.org.br\/index.php\/mare-alta-o-sucesso-da-campanha-do-dia-da-marinha-do-brasil\/","title":{"rendered":"Mar\u00e9 Alta: O Sucesso da Campanha do Dia da Marinha do Brasil"},"content":{"rendered":"<p>Com o intuito de despertar a aten\u00e7\u00e3o da sociedade para o mar e para a\u00a0Marinha do Brasil (MB), a campanha institucional do Dia da Marinha se espalhou como uma onda pelo pa\u00eds. Organizada com a participa\u00e7\u00e3o integral do\u00a0Sistema de Comunica\u00e7\u00e3o Social da Marinha (SisComSocMB), a campanha foi elaborada para engajar os brasileiros de todas as idades e escolaridades, dos 15 aos 60 anos. Celebrada ao longo de junho, a campanha marcou o anivers\u00e1rio da\u00a0Batalha Naval do Riachuelo, um momento significativo para a For\u00e7a, al\u00e9m de rememorar os her\u00f3is navais do passado, exaltando seus exemplos de bravura e amor \u00e0 P\u00e1tria.<\/p>\n<p><strong>Ecoando a Marinha pelo Brasil<\/strong><\/p>\n<p>Al\u00e9m das tradicionais cerim\u00f4nias, uma variedade de programa\u00e7\u00f5es foi realizada em todo o Brasil, incluindo desfiles navais e aeronavais, visita\u00e7\u00e3o a navios, eventos esportivos e apresenta\u00e7\u00f5es das bandas de m\u00fasica do Corpo de Fuzileiros Navais. A diversidade dessas atividades foi vital para impulsionar a\u00a0divulga\u00e7\u00e3o da data\u00a0junto \u00e0 imprensa. At\u00e9 o dia 30 de junho, foram publicadas 131 mat\u00e9rias, das quais 98% apresentaram teor positivo, inclusive em programas de TV de alta audi\u00eancia. Vale destacar que 58% das mat\u00e9rias abordaram aspectos hist\u00f3ricos da Batalha Naval do Riachuelo.<\/p>\n<p><strong>Navegando nas Redes Sociais<\/strong><\/p>\n<p>Combinando a divulga\u00e7\u00e3o espont\u00e2nea da imprensa com o uso dos canais de m\u00eddias sociais oficiais da MB, a campanha atingiu um\u00a0alto engajamento\u00a0do p\u00fablico. As postagens com imagens do Cristo Redentor e do Navio-Veleiro \u201cCisne Branco\u201d iluminados, bem como a programa\u00e7\u00e3o de eventos em todo o pa\u00eds, atingiram um grande n\u00famero de visualiza\u00e7\u00f5es e curtidas, demonstrando a efic\u00e1cia da campanha. A participa\u00e7\u00e3o de personalidades e influenciadores, expressando seus parab\u00e9ns \u00e0 For\u00e7a pela data, foi um destaque na campanha. No total, foram feitas 41 postagens nas redes sociais, al\u00e9m de publica\u00e7\u00f5es tempor\u00e1rias no Facebook e Instagram.<\/p>\n<p><strong>Conquistando Cora\u00e7\u00f5es e Mentes<\/strong><\/p>\n<p>Dois dos principais fatores que contribu\u00edram para o sucesso da campanha foram o envolvimento das c\u00e9lulas do SisComSocMB e a simplifica\u00e7\u00e3o da linguagem para a comunica\u00e7\u00e3o com os diversos p\u00fablicos. O uso do anivers\u00e1rio da Batalha Naval do Riachuelo como o Dia da Marinha provou ser uma\u00a0estrat\u00e9gia eficiente e eficaz\u00a0para facilitar a comunica\u00e7\u00e3o com a sociedade civil, alinhada com os objetivos navais da perspectiva \u201cResultados para a Sociedade\u201d. Isso contribuiu para aproximar a institui\u00e7\u00e3o da sociedade brasileira, incentivando a participa\u00e7\u00e3o ativa do cidad\u00e3o comum na campanha.<\/p>\n<p>A campanha tamb\u00e9m ofereceu oportunidades para\u00a0aprimorar a comunica\u00e7\u00e3o, incluindo a necessidade de esclarecer melhor o prop\u00f3sito das a\u00e7\u00f5es, aumentar a comunica\u00e7\u00e3o com o p\u00fablico interno com anteced\u00eancia em caso de mudan\u00e7a de abordagem nas campanhas institucionais e disseminar antecipadamente as ideias-for\u00e7a da campanha.<\/p>\n<p>Fonte: Defesa em Foco<\/p>\n","protected":false},"excerpt":{"rendered":"<p>Com o intuito de despertar a aten\u00e7\u00e3o da sociedade para o mar e para a\u00a0Marinha do Brasil (MB), a campanha institucional do Dia da Marinha&#8230;<\/p>\n","protected":false},"author":1527,"featured_media":46725,"comment_status":"closed","ping_status":"closed","sticky":false,"template":"","format":"standard","meta":{"footnotes":""},"categories":[6],"tags":[],"class_list":["post-46724","post","type-post","status-publish","format-standard","has-post-thumbnail","hentry","category-noticias"],"_links":{"self":[{"href":"https:\/\/www.sincomam.org.br\/index.php\/wp-json\/wp\/v2\/posts\/46724","targetHints":{"allow":["GET"]}}],"collection":[{"href":"https:\/\/www.sincomam.org.br\/index.php\/wp-json\/wp\/v2\/posts"}],"about":[{"href":"https:\/\/www.sincomam.org.br\/index.php\/wp-json\/wp\/v2\/types\/post"}],"author":[{"embeddable":true,"href":"https:\/\/www.sincomam.org.br\/index.php\/wp-json\/wp\/v2\/users\/1527"}],"replies":[{"embeddable":true,"href":"https:\/\/www.sincomam.org.br\/index.php\/wp-json\/wp\/v2\/comments?post=46724"}],"version-history":[{"count":1,"href":"https:\/\/www.sincomam.org.br\/index.php\/wp-json\/wp\/v2\/posts\/46724\/revisions"}],"predecessor-version":[{"id":46726,"href":"https:\/\/www.sincomam.org.br\/index.php\/wp-json\/wp\/v2\/posts\/46724\/revisions\/46726"}],"wp:featuredmedia":[{"embeddable":true,"href":"https:\/\/www.sincomam.org.br\/index.php\/wp-json\/wp\/v2\/media\/46725"}],"wp:attachment":[{"href":"https:\/\/www.sincomam.org.br\/index.php\/wp-json\/wp\/v2\/media?parent=46724"}],"wp:term":[{"taxonomy":"category","embeddable":true,"href":"https:\/\/www.sincomam.org.br\/index.php\/wp-json\/wp\/v2\/categories?post=46724"},{"taxonomy":"post_tag","embeddable":true,"href":"https:\/\/www.sincomam.org.br\/index.php\/wp-json\/wp\/v2\/tags?post=46724"}],"curies":[{"name":"wp","href":"https:\/\/api.w.org\/{rel}","templated":true}]}}