{"id":46721,"date":"2023-08-02T09:12:30","date_gmt":"2023-08-02T12:12:30","guid":{"rendered":"http:\/\/www.sincomam.org.br\/?p=46721"},"modified":"2023-08-02T09:12:30","modified_gmt":"2023-08-02T12:12:30","slug":"saam-conclui-venda-de-ativos-portuarios-e-logisticos-para-focar-na-operacao-rebocadores","status":"publish","type":"post","link":"https:\/\/www.sincomam.org.br\/index.php\/saam-conclui-venda-de-ativos-portuarios-e-logisticos-para-focar-na-operacao-rebocadores\/","title":{"rendered":"Saam conclui venda de ativos portu\u00e1rios e log\u00edsticos para focar na opera\u00e7\u00e3o rebocadores"},"content":{"rendered":"<p>A Saam vai se concentrar nos neg\u00f3cios de rebocadores, a fim de converter-se em l\u00edder global desse segmento, e pretende fortalecer sua divis\u00e3o de log\u00edstica aeroportu\u00e1ria. Em comunicado divulgado nesta ter\u00e7a-feira (1), a empresa informou que finalizou a venda, por cerca de US$ 995 milh\u00f5es, de seus terminais portu\u00e1rios e opera\u00e7\u00f5es de log\u00edstica para a Hapag-Lloyd, o que permitir\u00e1 que ela se concentre em expandir seus neg\u00f3cios de rebocadores para se converter em l\u00edder global da ind\u00fastria. A assinatura de transfer\u00eancia dos ativos da Saam para a Hapag-Lloyd foi realizada em uma cerim\u00f4nia em Santiago, no Chile, com a presen\u00e7a de executivos da empresa alem\u00e3.<\/p>\n<p>\u201cA Saam inicia uma nova etapa, com foco em duas \u00e1reas de neg\u00f3cios nas quais vemos oportunidades de crescimento. Vamos fortalecer o neg\u00f3cio de rebocadores para crescer em novos mercados e nos tornarmos l\u00edderes mundiais. Tamb\u00e9m queremos que a Aerosan aumente a sua presen\u00e7a regional\u201d, declarou o gerente geral da Saam, Macario Vald\u00e9s.<\/p>\n<p>Na opera\u00e7\u00e3o de rebocadores na Am\u00e9rica, a Saam possui uma frota de 210 embarca\u00e7\u00f5es que operam em mais de 90 portos de 13 pa\u00edses. A companhia afirma que desenvolveu uma estrat\u00e9gia de crescimento sustent\u00e1vel nos \u00faltimos anos, com a qual fortaleceu a sua posi\u00e7\u00e3o no continente.<\/p>\n<p>J\u00e1 a Aerosan presta servi\u00e7os de log\u00edstica a\u00e9rea em oito aeroportos do Chile, Col\u00f4mbia e Equador e aumentou a sua presen\u00e7a na Am\u00e9rica Latina por meio de um plano de aquisi\u00e7\u00f5es. \u201cA Saam se consolida como uma companhia s\u00f3lida e est\u00e1vel, com uma estrutura de capital robusta, um modelo operacional diferenciado e com um plano de crescimento em setores atrativos\u201d, destacou Vald\u00e9s.<\/p>\n<p>Fonte: Portos e Navios<\/p>\n","protected":false},"excerpt":{"rendered":"<p>A Saam vai se concentrar nos neg\u00f3cios de rebocadores, a fim de converter-se em l\u00edder global desse segmento, e pretende fortalecer sua divis\u00e3o de log\u00edstica&#8230;<\/p>\n","protected":false},"author":1527,"featured_media":46722,"comment_status":"closed","ping_status":"closed","sticky":false,"template":"","format":"standard","meta":{"footnotes":""},"categories":[6],"tags":[],"class_list":["post-46721","post","type-post","status-publish","format-standard","has-post-thumbnail","hentry","category-noticias"],"_links":{"self":[{"href":"https:\/\/www.sincomam.org.br\/index.php\/wp-json\/wp\/v2\/posts\/46721","targetHints":{"allow":["GET"]}}],"collection":[{"href":"https:\/\/www.sincomam.org.br\/index.php\/wp-json\/wp\/v2\/posts"}],"about":[{"href":"https:\/\/www.sincomam.org.br\/index.php\/wp-json\/wp\/v2\/types\/post"}],"author":[{"embeddable":true,"href":"https:\/\/www.sincomam.org.br\/index.php\/wp-json\/wp\/v2\/users\/1527"}],"replies":[{"embeddable":true,"href":"https:\/\/www.sincomam.org.br\/index.php\/wp-json\/wp\/v2\/comments?post=46721"}],"version-history":[{"count":1,"href":"https:\/\/www.sincomam.org.br\/index.php\/wp-json\/wp\/v2\/posts\/46721\/revisions"}],"predecessor-version":[{"id":46723,"href":"https:\/\/www.sincomam.org.br\/index.php\/wp-json\/wp\/v2\/posts\/46721\/revisions\/46723"}],"wp:featuredmedia":[{"embeddable":true,"href":"https:\/\/www.sincomam.org.br\/index.php\/wp-json\/wp\/v2\/media\/46722"}],"wp:attachment":[{"href":"https:\/\/www.sincomam.org.br\/index.php\/wp-json\/wp\/v2\/media?parent=46721"}],"wp:term":[{"taxonomy":"category","embeddable":true,"href":"https:\/\/www.sincomam.org.br\/index.php\/wp-json\/wp\/v2\/categories?post=46721"},{"taxonomy":"post_tag","embeddable":true,"href":"https:\/\/www.sincomam.org.br\/index.php\/wp-json\/wp\/v2\/tags?post=46721"}],"curies":[{"name":"wp","href":"https:\/\/api.w.org\/{rel}","templated":true}]}}