{"id":46712,"date":"2023-08-02T09:09:52","date_gmt":"2023-08-02T12:09:52","guid":{"rendered":"http:\/\/www.sincomam.org.br\/?p=46712"},"modified":"2023-08-02T09:09:52","modified_gmt":"2023-08-02T12:09:52","slug":"rio-brasil-terminal-conta-com-novo-servico-que-conecta-a-europa-e-o-mediterraneo-a-costa-leste-da-america-do-sul","status":"publish","type":"post","link":"https:\/\/www.sincomam.org.br\/index.php\/rio-brasil-terminal-conta-com-novo-servico-que-conecta-a-europa-e-o-mediterraneo-a-costa-leste-da-america-do-sul\/","title":{"rendered":"Rio Brasil Terminal conta com novo servi\u00e7o que conecta a Europa e o Mediterr\u00e2neo \u00e0 costa leste da Am\u00e9rica do Sul"},"content":{"rendered":"<p>A partir de setembro a Rio Brasil Terminal passa a contar com a escala de um novo servi\u00e7o que conecta a Europa e o Mediterr\u00e2neo \u00e0 costa leste da Am\u00e9rica do Sul. O servi\u00e7os \u00e9 operado por uma joint da Cosco, ONE e OOCL, beneficiando principalmente clientes do Rio de Janeiro e Minas Gerais.<\/p>\n<p>Fazem parte do novo servi\u00e7o os portos: Roterd\u00e3 (Holanda) \u2013 London Gateway (Reino Unido) \u2013 Hamburgo (Alemanha) \u2013 Antu\u00e9rpia (B\u00e9lgica) \u2013 Lisboa (Portugal) \u2013 Algeciras (Espanha) \u2013 Santos (Brasil) \u2013 Paranagu\u00e1 (Brasil) \u2013 Montevid\u00e9u (Uruguai) \u2013 Buenos Aires (Argentina ) \u2013 Itapo\u00e1 (Brasil)\u2013 Paranagu\u00e1 (Brasil) \u2013 Santos (Brasil) \u2013 Rio de Janeiro (Brasil) \u2013 Algeciras (Espanha) \u2013 Roterd\u00e3 (Holanda).<\/p>\n<p>\u201cReafirmamos que nosso compromisso \u00e9 entregar mais do que um servi\u00e7o, solu\u00e7\u00f5es eficientes que agreguem valor a sua cadeia log\u00edstica, como toda parceria deve ser\u201d, destaca Eduardo Mendes Galo, CCO (Chief Commercial Officer) da Rio Brasil Terminal. A empresa \u00e9 parte integrante da ICTSI \u2013 International Container Terminals Service Inc.<\/p>\n<p>Fonte: Portos e Navios<\/p>\n","protected":false},"excerpt":{"rendered":"<p>A partir de setembro a Rio Brasil Terminal passa a contar com a escala de um novo servi\u00e7o que conecta a Europa e o Mediterr\u00e2neo&#8230;<\/p>\n","protected":false},"author":1527,"featured_media":46713,"comment_status":"closed","ping_status":"closed","sticky":false,"template":"","format":"standard","meta":{"footnotes":""},"categories":[6],"tags":[],"class_list":["post-46712","post","type-post","status-publish","format-standard","has-post-thumbnail","hentry","category-noticias"],"_links":{"self":[{"href":"https:\/\/www.sincomam.org.br\/index.php\/wp-json\/wp\/v2\/posts\/46712","targetHints":{"allow":["GET"]}}],"collection":[{"href":"https:\/\/www.sincomam.org.br\/index.php\/wp-json\/wp\/v2\/posts"}],"about":[{"href":"https:\/\/www.sincomam.org.br\/index.php\/wp-json\/wp\/v2\/types\/post"}],"author":[{"embeddable":true,"href":"https:\/\/www.sincomam.org.br\/index.php\/wp-json\/wp\/v2\/users\/1527"}],"replies":[{"embeddable":true,"href":"https:\/\/www.sincomam.org.br\/index.php\/wp-json\/wp\/v2\/comments?post=46712"}],"version-history":[{"count":1,"href":"https:\/\/www.sincomam.org.br\/index.php\/wp-json\/wp\/v2\/posts\/46712\/revisions"}],"predecessor-version":[{"id":46714,"href":"https:\/\/www.sincomam.org.br\/index.php\/wp-json\/wp\/v2\/posts\/46712\/revisions\/46714"}],"wp:featuredmedia":[{"embeddable":true,"href":"https:\/\/www.sincomam.org.br\/index.php\/wp-json\/wp\/v2\/media\/46713"}],"wp:attachment":[{"href":"https:\/\/www.sincomam.org.br\/index.php\/wp-json\/wp\/v2\/media?parent=46712"}],"wp:term":[{"taxonomy":"category","embeddable":true,"href":"https:\/\/www.sincomam.org.br\/index.php\/wp-json\/wp\/v2\/categories?post=46712"},{"taxonomy":"post_tag","embeddable":true,"href":"https:\/\/www.sincomam.org.br\/index.php\/wp-json\/wp\/v2\/tags?post=46712"}],"curies":[{"name":"wp","href":"https:\/\/api.w.org\/{rel}","templated":true}]}}