{"id":46709,"date":"2023-08-01T11:27:28","date_gmt":"2023-08-01T14:27:28","guid":{"rendered":"http:\/\/www.sincomam.org.br\/?p=46709"},"modified":"2023-08-01T11:27:28","modified_gmt":"2023-08-01T14:27:28","slug":"fmi-preve-crescimento-de-21-da-economia-brasileira-neste-ano","status":"publish","type":"post","link":"https:\/\/www.sincomam.org.br\/index.php\/fmi-preve-crescimento-de-21-da-economia-brasileira-neste-ano\/","title":{"rendered":"FMI prev\u00ea crescimento de 2,1% da economia brasileira neste ano"},"content":{"rendered":"<p>O Fundo Monet\u00e1rio Internacional (FMI) destacou, no relat\u00f3rio regular de supervis\u00e3o da economia brasileira\u00a0(<em><a href=\"https:\/\/www.imf.org\/en\/Publications\/CR\/Issues\/2023\/07\/31\/Brazil-2023-Article-IV-Consultation-Press-Release-Staff-Report-Staff-Supplement-and-537328\" target=\"_blank\" rel=\"noopener\">2023 Article IV Consultation<\/a><\/em>), a \u201cambiciosa agenda de crescimento inclusivo e sustent\u00e1vel\u201d proposta pelo novo governo brasileiro. O FMI prev\u00ea crescimento de 2,1% neste ano e de 1,2% em 2024 no Brasil, convergindo ao longo dos anos seguintes para o potencial da economia brasileira no m\u00e9dio prazo, em torno de 2%.\u00a0<img decoding=\"async\" src=\"https:\/\/agenciabrasil.ebc.com.br\/ebc.png?id=1546529&amp;o=node\" \/><img decoding=\"async\" src=\"https:\/\/agenciabrasil.ebc.com.br\/ebc.gif?id=1546529&amp;o=node\" \/><\/p>\n<p>O relat\u00f3rio foi divulgado pelo FMI nesta segunda-feira (31). De acordo com o Artigo IV do Acordo Constitutivo do FMI, todos os 190 pa\u00edses-membros devem submeter-se regularmente a essa avalia\u00e7\u00e3o.<\/p>\n<p>Segundo o Minist\u00e9rio da Fazenda, as estimativas do FMI s\u00e3o consideradas conservadoras pelo governo brasileiro e est\u00e3o abaixo da mediana das estimativas de mercado. O FMI nota ainda que a infla\u00e7\u00e3o segue em uma forte trajet\u00f3ria de queda, embora o n\u00facleo e as expectativas mostrem maior resist\u00eancia.<\/p>\n<p>O FMI ressalta que o Brasil precisar\u00e1 enfrentar desafios econ\u00f4micos de curto e longo prazos para cumprir a agenda proposta pelo governo. Entre os desafios mencionados est\u00e3o o crescimento potencial relativamente baixo, a infla\u00e7\u00e3o, o endividamento das fam\u00edlias e a falta de espa\u00e7o fiscal para gastos priorit\u00e1rios, incluindo investimentos p\u00fablicos, al\u00e9m de riscos associados a mudan\u00e7as clim\u00e1ticas.<\/p>\n<p>A reforma tribut\u00e1ria, o novo arcabou\u00e7o fiscal, o fortalecimento de mecanismos de resolu\u00e7\u00e3o de disputas tribut\u00e1rias e o Programa Desenrola do governo federal s\u00e3o mencionados de forma positiva no relat\u00f3rio.<\/p>\n<p>Fonte: Ag\u00eancia Brasil<\/p>\n","protected":false},"excerpt":{"rendered":"<p>O Fundo Monet\u00e1rio Internacional (FMI) destacou, no relat\u00f3rio regular de supervis\u00e3o da economia brasileira\u00a0(2023 Article IV Consultation), a \u201cambiciosa agenda de crescimento inclusivo e sustent\u00e1vel\u201d&#8230;<\/p>\n","protected":false},"author":1527,"featured_media":46710,"comment_status":"closed","ping_status":"closed","sticky":false,"template":"","format":"standard","meta":{"footnotes":""},"categories":[6],"tags":[],"class_list":["post-46709","post","type-post","status-publish","format-standard","has-post-thumbnail","hentry","category-noticias"],"_links":{"self":[{"href":"https:\/\/www.sincomam.org.br\/index.php\/wp-json\/wp\/v2\/posts\/46709","targetHints":{"allow":["GET"]}}],"collection":[{"href":"https:\/\/www.sincomam.org.br\/index.php\/wp-json\/wp\/v2\/posts"}],"about":[{"href":"https:\/\/www.sincomam.org.br\/index.php\/wp-json\/wp\/v2\/types\/post"}],"author":[{"embeddable":true,"href":"https:\/\/www.sincomam.org.br\/index.php\/wp-json\/wp\/v2\/users\/1527"}],"replies":[{"embeddable":true,"href":"https:\/\/www.sincomam.org.br\/index.php\/wp-json\/wp\/v2\/comments?post=46709"}],"version-history":[{"count":1,"href":"https:\/\/www.sincomam.org.br\/index.php\/wp-json\/wp\/v2\/posts\/46709\/revisions"}],"predecessor-version":[{"id":46711,"href":"https:\/\/www.sincomam.org.br\/index.php\/wp-json\/wp\/v2\/posts\/46709\/revisions\/46711"}],"wp:featuredmedia":[{"embeddable":true,"href":"https:\/\/www.sincomam.org.br\/index.php\/wp-json\/wp\/v2\/media\/46710"}],"wp:attachment":[{"href":"https:\/\/www.sincomam.org.br\/index.php\/wp-json\/wp\/v2\/media?parent=46709"}],"wp:term":[{"taxonomy":"category","embeddable":true,"href":"https:\/\/www.sincomam.org.br\/index.php\/wp-json\/wp\/v2\/categories?post=46709"},{"taxonomy":"post_tag","embeddable":true,"href":"https:\/\/www.sincomam.org.br\/index.php\/wp-json\/wp\/v2\/tags?post=46709"}],"curies":[{"name":"wp","href":"https:\/\/api.w.org\/{rel}","templated":true}]}}