{"id":46670,"date":"2023-07-31T10:11:20","date_gmt":"2023-07-31T13:11:20","guid":{"rendered":"http:\/\/www.sincomam.org.br\/?p=46670"},"modified":"2023-07-31T10:11:20","modified_gmt":"2023-07-31T13:11:20","slug":"mudancas-na-marinha-capitao-mauricio-coelho-rangel-assume-comando","status":"publish","type":"post","link":"https:\/\/www.sincomam.org.br\/index.php\/mudancas-na-marinha-capitao-mauricio-coelho-rangel-assume-comando\/","title":{"rendered":"Mudan\u00e7as na Marinha: Capit\u00e3o Maur\u00edcio Coelho Rangel assume comando"},"content":{"rendered":"<p><strong>Capit\u00e3o de Mar e Guerra Maur\u00edcio Barata Soares Coelho Rangel<\/strong>\u00a0assumiu o cargo de Chefe do Estado-Maior Interino do Comando do 4\u00ba Distrito Naval, em uma cerim\u00f4nia realizada na ter\u00e7a-feira (25), na sede do Comando, em Bel\u00e9m (PA). Ele sucede o Contra-Almirante Carlos Roberto Rocha e Silva J\u00fanior, que estava no cargo desde abril de 2022. Essa mudan\u00e7a de comando traz novos ares \u00e0 Marinha do Brasil, destacando a import\u00e2ncia da renova\u00e7\u00e3o e da continuidade em uma institui\u00e7\u00e3o t\u00e3o relevante para o pa\u00eds.<\/p>\n<p><strong>Palavras de Entusiasmo e Gratid\u00e3o<\/strong><\/p>\n<p>Durante a cerim\u00f4nia, o\u00a0<strong>Capit\u00e3o de Mar e Guerra Coelho Rangel<\/strong> expressou sua gratid\u00e3o e entusiasmo ao assumir o cargo. Para ele, assumir a chefia \u00e9 motivo de grande entusiasmo, pois o insere novamente no Setor Operativo. Ele agradeceu \u00e0 Marinha do Brasil pela oportunidade de exercer uma fun\u00e7\u00e3o de tamanha relev\u00e2ncia. A emo\u00e7\u00e3o e a dedica\u00e7\u00e3o de Coelho Rangel ao assumir a chefia s\u00e3o ind\u00edcios claros do compromisso e do entusiasmo que ele traz para sua nova fun\u00e7\u00e3o.<\/p>\n<p><strong>Dupla Responsabilidade<\/strong><\/p>\n<p>At\u00e9 agosto, Coelho Rangel ainda acumular\u00e1 o cargo de Comandante da Base Naval da Ilha das Cobras, no Rio de Janeiro. Isso mostra a sua versatilidade e capacidade de gerenciar m\u00faltiplas responsabilidades em um cen\u00e1rio desafiador.<\/p>\n<p><strong>O Papel do Estado-Maior na Marinha<\/strong><\/p>\n<p>O Estado-Maior, nas For\u00e7as Armadas, \u00e9 o \u00f3rg\u00e3o composto por pessoal militar qualificado, cuja finalidade \u00e9 assessorar o comandante no exerc\u00edcio do comando. De acordo com o Regimento Interno do Com4\u00baDN, o Chefe do Estado-Maior tem a fun\u00e7\u00e3o de assessorar o Comandante do 4\u00baDN em seus deveres funcionais, al\u00e9m de coordenar os trabalhos das Se\u00e7\u00f5es do Estado-Maior e demais elementos organizacionais a ele subordinados.<\/p>\n<p>O cargo de Chefe do Estado-Maior \u00e9 de suma import\u00e2ncia, e com a chegada do Capit\u00e3o de Mar e Guerra Coelho Rangel, espera-se uma gest\u00e3o de sucesso e dedica\u00e7\u00e3o ao 4\u00ba Distrito Naval da Marinha.<\/p>\n<p>Fonte: Defesa em Foco<\/p>\n","protected":false},"excerpt":{"rendered":"<p>Capit\u00e3o de Mar e Guerra Maur\u00edcio Barata Soares Coelho Rangel\u00a0assumiu o cargo de Chefe do Estado-Maior Interino do Comando do 4\u00ba Distrito Naval, em uma&#8230;<\/p>\n","protected":false},"author":1527,"featured_media":46671,"comment_status":"closed","ping_status":"closed","sticky":false,"template":"","format":"standard","meta":{"footnotes":""},"categories":[6],"tags":[],"class_list":["post-46670","post","type-post","status-publish","format-standard","has-post-thumbnail","hentry","category-noticias"],"_links":{"self":[{"href":"https:\/\/www.sincomam.org.br\/index.php\/wp-json\/wp\/v2\/posts\/46670","targetHints":{"allow":["GET"]}}],"collection":[{"href":"https:\/\/www.sincomam.org.br\/index.php\/wp-json\/wp\/v2\/posts"}],"about":[{"href":"https:\/\/www.sincomam.org.br\/index.php\/wp-json\/wp\/v2\/types\/post"}],"author":[{"embeddable":true,"href":"https:\/\/www.sincomam.org.br\/index.php\/wp-json\/wp\/v2\/users\/1527"}],"replies":[{"embeddable":true,"href":"https:\/\/www.sincomam.org.br\/index.php\/wp-json\/wp\/v2\/comments?post=46670"}],"version-history":[{"count":1,"href":"https:\/\/www.sincomam.org.br\/index.php\/wp-json\/wp\/v2\/posts\/46670\/revisions"}],"predecessor-version":[{"id":46672,"href":"https:\/\/www.sincomam.org.br\/index.php\/wp-json\/wp\/v2\/posts\/46670\/revisions\/46672"}],"wp:featuredmedia":[{"embeddable":true,"href":"https:\/\/www.sincomam.org.br\/index.php\/wp-json\/wp\/v2\/media\/46671"}],"wp:attachment":[{"href":"https:\/\/www.sincomam.org.br\/index.php\/wp-json\/wp\/v2\/media?parent=46670"}],"wp:term":[{"taxonomy":"category","embeddable":true,"href":"https:\/\/www.sincomam.org.br\/index.php\/wp-json\/wp\/v2\/categories?post=46670"},{"taxonomy":"post_tag","embeddable":true,"href":"https:\/\/www.sincomam.org.br\/index.php\/wp-json\/wp\/v2\/tags?post=46670"}],"curies":[{"name":"wp","href":"https:\/\/api.w.org\/{rel}","templated":true}]}}