{"id":46631,"date":"2023-07-27T09:34:50","date_gmt":"2023-07-27T12:34:50","guid":{"rendered":"http:\/\/www.sincomam.org.br\/?p=46631"},"modified":"2023-07-27T09:36:54","modified_gmt":"2023-07-27T12:36:54","slug":"marinha-do-brasil-acoes-de-resgate-e-a-importancia-da-prontidao","status":"publish","type":"post","link":"https:\/\/www.sincomam.org.br\/index.php\/marinha-do-brasil-acoes-de-resgate-e-a-importancia-da-prontidao\/","title":{"rendered":"Marinha do Brasil: A\u00e7\u00f5es de Resgate e a Import\u00e2ncia da Prontid\u00e3o"},"content":{"rendered":"<p>Imediatamente ap\u00f3s tomar conhecimento do naufr\u00e1gio do barco pesqueiro de nome \u201cBP Safadi Seif\u201d, em 16 de junho, a 40 km da costa de Santa Catarina, a\u00a0Marinha do Brasil (MB)\u00a0mobilizou uma complexa estrutura para as buscas pelos oito tripulantes que estavam a bordo. A For\u00e7a empregou os Navios-Patrulha \u201cBabitonga\u201d e \u201cBenevente\u201d; uma aeronave, Super Cougar (UH-15); e militares da Capitania dos Portos de Santa Catarina, com viaturas e embarca\u00e7\u00f5es para trabalhar junto \u00e0 comunidade pesqueira local. A MB contou com a colabora\u00e7\u00e3o do Corpo de Bombeiros e da For\u00e7a A\u00e9rea Brasileira, e ainda alertou todas as embarca\u00e7\u00f5es que navegavam pr\u00f3ximas \u00e0 \u00e1rea.<\/p>\n<p><strong>O Resgate dos Sobreviventes<\/strong><\/p>\n<p>No dia seguinte ao incidente, cinco sobreviventes foram resgatados com vida, em uma balsa salva-vidas, e em bom estado de sa\u00fade, pelo navio \u201cTHOR FRIGG\u201d, sob a coordena\u00e7\u00e3o de buscas do Salvamar Sul. J\u00e1 no dia 18, uma aeronave UH-15, da Marinha, resgatou, tamb\u00e9m com vida, o sexto n\u00e1ufrago, agarrado a boias; dois tripulantes ainda n\u00e3o foram encontrados.<\/p>\n<div class=\"td-a-rec td-a-rec-id-content_inline td_uid_2_64c25ca452fa9_rand td_block_template_11\">\n<p><strong>A\u00e7\u00e3o R\u00e1pida na Bahia<\/strong><\/p>\n<\/div>\n<p>A\u00e7\u00e3o r\u00e1pida similar, por\u00e9m, com toda a tripula\u00e7\u00e3o salva, foi realizada pelo Salvamar Leste, que no dia 22 de junho resgatou tr\u00eas velejadores na Bahia. O veleiro \u201cXEF\u201d havia naufragado um dia antes, a 130 km da costa de Ilh\u00e9us, na regi\u00e3o sul do estado, ap\u00f3s se chocar com uma baleia. A Marinha tomou conhecimento da ocorr\u00eancia no in\u00edcio do dia do incidente, por meio de contato telef\u00f4nico.<\/p>\n<p><strong>A Coordena\u00e7\u00e3o das A\u00e7\u00f5es de Resgate<\/strong><\/p>\n<p>Com apoio inicial da Delegacia da Capitania dos Portos em Ilh\u00e9us, o Salvamar Leste realizou a coordena\u00e7\u00e3o das a\u00e7\u00f5es da Opera\u00e7\u00e3o SAR, com o envio da Corveta \u201cCaboclo\u201d para realizar as buscas. Adicionalmente, a MB divulgou um Aviso aos Navegantes e realizou chamadas pela Rede Nacional de Esta\u00e7\u00f5es Costeiras, com o objetivo de dar ampla divulga\u00e7\u00e3o do fato e solicitar apoio a todas as embarca\u00e7\u00f5es que navegavam nas \u00e1reas pr\u00f3ximas. A For\u00e7a A\u00e9rea Brasileira, por interm\u00e9dio do Salvaero Recife, foi acionada pela Marinha para auxiliar na busca dos tr\u00eas n\u00e1ufragos.<\/p>\n<p>Fonte: Defesa em Foco<\/p>\n","protected":false},"excerpt":{"rendered":"<p>Imediatamente ap\u00f3s tomar conhecimento do naufr\u00e1gio do barco pesqueiro de nome \u201cBP Safadi Seif\u201d, em 16 de junho, a 40 km da costa de Santa&#8230;<\/p>\n","protected":false},"author":1527,"featured_media":46634,"comment_status":"closed","ping_status":"closed","sticky":false,"template":"","format":"standard","meta":{"footnotes":""},"categories":[6],"tags":[],"class_list":["post-46631","post","type-post","status-publish","format-standard","has-post-thumbnail","hentry","category-noticias"],"_links":{"self":[{"href":"https:\/\/www.sincomam.org.br\/index.php\/wp-json\/wp\/v2\/posts\/46631","targetHints":{"allow":["GET"]}}],"collection":[{"href":"https:\/\/www.sincomam.org.br\/index.php\/wp-json\/wp\/v2\/posts"}],"about":[{"href":"https:\/\/www.sincomam.org.br\/index.php\/wp-json\/wp\/v2\/types\/post"}],"author":[{"embeddable":true,"href":"https:\/\/www.sincomam.org.br\/index.php\/wp-json\/wp\/v2\/users\/1527"}],"replies":[{"embeddable":true,"href":"https:\/\/www.sincomam.org.br\/index.php\/wp-json\/wp\/v2\/comments?post=46631"}],"version-history":[{"count":3,"href":"https:\/\/www.sincomam.org.br\/index.php\/wp-json\/wp\/v2\/posts\/46631\/revisions"}],"predecessor-version":[{"id":46635,"href":"https:\/\/www.sincomam.org.br\/index.php\/wp-json\/wp\/v2\/posts\/46631\/revisions\/46635"}],"wp:featuredmedia":[{"embeddable":true,"href":"https:\/\/www.sincomam.org.br\/index.php\/wp-json\/wp\/v2\/media\/46634"}],"wp:attachment":[{"href":"https:\/\/www.sincomam.org.br\/index.php\/wp-json\/wp\/v2\/media?parent=46631"}],"wp:term":[{"taxonomy":"category","embeddable":true,"href":"https:\/\/www.sincomam.org.br\/index.php\/wp-json\/wp\/v2\/categories?post=46631"},{"taxonomy":"post_tag","embeddable":true,"href":"https:\/\/www.sincomam.org.br\/index.php\/wp-json\/wp\/v2\/tags?post=46631"}],"curies":[{"name":"wp","href":"https:\/\/api.w.org\/{rel}","templated":true}]}}