{"id":46609,"date":"2023-07-26T08:45:39","date_gmt":"2023-07-26T11:45:39","guid":{"rendered":"http:\/\/www.sincomam.org.br\/?p=46609"},"modified":"2023-07-26T08:45:39","modified_gmt":"2023-07-26T11:45:39","slug":"governo-autoriza-emissao-de-mais-acoes-do-porto-de-santos","status":"publish","type":"post","link":"https:\/\/www.sincomam.org.br\/index.php\/governo-autoriza-emissao-de-mais-acoes-do-porto-de-santos\/","title":{"rendered":"Governo autoriza emiss\u00e3o de mais a\u00e7\u00f5es do Porto de Santos"},"content":{"rendered":"<p>Um decreto presidencial, publicado nesta ter\u00e7a-feira (25) no\u00a0<em>Di\u00e1rio Oficial da Uni\u00e3o<\/em>, autoriza o aumento do capital social da Autoridade Portu\u00e1ria de Santos S.A., por meio da incorpora\u00e7\u00e3o de adiantamentos feitos pela Uni\u00e3o, atualiza\u00e7\u00e3o desses valores, al\u00e9m de saldo de capitaliza\u00e7\u00f5es anteriores. At\u00e9 a \u00faltima atualiza\u00e7\u00e3o do estatuto, em 2020, as a\u00e7\u00f5es da empresa p\u00fablica ultrapassavam o valor de R$ 1,4 bilh\u00e3o.<img decoding=\"async\" src=\"https:\/\/agenciabrasil.ebc.com.br\/ebc.png?id=1545435&amp;o=node\" \/><img decoding=\"async\" src=\"https:\/\/agenciabrasil.ebc.com.br\/ebc.gif?id=1545435&amp;o=node\" \/><\/p>\n<p>De acordo com o decreto, a esse valor ser\u00e3o acrescidos R$ 103.346.942,15 de um adiantamento transferido em 2015, pela Uni\u00e3o, al\u00e9m de mais R$ 4.052.782,11 de outros adiantamentos feitos em 2019 e 2020, com o objetivo de aumentar o capital social da empresa. Com isso, o novo capital social deve ultrapassar R$ 1,5 bilh\u00e3o.<\/p>\n<p>Por ser uma empresa p\u00fablica de capital fechado, vinculada ao Minist\u00e9rio de Portos e Aeroportos, as a\u00e7\u00f5es que representam o capital social da empresa s\u00e3o 99,9% da Uni\u00e3o e menos de 0,01% do munic\u00edpio de Santos.<\/p>\n<p>O decreto autoriza ainda a subscri\u00e7\u00e3o das novas a\u00e7\u00f5es pela Uni\u00e3o e pelo munic\u00edpio na propor\u00e7\u00e3o da participa\u00e7\u00e3o dos acionistas e, caso o munic\u00edpio de Santos n\u00e3o exer\u00e7a o direito de prefer\u00eancia no prazo previsto, a Uni\u00e3o poder\u00e1 exercer.<\/p>\n<p>O novo capital social dever\u00e1 ser publicado no\u00a0<em>Di\u00e1rio Oficial da Uni\u00e3o<\/em>\u00a0ap\u00f3s a aprova\u00e7\u00e3o, pela assembleia geral de acionistas do valor total, bem como do n\u00famero de a\u00e7\u00f5es que ser\u00e3o emitidas.<\/p>\n<p>Fonte: Ag\u00eancia Brasil<\/p>\n","protected":false},"excerpt":{"rendered":"<p>Um decreto presidencial, publicado nesta ter\u00e7a-feira (25) no\u00a0Di\u00e1rio Oficial da Uni\u00e3o, autoriza o aumento do capital social da Autoridade Portu\u00e1ria de Santos S.A., por meio&#8230;<\/p>\n","protected":false},"author":1527,"featured_media":46610,"comment_status":"closed","ping_status":"closed","sticky":false,"template":"","format":"standard","meta":{"footnotes":""},"categories":[6],"tags":[],"class_list":["post-46609","post","type-post","status-publish","format-standard","has-post-thumbnail","hentry","category-noticias"],"_links":{"self":[{"href":"https:\/\/www.sincomam.org.br\/index.php\/wp-json\/wp\/v2\/posts\/46609","targetHints":{"allow":["GET"]}}],"collection":[{"href":"https:\/\/www.sincomam.org.br\/index.php\/wp-json\/wp\/v2\/posts"}],"about":[{"href":"https:\/\/www.sincomam.org.br\/index.php\/wp-json\/wp\/v2\/types\/post"}],"author":[{"embeddable":true,"href":"https:\/\/www.sincomam.org.br\/index.php\/wp-json\/wp\/v2\/users\/1527"}],"replies":[{"embeddable":true,"href":"https:\/\/www.sincomam.org.br\/index.php\/wp-json\/wp\/v2\/comments?post=46609"}],"version-history":[{"count":1,"href":"https:\/\/www.sincomam.org.br\/index.php\/wp-json\/wp\/v2\/posts\/46609\/revisions"}],"predecessor-version":[{"id":46611,"href":"https:\/\/www.sincomam.org.br\/index.php\/wp-json\/wp\/v2\/posts\/46609\/revisions\/46611"}],"wp:featuredmedia":[{"embeddable":true,"href":"https:\/\/www.sincomam.org.br\/index.php\/wp-json\/wp\/v2\/media\/46610"}],"wp:attachment":[{"href":"https:\/\/www.sincomam.org.br\/index.php\/wp-json\/wp\/v2\/media?parent=46609"}],"wp:term":[{"taxonomy":"category","embeddable":true,"href":"https:\/\/www.sincomam.org.br\/index.php\/wp-json\/wp\/v2\/categories?post=46609"},{"taxonomy":"post_tag","embeddable":true,"href":"https:\/\/www.sincomam.org.br\/index.php\/wp-json\/wp\/v2\/tags?post=46609"}],"curies":[{"name":"wp","href":"https:\/\/api.w.org\/{rel}","templated":true}]}}