{"id":46597,"date":"2023-07-26T08:09:39","date_gmt":"2023-07-26T11:09:39","guid":{"rendered":"http:\/\/www.sincomam.org.br\/?p=46597"},"modified":"2023-07-26T08:09:39","modified_gmt":"2023-07-26T11:09:39","slug":"estaleiro-maua-amplia-capacidade-para-atracacao","status":"publish","type":"post","link":"https:\/\/www.sincomam.org.br\/index.php\/estaleiro-maua-amplia-capacidade-para-atracacao\/","title":{"rendered":"Estaleiro Mau\u00e1 amplia capacidade para atraca\u00e7\u00e3o"},"content":{"rendered":"<p>O Estaleiro Mau\u00e1 (RJ) ampliou sua \u00e1rea de atraca\u00e7\u00e3o com a libera\u00e7\u00e3o recentemente do ber\u00e7o 1.1. A administra\u00e7\u00e3o destacou que a libera\u00e7\u00e3o do ber\u00e7o ap\u00f3s 10 anos acresentou 140 metros lineares para atender embarca\u00e7\u00f5es. Com o per\u00edodo de escassez de projetos de constru\u00e7\u00e3o da ind\u00fastria naval e offshore e ap\u00f3s passar uma reestrutura\u00e7\u00e3o da estrat\u00e9gia comercial, o Mau\u00e1 vem realizando nos \u00faltimos anos, principalmente reparos navais, entre outras atividades em suas instala\u00e7\u00f5es.<\/p>\n<p>Al\u00e9m dos reparos, a carteira atual tem servi\u00e7os de convers\u00f5es e upgrades de embarca\u00e7\u00f5es. A expectativa do estaleiro \u00e9 que, nos pr\u00f3ximos meses, novos servi\u00e7os sejam contratados. \u201dJ\u00e1 estamos usando os espa\u00e7os com reparos e temos muitos planos para os pr\u00f3ximos meses. Recebemos grande demanda para presta\u00e7\u00e3o de nossos servi\u00e7os e os novos espa\u00e7os ser\u00e3o de grande valia\u201d, afirmou em nota o diretor comercial do Estaleiro Mau\u00e1, Arialdo F\u00e9lix.<\/p>\n<p>F\u00e9lix acrescentou que a amplia\u00e7\u00e3o faz parte de um novo momento que a empresa est\u00e1 passando. \u201cEstamos vivendo um momento de muita esperan\u00e7a e confian\u00e7a de que teremos cada vez mais projetos e de que estamos no caminho para que o Mau\u00e1 volte a ser protagonista na ind\u00fastria naval e offshore\u201d, projetou o diretor.<\/p>\n<p>Ele destacou que o estaleiro est\u00e1 localizado em Niter\u00f3i, ber\u00e7o da ind\u00fastria naval no pa\u00eds e em uma posi\u00e7\u00e3o estrat\u00e9gica na Ba\u00eda de Guanabara, antes da Ponte Rio-Niter\u00f3i, o que permite receber qualquer tipo de embarca\u00e7\u00e3o e plataformas de petr\u00f3leo. Com uma \u00e1rea de 180.000 metros quadrados, o Mau\u00e1 conta com capacidade de processamento de 36.000 toneladas de a\u00e7o por ano e \u00e9 o maior estaleiro na Ba\u00eda de Guanabara.<\/p>\n<p>Fonte: Portos e Navios<\/p>\n","protected":false},"excerpt":{"rendered":"<p>O Estaleiro Mau\u00e1 (RJ) ampliou sua \u00e1rea de atraca\u00e7\u00e3o com a libera\u00e7\u00e3o recentemente do ber\u00e7o 1.1. A administra\u00e7\u00e3o destacou que a libera\u00e7\u00e3o do ber\u00e7o ap\u00f3s&#8230;<\/p>\n","protected":false},"author":1527,"featured_media":46598,"comment_status":"closed","ping_status":"closed","sticky":false,"template":"","format":"standard","meta":{"footnotes":""},"categories":[6],"tags":[],"class_list":["post-46597","post","type-post","status-publish","format-standard","has-post-thumbnail","hentry","category-noticias"],"_links":{"self":[{"href":"https:\/\/www.sincomam.org.br\/index.php\/wp-json\/wp\/v2\/posts\/46597","targetHints":{"allow":["GET"]}}],"collection":[{"href":"https:\/\/www.sincomam.org.br\/index.php\/wp-json\/wp\/v2\/posts"}],"about":[{"href":"https:\/\/www.sincomam.org.br\/index.php\/wp-json\/wp\/v2\/types\/post"}],"author":[{"embeddable":true,"href":"https:\/\/www.sincomam.org.br\/index.php\/wp-json\/wp\/v2\/users\/1527"}],"replies":[{"embeddable":true,"href":"https:\/\/www.sincomam.org.br\/index.php\/wp-json\/wp\/v2\/comments?post=46597"}],"version-history":[{"count":1,"href":"https:\/\/www.sincomam.org.br\/index.php\/wp-json\/wp\/v2\/posts\/46597\/revisions"}],"predecessor-version":[{"id":46599,"href":"https:\/\/www.sincomam.org.br\/index.php\/wp-json\/wp\/v2\/posts\/46597\/revisions\/46599"}],"wp:featuredmedia":[{"embeddable":true,"href":"https:\/\/www.sincomam.org.br\/index.php\/wp-json\/wp\/v2\/media\/46598"}],"wp:attachment":[{"href":"https:\/\/www.sincomam.org.br\/index.php\/wp-json\/wp\/v2\/media?parent=46597"}],"wp:term":[{"taxonomy":"category","embeddable":true,"href":"https:\/\/www.sincomam.org.br\/index.php\/wp-json\/wp\/v2\/categories?post=46597"},{"taxonomy":"post_tag","embeddable":true,"href":"https:\/\/www.sincomam.org.br\/index.php\/wp-json\/wp\/v2\/tags?post=46597"}],"curies":[{"name":"wp","href":"https:\/\/api.w.org\/{rel}","templated":true}]}}