{"id":46585,"date":"2023-07-25T08:40:49","date_gmt":"2023-07-25T11:40:49","guid":{"rendered":"http:\/\/www.sincomam.org.br\/?p=46585"},"modified":"2023-07-25T08:40:49","modified_gmt":"2023-07-25T11:40:49","slug":"anvisa-da-registro-definitivo-para-vacina-bivalente-contra-covid-19","status":"publish","type":"post","link":"https:\/\/www.sincomam.org.br\/index.php\/anvisa-da-registro-definitivo-para-vacina-bivalente-contra-covid-19\/","title":{"rendered":"Anvisa d\u00e1 registro definitivo para vacina bivalente contra covid-19"},"content":{"rendered":"<p>A Ag\u00eancia Nacional de Vigil\u00e2ncia Sanit\u00e1ria (Anvisa) aprovou, nesta segunda-feira (24), o registro definitivo da vacina Comirnaty bivalente contra a covid-19 da Pfizer.\u00a0<img decoding=\"async\" src=\"https:\/\/agenciabrasil.ebc.com.br\/ebc.png?id=1545279&amp;o=node\" \/><img decoding=\"async\" src=\"https:\/\/agenciabrasil.ebc.com.br\/ebc.gif?id=1545279&amp;o=node\" \/><\/p>\n<p>O imunizante est\u00e1 indicado para a preven\u00e7\u00e3o da covid-19 e pode ser utilizada por pessoas a partir de 5 anos de idade. A indica\u00e7\u00e3o \u00e9 que o uso seja apenas como dose de refor\u00e7o, ou seja, s\u00f3 pode ser aplicada em quem j\u00e1 se vacinou contra a doen\u00e7a, com aplica\u00e7\u00e3o pelo menos tr\u00eas meses ap\u00f3s a \u00faltima dose tomada.<\/p>\n<p>A vacina j\u00e1 estava sendo utilizada\u00a0no Programa Nacional de Imuniza\u00e7\u00f5es (PNI) do Minist\u00e9rio da Sa\u00fade (MS) de forma emergencial. Antes do registro definitivo, o produto era usado\u00a0como dose de refor\u00e7o para o\u00a0p\u00fablico acima de 12 anos de idade com comorbidades e para\u00a0maiores de 18 anos.<\/p>\n<h2>Bivalente<\/h2>\n<p>De acordo com a Anvisa, vacinas bivalentes d\u00e3o maior prote\u00e7\u00e3o contra a doen\u00e7a, pois cont\u00eam uma mistura de cepas do v\u00edrus Sars-CoV-2. A Comirnaty bivalente \u00e9 elaborada com a\u00a0variante original, que \u00e9 a cepa Wuhan,\u00a0somada a uma variante de circula\u00e7\u00e3o mais recente, a cepa \u00d4micron.<\/p>\n<p>No cen\u00e1rio internacional de regula\u00e7\u00e3o, a Comirnaty bivalente j\u00e1 tem uso autorizado\u00a0pela Ag\u00eancia Europeia de Medicamentos (European Medicines Agency \u2013 EMA) e pela ag\u00eancia reguladora dos Estados Unidos (Food and Drug Administration \u2013 FDA).<\/p>\n<p>Fonte: Ag\u00eancia Brasil<\/p>\n","protected":false},"excerpt":{"rendered":"<p>A Ag\u00eancia Nacional de Vigil\u00e2ncia Sanit\u00e1ria (Anvisa) aprovou, nesta segunda-feira (24), o registro definitivo da vacina Comirnaty bivalente contra a covid-19 da Pfizer.\u00a0 O imunizante&#8230;<\/p>\n","protected":false},"author":1527,"featured_media":46586,"comment_status":"closed","ping_status":"closed","sticky":false,"template":"","format":"standard","meta":{"footnotes":""},"categories":[6],"tags":[],"class_list":["post-46585","post","type-post","status-publish","format-standard","has-post-thumbnail","hentry","category-noticias"],"_links":{"self":[{"href":"https:\/\/www.sincomam.org.br\/index.php\/wp-json\/wp\/v2\/posts\/46585","targetHints":{"allow":["GET"]}}],"collection":[{"href":"https:\/\/www.sincomam.org.br\/index.php\/wp-json\/wp\/v2\/posts"}],"about":[{"href":"https:\/\/www.sincomam.org.br\/index.php\/wp-json\/wp\/v2\/types\/post"}],"author":[{"embeddable":true,"href":"https:\/\/www.sincomam.org.br\/index.php\/wp-json\/wp\/v2\/users\/1527"}],"replies":[{"embeddable":true,"href":"https:\/\/www.sincomam.org.br\/index.php\/wp-json\/wp\/v2\/comments?post=46585"}],"version-history":[{"count":1,"href":"https:\/\/www.sincomam.org.br\/index.php\/wp-json\/wp\/v2\/posts\/46585\/revisions"}],"predecessor-version":[{"id":46587,"href":"https:\/\/www.sincomam.org.br\/index.php\/wp-json\/wp\/v2\/posts\/46585\/revisions\/46587"}],"wp:featuredmedia":[{"embeddable":true,"href":"https:\/\/www.sincomam.org.br\/index.php\/wp-json\/wp\/v2\/media\/46586"}],"wp:attachment":[{"href":"https:\/\/www.sincomam.org.br\/index.php\/wp-json\/wp\/v2\/media?parent=46585"}],"wp:term":[{"taxonomy":"category","embeddable":true,"href":"https:\/\/www.sincomam.org.br\/index.php\/wp-json\/wp\/v2\/categories?post=46585"},{"taxonomy":"post_tag","embeddable":true,"href":"https:\/\/www.sincomam.org.br\/index.php\/wp-json\/wp\/v2\/tags?post=46585"}],"curies":[{"name":"wp","href":"https:\/\/api.w.org\/{rel}","templated":true}]}}