{"id":46548,"date":"2023-07-24T08:32:12","date_gmt":"2023-07-24T11:32:12","guid":{"rendered":"http:\/\/www.sincomam.org.br\/?p=46548"},"modified":"2023-07-24T08:32:12","modified_gmt":"2023-07-24T11:32:12","slug":"porto-do-itaqui-faz-convenio-com-fundacion-valenciaport-para-contribuicao-a-projeto-de-descarbonizacao","status":"publish","type":"post","link":"https:\/\/www.sincomam.org.br\/index.php\/porto-do-itaqui-faz-convenio-com-fundacion-valenciaport-para-contribuicao-a-projeto-de-descarbonizacao\/","title":{"rendered":"Porto do Itaqui faz conv\u00eanio com Fundaci\u00f3n Valenciaport para contribui\u00e7\u00e3o a projeto de descarboniza\u00e7\u00e3o"},"content":{"rendered":"<p>O Porto do Itaqui e a Funda\u00e7\u00e3o Porto de Val\u00eancia (Fundaci\u00f3n Valenciaport) firmaram contrato para coopera\u00e7\u00e3o t\u00e9cnica com o objetivo de elaborar o Plano de Descarboniza\u00e7\u00e3o do porto p\u00fablico do Maranh\u00e3o. A institui\u00e7\u00e3o espanhola \u00e9 refer\u00eancia global em programas de descarboniza\u00e7\u00e3o e o Porto de Val\u00eancia foi um dos primeiros no mundo a estabelecer a meta zero para emiss\u00e3o de gases de efeito estufa at\u00e9 2030.<\/p>\n<p>\u201cEssa parceria \u00e9 estrat\u00e9gica para promover os avan\u00e7os necess\u00e1rios de melhoria cont\u00ednua na gest\u00e3o do meio ambiente do Itaqui, que j\u00e1 \u00e9 reconhecida pela ISO 14001:2015. Vamos agora, junto com a Fundaci\u00f3n Valenciaport, mapear nossas emiss\u00f5es, tra\u00e7ar metas de descarboniza\u00e7\u00e3o e determinar as a\u00e7\u00f5es priorit\u00e1rias necess\u00e1rias para atingir esses objetivos\u201d, afirma o presidente do Porto do Itaqui, Gilberto Lins.<\/p>\n<p>De acordo com o contrato, o trabalho conjunto come\u00e7ar\u00e1 com um mapeamento inicial das emiss\u00f5es de gases de efeito estufa, abrangendo caminh\u00f5es e ve\u00edculos que circulam na poligonal do porto, navios e todos os equipamentos portu\u00e1rios. Com base nesse estudo ser\u00e1 elaborado o plano de descarboniza\u00e7\u00e3o, instrumento que vai orientar a\u00e7\u00f5es e investimentos com base em um direcionamento mais preciso, objetivo e estrat\u00e9gico.<\/p>\n<div id=\"beacon_9f54e3beea\"><\/div>\n<p>A Emap \u2013 Empresa Maranhense de Administra\u00e7\u00e3o Portu\u00e1ria \u2013, respons\u00e1vel pela gest\u00e3o do Porto do Itaqui, realiza, desde 2020, o seu Invent\u00e1rio de Emiss\u00e3o de Gases de Efeito Estufa. A empresa possui um Programa de Mudan\u00e7as Clim\u00e1ticas que inventariou as emiss\u00f5es de gases visando a sua redu\u00e7\u00e3o ou elimina\u00e7\u00e3o. Foram adotadas algumas a\u00e7\u00f5es, como substitui\u00e7\u00e3o do combust\u00edvel dos nossos ve\u00edculos para etanol e os res\u00edduos s\u00e3o destinados a locais de reciclagem, evitando aterros ou incinera\u00e7\u00e3o \u2013 que emitem mais gases.<\/p>\n<p>\u201cQueremos ir al\u00e9m, mas isso exige substituir m\u00e1quinas, adquirir ve\u00edculos el\u00e9tricos e substituir a matriz energ\u00e9tica por outra mais limpa. Tudo isso ser\u00e1 mapeado no Plano de Descarboniza\u00e7\u00e3o\u201d, explica a gerente de Meio Ambiente da EMAP, Luane Lemos.<\/p>\n<p>O Porto do Itaqui \u00e9 um dos primeiros portos p\u00fablicos do Brasil que possuem um programa de descarboniza\u00e7\u00e3o, visando a mitiga\u00e7\u00e3o de emiss\u00e3o de gases de efeito estufa. A import\u00e2ncia para o setor portu\u00e1rio vai desde a gera\u00e7\u00e3o de cr\u00e9ditos de carbono at\u00e9 eventual prepara\u00e7\u00e3o de infraestrutura e opera\u00e7\u00f5es para responder \u00e0s mudan\u00e7as do clima.<\/p>\n<p>Com estimativa de investimento de R$ 1,8 milh\u00e3o, o conv\u00eanio com a Fundaci\u00f3n ValenciaPort visa, com a redu\u00e7\u00e3o das emiss\u00f5es de gases do efeito estufa, integrar o esfor\u00e7o global para evitar que a temperatura do planeta aumente mais de 2 graus Celsius at\u00e9 o final deste s\u00e9culo. Esse aumento de temperatura pode acarretar uma s\u00e9rie de altera\u00e7\u00f5es, como vendavais, inunda\u00e7\u00f5es, aumento do n\u00edvel dos oceanos, desertifica\u00e7\u00e3o e redu\u00e7\u00e3o da biodiversidade.<\/p>\n<p>Na qualidade de signat\u00e1rio do Pacto Global da ONU \u2013 Organiza\u00e7\u00e3o das Na\u00e7\u00f5es Unidas \u2013 o Porto do Itaqui est\u00e1 fazendo a sua parte para cumprir o ODS 13 (referente \u00e0 mudan\u00e7a clim\u00e1tica) \u2013 um dos 17 Objetivos de Desenvolvimento Sustent\u00e1vel estabelecidos pela Assembleia Geral das Na\u00e7\u00f5es Unidas em 2015.<\/p>\n<p>Fonte: Portos e Navios<\/p>\n","protected":false},"excerpt":{"rendered":"<p>O Porto do Itaqui e a Funda\u00e7\u00e3o Porto de Val\u00eancia (Fundaci\u00f3n Valenciaport) firmaram contrato para coopera\u00e7\u00e3o t\u00e9cnica com o objetivo de elaborar o Plano de&#8230;<\/p>\n","protected":false},"author":1527,"featured_media":46549,"comment_status":"closed","ping_status":"closed","sticky":false,"template":"","format":"standard","meta":{"footnotes":""},"categories":[6],"tags":[],"class_list":["post-46548","post","type-post","status-publish","format-standard","has-post-thumbnail","hentry","category-noticias"],"_links":{"self":[{"href":"https:\/\/www.sincomam.org.br\/index.php\/wp-json\/wp\/v2\/posts\/46548","targetHints":{"allow":["GET"]}}],"collection":[{"href":"https:\/\/www.sincomam.org.br\/index.php\/wp-json\/wp\/v2\/posts"}],"about":[{"href":"https:\/\/www.sincomam.org.br\/index.php\/wp-json\/wp\/v2\/types\/post"}],"author":[{"embeddable":true,"href":"https:\/\/www.sincomam.org.br\/index.php\/wp-json\/wp\/v2\/users\/1527"}],"replies":[{"embeddable":true,"href":"https:\/\/www.sincomam.org.br\/index.php\/wp-json\/wp\/v2\/comments?post=46548"}],"version-history":[{"count":1,"href":"https:\/\/www.sincomam.org.br\/index.php\/wp-json\/wp\/v2\/posts\/46548\/revisions"}],"predecessor-version":[{"id":46550,"href":"https:\/\/www.sincomam.org.br\/index.php\/wp-json\/wp\/v2\/posts\/46548\/revisions\/46550"}],"wp:featuredmedia":[{"embeddable":true,"href":"https:\/\/www.sincomam.org.br\/index.php\/wp-json\/wp\/v2\/media\/46549"}],"wp:attachment":[{"href":"https:\/\/www.sincomam.org.br\/index.php\/wp-json\/wp\/v2\/media?parent=46548"}],"wp:term":[{"taxonomy":"category","embeddable":true,"href":"https:\/\/www.sincomam.org.br\/index.php\/wp-json\/wp\/v2\/categories?post=46548"},{"taxonomy":"post_tag","embeddable":true,"href":"https:\/\/www.sincomam.org.br\/index.php\/wp-json\/wp\/v2\/tags?post=46548"}],"curies":[{"name":"wp","href":"https:\/\/api.w.org\/{rel}","templated":true}]}}