{"id":46543,"date":"2023-07-21T10:50:36","date_gmt":"2023-07-21T13:50:36","guid":{"rendered":"http:\/\/www.sincomam.org.br\/?p=46543"},"modified":"2023-07-21T10:50:36","modified_gmt":"2023-07-21T13:50:36","slug":"tres-grupos-manifestam-interesse-em-operar-barcas-entre-aeroportos-do-rio-de-janeiro","status":"publish","type":"post","link":"https:\/\/www.sincomam.org.br\/index.php\/tres-grupos-manifestam-interesse-em-operar-barcas-entre-aeroportos-do-rio-de-janeiro\/","title":{"rendered":"Tr\u00eas grupos manifestam interesse em operar barcas entre aeroportos do Rio de Janeiro"},"content":{"rendered":"<div id=\"chunk-8v7h4\">\n<div class=\"mc-column content-text active-extra-styles \" data-block-type=\"unstyled\" data-block-weight=\"52\" data-block-id=\"3\">\n<p class=\"content-text__container \" data-track-category=\"Link no Texto\" data-track-links=\"\">Tr\u00eas grupos de empresas se manifestaram interessados ao &#8220;aviso p\u00fablico de manifesta\u00e7\u00e3o de interesse privado&#8221; publicado pela prefeitura do Rio de Janeiro para a opera\u00e7\u00e3o de uma\u00a0linha de barcas entre os aeroportos Santos Dumont (Marina da Gl\u00f3ria) e Internacional Tom Jobim, o Gale\u00e3o. O prazo para manifesta\u00e7\u00f5es termina nesta sexta-feira (21).<\/p>\n<\/div>\n<\/div>\n<div class=\"wall protected-content\">\n<div id=\"chunk-a76t\">\n<div class=\"mc-column content-text active-extra-styles \" data-block-type=\"unstyled\" data-block-weight=\"27\" data-block-id=\"4\">\n<p class=\"content-text__container \" data-track-category=\"Link no Texto\" data-track-links=\"\">O primeiro grupo re\u00fane tr\u00eas empresas; o segundo, duas e o terceiro, uma, totalizando seis empresas. Os nomes ser\u00e3o publicados em Di\u00e1rio Oficial nesta sexta-feira (21).<\/p>\n<\/div>\n<\/div>\n<div id=\"chunk-epmsm\">\n<div class=\"mc-column content-text active-extra-styles \" data-block-type=\"unstyled\" data-block-weight=\"41\" data-block-id=\"5\">\n<p class=\"content-text__container \" data-track-category=\"Link no Texto\" data-track-links=\"\">A primeira proposta enviada \u00e0 CCPar prev\u00ea que as \u00e1reas de pouso 3 (partindo da Marina da Gl\u00f3ria) e 1 (Gale\u00e3o) dos aeroportos sejam conectadas, com um tempo de travessia de 11 minutos, e com capacidade de transportar 80 passageiros.<\/p>\n<\/div>\n<\/div>\n<div id=\"chunk-cfhuq\">\n<div class=\"mc-column content-text active-extra-styles \" data-block-type=\"unstyled\" data-block-weight=\"24\" data-block-id=\"7\">\n<p class=\"content-text__container \" data-track-category=\"Link no Texto\" data-track-links=\"\">No fim de junho, a prefeitura publicou o aviso p\u00fablico ap\u00f3s receber a primeira proposta conjunta para a opera\u00e7\u00e3o da linha de barcas.<\/p>\n<\/div>\n<\/div>\n<div id=\"chunk-enn4k\">\n<div class=\"mc-column content-text active-extra-styles \" data-block-type=\"unstyled\" data-block-weight=\"38\" data-block-id=\"8\">\n<p class=\"content-text__container \" data-track-category=\"Link no Texto\" data-track-links=\"\">A partir da publica\u00e7\u00e3o em Di\u00e1rio Oficial, os conjuntos de empresas dever\u00e3o realizar, em 90 dias, estudos que analisem qual o melhor tipo de embarca\u00e7\u00e3o, como dever\u00e1 ser a esta\u00e7\u00e3o, qual a demanda e os impactos ambientais.<\/p>\n<\/div>\n<\/div>\n<div id=\"chunk-aqa1v\">\n<div class=\"mc-column content-text active-extra-styles \" data-block-type=\"unstyled\" data-block-weight=\"24\" data-block-id=\"9\">\n<p class=\"content-text__container \" data-track-category=\"Link no Texto\" data-track-links=\"\">Tamb\u00e9m dever\u00e3o ser feitos estudos econ\u00f4mico-financeiros. Ainda n\u00e3o h\u00e1 estimativa de quanto custaria a passagem do transporte, pois os estudos \u00e9 que v\u00e3o definir.<\/p>\n<\/div>\n<\/div>\n<div id=\"chunk-bgfvb\">\n<div class=\"mc-column content-text active-extra-styles \" data-block-type=\"unstyled\" data-block-weight=\"56\" data-block-id=\"10\">\n<p class=\"content-text__container \" data-track-category=\"Link no Texto\" data-track-links=\"\">Ap\u00f3s a entrega dos estudos, t\u00e9cnicos da Secretaria Municipal de Coordena\u00e7\u00e3o Governamental e da Companhia Carioca de Parcerias e Investimentos (CCPar) ir\u00e3o analisar. Esta etapa n\u00e3o tem um prazo definido. S\u00f3 depois da an\u00e1lise \u00e9 que ser\u00e1 decidido qual o tipo de licita\u00e7\u00e3o a ser realizada, se por pre\u00e7o de outorga ou t\u00e9cnica e pre\u00e7o.<\/p>\n<\/div>\n<\/div>\n<div id=\"chunk-7nvui\">\n<div class=\"mc-column content-text active-extra-styles \" data-block-type=\"unstyled\" data-block-weight=\"41\" data-block-id=\"11\">\n<p class=\"content-text__container \" data-track-category=\"Link no Texto\" data-track-links=\"\">O aeroporto do Gale\u00e3o, na Ilha do Governador, movimentou menos de 6 milh\u00f5es de passageiros no ano passado, mesmo tendo uma capacidade anual para mais de 30 milh\u00f5es. O Santos Dumont teve mais de 10 milh\u00f5es, segundo dados do governo federal.<\/p>\n<\/div>\n<\/div>\n<div id=\"chunk-1t0u9\">\n<div class=\"mc-column content-text active-extra-styles \" data-block-type=\"unstyled\" data-block-weight=\"40\" data-block-id=\"12\">\n<p class=\"content-text__container \" data-track-category=\"Link no Texto\" data-track-links=\"\">Por causa do desequil\u00edbrio entre os aeroportos,\u00a0a partir de outubro os voos no Aeroporto Santos Dumont come\u00e7ar\u00e3o a ser reduzidos, at\u00e9 que o aeroporto opere as pontes a\u00e9reas Rio x Congonhas (S\u00e3o Paulo) e Rio x Bras\u00edlia, somente.<\/p>\n<\/div>\n<\/div>\n<div id=\"chunk-c8o81\">\n<div class=\"mc-column content-text active-extra-styles \" data-block-type=\"unstyled\" data-block-weight=\"32\" data-block-id=\"14\">\n<p class=\"content-text__container \" data-track-category=\"Link no Texto\" data-track-links=\"\">A medida foi anunciada em junho, pelo ministro de Portos e Aeroportos, M\u00e1rcio Fran\u00e7a, ap\u00f3s uma s\u00e9rie de reuni\u00f5es com a prefeitura e o Governo do Estado do Rio de Janeiro.<\/p>\n<\/div>\n<\/div>\n<div id=\"chunk-fat4b\">\n<div class=\"mc-column content-text active-extra-styles \" data-block-type=\"unstyled\" data-block-weight=\"39\" data-block-id=\"15\">\n<p class=\"content-text__container \" data-track-category=\"Link no Texto\" data-track-links=\"\">A redu\u00e7\u00e3o de voos no Aeroporto Santos Dumont tenta combater o esvaziamento do Aeroporto Internacional Tom Jobim, o Gale\u00e3o. O grande n\u00famero de voos e passageiros no Santos Dumont \u00e9 apontado como uma das causas do esvaziamento do Gale\u00e3o.<\/p>\n<\/div>\n<\/div>\n<div id=\"chunk-e2gs3\">\n<div class=\"mc-column content-text active-extra-styles \" data-block-type=\"unstyled\" data-block-weight=\"15\" data-block-id=\"16\">\n<p class=\"content-text__container \" data-track-category=\"Link no Texto\" data-track-links=\"\">Como passagens a\u00e9reas j\u00e1 tinham sido vendidas com anteced\u00eancia, a implanta\u00e7\u00e3o da medida ser\u00e1 gradual.<\/p>\n<\/div>\n<\/div>\n<div data-track-category=\"multicontent\" data-track-action=\"ultimo chunk conteudo\" data-track-noninteraction=\"false\" data-track-scroll=\"view\">\n<div id=\"chunk-1b1pr\">\n<div class=\"mc-column content-text active-extra-styles \" data-block-type=\"unstyled\" data-block-weight=\"32\" data-block-id=\"17\">\n<p class=\"content-text__container \" data-track-category=\"Link no Texto\" data-track-links=\"\">A concession\u00e1ria Changi, de Cingapura, chegou a anunciar que pretendia devolver a concess\u00e3o do Gale\u00e3o, mas depois voltou atr\u00e1s, em movimento que est\u00e1 em an\u00e1lise pelo Tribunal de Contas da Uni\u00e3o (TCU).<\/p>\n<p data-track-category=\"Link no Texto\" data-track-links=\"\">Fonte: G1<\/p>\n<\/div>\n<\/div>\n<\/div>\n<\/div>\n","protected":false},"excerpt":{"rendered":"<p>Tr\u00eas grupos de empresas se manifestaram interessados ao &#8220;aviso p\u00fablico de manifesta\u00e7\u00e3o de interesse privado&#8221; publicado pela prefeitura do Rio de Janeiro para a opera\u00e7\u00e3o&#8230;<\/p>\n","protected":false},"author":1527,"featured_media":44252,"comment_status":"closed","ping_status":"closed","sticky":false,"template":"","format":"standard","meta":{"footnotes":""},"categories":[6],"tags":[],"class_list":["post-46543","post","type-post","status-publish","format-standard","has-post-thumbnail","hentry","category-noticias"],"_links":{"self":[{"href":"https:\/\/www.sincomam.org.br\/index.php\/wp-json\/wp\/v2\/posts\/46543","targetHints":{"allow":["GET"]}}],"collection":[{"href":"https:\/\/www.sincomam.org.br\/index.php\/wp-json\/wp\/v2\/posts"}],"about":[{"href":"https:\/\/www.sincomam.org.br\/index.php\/wp-json\/wp\/v2\/types\/post"}],"author":[{"embeddable":true,"href":"https:\/\/www.sincomam.org.br\/index.php\/wp-json\/wp\/v2\/users\/1527"}],"replies":[{"embeddable":true,"href":"https:\/\/www.sincomam.org.br\/index.php\/wp-json\/wp\/v2\/comments?post=46543"}],"version-history":[{"count":1,"href":"https:\/\/www.sincomam.org.br\/index.php\/wp-json\/wp\/v2\/posts\/46543\/revisions"}],"predecessor-version":[{"id":46544,"href":"https:\/\/www.sincomam.org.br\/index.php\/wp-json\/wp\/v2\/posts\/46543\/revisions\/46544"}],"wp:featuredmedia":[{"embeddable":true,"href":"https:\/\/www.sincomam.org.br\/index.php\/wp-json\/wp\/v2\/media\/44252"}],"wp:attachment":[{"href":"https:\/\/www.sincomam.org.br\/index.php\/wp-json\/wp\/v2\/media?parent=46543"}],"wp:term":[{"taxonomy":"category","embeddable":true,"href":"https:\/\/www.sincomam.org.br\/index.php\/wp-json\/wp\/v2\/categories?post=46543"},{"taxonomy":"post_tag","embeddable":true,"href":"https:\/\/www.sincomam.org.br\/index.php\/wp-json\/wp\/v2\/tags?post=46543"}],"curies":[{"name":"wp","href":"https:\/\/api.w.org\/{rel}","templated":true}]}}