{"id":46535,"date":"2023-07-21T10:34:58","date_gmt":"2023-07-21T13:34:58","guid":{"rendered":"http:\/\/www.sincomam.org.br\/?p=46535"},"modified":"2023-07-21T10:34:58","modified_gmt":"2023-07-21T13:34:58","slug":"santos-impulsiona-cultura-oceanica-no-brasil-uma-onda-de-conhecimento-e-sustentabilidade","status":"publish","type":"post","link":"https:\/\/www.sincomam.org.br\/index.php\/santos-impulsiona-cultura-oceanica-no-brasil-uma-onda-de-conhecimento-e-sustentabilidade\/","title":{"rendered":"Santos Impulsiona Cultura Oce\u00e2nica no Brasil: Uma Onda de Conhecimento e Sustentabilidade"},"content":{"rendered":"<p>Santos (SP), um dos principais portos do Brasil, ganhou destaque em novembro de 2021 por ser pioneira na dissemina\u00e7\u00e3o da\u00a0Cultura Oce\u00e2nica\u00a0para crian\u00e7as e adolescentes em idade escolar. Por meio de uma legisla\u00e7\u00e3o in\u00e9dita no mundo, a cidade prop\u00f5e que a Cultura Oce\u00e2nica seja definida \u201ccomo o conjunto de processos que promove o letramento oce\u00e2nico, ou seja, a compreens\u00e3o dos princ\u00edpios essenciais e conceitos fundamentais, que permitem conhecer a influ\u00eancia do oceano sobre n\u00f3s e nossa influ\u00eancia no oceano\u201d.<\/p>\n<p>Esta lei n\u00e3o se limita \u00e0 educa\u00e7\u00e3o infantil, mas abrange tamb\u00e9m a educa\u00e7\u00e3o de jovens e adultos, integrando diversas \u00e1reas do conhecimento. A ideia \u00e9 promover a valoriza\u00e7\u00e3o dos oceanos e fomentar pr\u00e1ticas sustent\u00e1veis. Para tanto, prev\u00ea-se a capacita\u00e7\u00e3o dos professores da rede p\u00fablica, a cria\u00e7\u00e3o e divulga\u00e7\u00e3o de um \u201ccurr\u00edculo azul\u201d, refor\u00e7ando a necessidade de comportamentos sustent\u00e1veis em rela\u00e7\u00e3o ao oceano.<\/p>\n<p><strong>A celebra\u00e7\u00e3o da expans\u00e3o da Cultura Oce\u00e2nica no Brasil<\/strong><\/p>\n<div class=\"td-a-rec td-a-rec-id-content_inline td_uid_2_64ba839fac0fc_rand td_block_template_11\">\n<p>Dr. Ronaldo Christofoletti, professor da Universidade Federal de S\u00e3o Paulo e coordenador do Projeto Mar\u00e9 de Ci\u00eancia, comemora o crescimento da discuss\u00e3o sobre a Cultura Oce\u00e2nica no Brasil. Segundo ele, \u201c\u00c9 uma alegria indescrit\u00edvel ver o Brasil dando esse passo, que se soma a todos os movimentos j\u00e1 existentes de mentalidade mar\u00edtima, de educa\u00e7\u00e3o ambiental e de educomunica\u00e7\u00e3o\u201d.<\/p>\n<\/div>\n<p>Essa nova abordagem n\u00e3o se limita ao estudo do oceano, mas tamb\u00e9m promove uma nova maneira de perceber nossa intera\u00e7\u00e3o com ele. Para Christofoletti, essa conscientiza\u00e7\u00e3o \u00e9 essencial para promover mudan\u00e7as de comportamento que levem a um oceano sustent\u00e1vel e melhor. O professor destaca que \u00e9 importante que cada regi\u00e3o busque disseminar a Cultura Oce\u00e2nica de acordo com sua pr\u00f3pria realidade cultural.<\/p>\n<p><strong>A relev\u00e2ncia da Cultura Oce\u00e2nica nas escolas<\/strong><\/p>\n<p>Dr. Christofoletti real\u00e7a a import\u00e2ncia da implementa\u00e7\u00e3o da Cultura Oce\u00e2nica nas escolas para o futuro do pa\u00eds. De acordo com ele, os futuros l\u00edderes e profissionais que v\u00e3o atuar em prol de um oceano mais sustent\u00e1vel est\u00e3o atualmente nas escolas. Formar uma gera\u00e7\u00e3o que reconhece sua rela\u00e7\u00e3o com o oceano e que conhece a Cultura Oce\u00e2nica \u00e9 essencial para criar um grupo de profissionais preparados para atuar em favor de um oceano mais sustent\u00e1vel.<\/p>\n<p><strong>Projeto Mar\u00e9 de Ci\u00eancia e a promo\u00e7\u00e3o da Cultura Oce\u00e2nica<\/strong><\/p>\n<p>O\u00a0Projeto Mar\u00e9 de Ci\u00eancia\u00a0\u00e9 uma das iniciativas que trabalham pela difus\u00e3o da Cultura Oce\u00e2nica. Com o objetivo de integrar diferentes setores da sociedade, o projeto desenvolve a\u00e7\u00f5es como a Olimp\u00edada Brasileira do Oceano, realizada em parceria com a Comiss\u00e3o Interministerial para os Recursos do Mar.<\/p>\n<p>Al\u00e9m disso, a\u00a0Marinha do Brasil, atrav\u00e9s da Secretaria da Comiss\u00e3o Interministerial para os Recursos do Mar, coordena a a\u00e7\u00e3o chamada Promo\u00e7\u00e3o da Mentalidade Mar\u00edtima. Seu objetivo \u00e9 difundir a convic\u00e7\u00e3o individual e coletiva sobre a import\u00e2ncia do mar para a sobreviv\u00eancia e a prosperidade do pa\u00eds. A inten\u00e7\u00e3o \u00e9 desenvolver a Cultura Oce\u00e2nica na popula\u00e7\u00e3o brasileira, realizando exposi\u00e7\u00f5es itinerantes, entrevistas, filmes e palestras sobre o mar, al\u00e9m de distribuir materiais de divulga\u00e7\u00e3o das atividades da Comiss\u00e3o e capacitar multiplicadores do tema.<\/p>\n<p>Este esfor\u00e7o conjunto entre escolas, universidades e a Marinha do Brasil na promo\u00e7\u00e3o da Cultura Oce\u00e2nica reflete o reconhecimento da import\u00e2ncia dos oceanos para a vida na Terra e a necessidade urgente de sua prote\u00e7\u00e3o. \u00c0 medida que a onda de Cultura Oce\u00e2nica cresce no Brasil, espera-se que mais pessoas compreendam essa import\u00e2ncia e contribuam para um futuro mais sustent\u00e1vel para os nossos mares.<\/p>\n<div class=\"td-g-rec td-g-rec-id-content_bottom td_uid_4_64ba839fac389_rand td_block_template_11\">Fonte: Defesa em Foco<\/div>\n","protected":false},"excerpt":{"rendered":"<p>Santos (SP), um dos principais portos do Brasil, ganhou destaque em novembro de 2021 por ser pioneira na dissemina\u00e7\u00e3o da\u00a0Cultura Oce\u00e2nica\u00a0para crian\u00e7as e adolescentes em&#8230;<\/p>\n","protected":false},"author":1527,"featured_media":46536,"comment_status":"closed","ping_status":"closed","sticky":false,"template":"","format":"standard","meta":{"footnotes":""},"categories":[6],"tags":[],"class_list":["post-46535","post","type-post","status-publish","format-standard","has-post-thumbnail","hentry","category-noticias"],"_links":{"self":[{"href":"https:\/\/www.sincomam.org.br\/index.php\/wp-json\/wp\/v2\/posts\/46535","targetHints":{"allow":["GET"]}}],"collection":[{"href":"https:\/\/www.sincomam.org.br\/index.php\/wp-json\/wp\/v2\/posts"}],"about":[{"href":"https:\/\/www.sincomam.org.br\/index.php\/wp-json\/wp\/v2\/types\/post"}],"author":[{"embeddable":true,"href":"https:\/\/www.sincomam.org.br\/index.php\/wp-json\/wp\/v2\/users\/1527"}],"replies":[{"embeddable":true,"href":"https:\/\/www.sincomam.org.br\/index.php\/wp-json\/wp\/v2\/comments?post=46535"}],"version-history":[{"count":1,"href":"https:\/\/www.sincomam.org.br\/index.php\/wp-json\/wp\/v2\/posts\/46535\/revisions"}],"predecessor-version":[{"id":46537,"href":"https:\/\/www.sincomam.org.br\/index.php\/wp-json\/wp\/v2\/posts\/46535\/revisions\/46537"}],"wp:featuredmedia":[{"embeddable":true,"href":"https:\/\/www.sincomam.org.br\/index.php\/wp-json\/wp\/v2\/media\/46536"}],"wp:attachment":[{"href":"https:\/\/www.sincomam.org.br\/index.php\/wp-json\/wp\/v2\/media?parent=46535"}],"wp:term":[{"taxonomy":"category","embeddable":true,"href":"https:\/\/www.sincomam.org.br\/index.php\/wp-json\/wp\/v2\/categories?post=46535"},{"taxonomy":"post_tag","embeddable":true,"href":"https:\/\/www.sincomam.org.br\/index.php\/wp-json\/wp\/v2\/tags?post=46535"}],"curies":[{"name":"wp","href":"https:\/\/api.w.org\/{rel}","templated":true}]}}