{"id":46532,"date":"2023-07-21T10:32:59","date_gmt":"2023-07-21T13:32:59","guid":{"rendered":"http:\/\/www.sincomam.org.br\/?p=46532"},"modified":"2023-07-21T10:32:59","modified_gmt":"2023-07-21T13:32:59","slug":"o-despertar-da-economia-azul-fortaleza-lidera-a-vanguarda-maritima-no-brasil","status":"publish","type":"post","link":"https:\/\/www.sincomam.org.br\/index.php\/o-despertar-da-economia-azul-fortaleza-lidera-a-vanguarda-maritima-no-brasil\/","title":{"rendered":"O Despertar da Economia Azul: Fortaleza Lidera a Vanguarda Mar\u00edtima no Brasil"},"content":{"rendered":"<p>Os 573 quil\u00f4metros de costa cearense, sendo 34 km deles pertencentes a Fortaleza, se tornaram um novo palco para desenvolvimento econ\u00f4mico sustent\u00e1vel. A\u00a0Lei Complementar n\u00ba 356\/2023, aprovada recentemente, deu vida \u00e0\u00a0Ag\u00eancia de Desenvolvimento da Economia do Mar de Fortaleza (AdemFor), uma nova estrat\u00e9gia para alavancar o potencial mar\u00edtimo da regi\u00e3o.<\/p>\n<p>Com a AdemFor, ser\u00e1 poss\u00edvel tra\u00e7ar planos, diretrizes e realizar a\u00e7\u00f5es voltadas para a Economia do Mar na cidade. Um dos grandes prop\u00f3sitos \u00e9 a implementa\u00e7\u00e3o de um plano de\u00a0Promo\u00e7\u00e3o da Cultura Oce\u00e2nica\u00a0em parceria com a Secretaria Municipal de Educa\u00e7\u00e3o, visando o ensino sobre o oceano desde a educa\u00e7\u00e3o infantil at\u00e9 o ensino fundamental.<\/p>\n<p><strong>Desenho Estrat\u00e9gico e Articulado<\/strong><\/p>\n<div class=\"td-a-rec td-a-rec-id-content_inline td_uid_2_64ba65f058db0_rand td_block_template_11\">\n<p>Segundo o Secret\u00e1rio do Planejamento, Or\u00e7amento e Gest\u00e3o de Fortaleza, Jo\u00e3o Marcos, a cria\u00e7\u00e3o da AdemFor servir\u00e1 para desenhar uma pol\u00edtica unificada que abrange as v\u00e1rias a\u00e7\u00f5es desenvolvidas no litoral da cidade. Essa nova iniciativa ir\u00e1 \u201cotimizar resultados e tra\u00e7ar novas estrat\u00e9gias que potencializem todas as oportunidades e usos que os 34 km de praia oferecem \u00e0 Fortaleza.\u201d<\/p>\n<\/div>\n<p>Marcos tamb\u00e9m destacou que a AdemFor permitir\u00e1 \u00e0 cidade ter uma gest\u00e3o p\u00fablica melhor estruturada, com autonomia para capta\u00e7\u00e3o de recursos. \u201cO foco \u00e9 o uso criativo e sustent\u00e1vel dos recursos marinhos e de toda din\u00e2mica ensejada pela orla\u201d, ressaltou.<\/p>\n<p><strong>A Import\u00e2ncia da Educa\u00e7\u00e3o Mar\u00edtima<\/strong><\/p>\n<p>Capit\u00e3o de Mar e Guerra Anderson Pessoa Valen\u00e7a, Capit\u00e3o dos Portos do Cear\u00e1, refor\u00e7ou a relev\u00e2ncia da nova lei na dissemina\u00e7\u00e3o do conhecimento para a conscientiza\u00e7\u00e3o sobre conserva\u00e7\u00e3o, restaura\u00e7\u00e3o e uso sustent\u00e1vel dos oceanos e seus recursos. Essa quest\u00e3o \u00e9 diretamente ligada \u00e0 Marinha, devido \u00e0 signific\u00e2ncia do mar para o Brasil, com uma \u00e1rea mar\u00edtima de 5,7 milh\u00f5es de km\u00b2, conhecida como \u2018Amaz\u00f4nia Azul\u2019.<\/p>\n<p>Essa \u2018Amaz\u00f4nia Azul\u2019 \u00e9 respons\u00e1vel pela produ\u00e7\u00e3o de mais de 95% do petr\u00f3leo e 80% do g\u00e1s natural brasileiro, al\u00e9m de gerir 95% do tr\u00e1fego do com\u00e9rcio exterior. Diversas iniciativas est\u00e3o investindo na dissemina\u00e7\u00e3o da Cultura Oce\u00e2nica, a compreens\u00e3o de como o mar afeta a sociedade e vice-versa.<\/p>\n<p><strong>Perspectivas para o Futuro<\/strong><\/p>\n<p>Com a cria\u00e7\u00e3o da AdemFor, o estado do Cear\u00e1 reafirma sua voca\u00e7\u00e3o para os esportes n\u00e1uticos, a cultura da pesca artesanal e o turismo.\u00a0Jamiro Dias de Oliveira Junior, Presidente da Sociedade Amigos da Marinha (Soamar) do Cear\u00e1, destaca que a lei \u00e9 fruto da voca\u00e7\u00e3o do estado, com suas praias, fal\u00e9sias, mangues, ventos constantes e sol durante todo o ano.<\/p>\n<p>Al\u00e9m de Fortaleza, outros oito munic\u00edpios cearenses, como Acara\u00fa, Camocim, Caucaia, Cruz, Itarema, Jijoca de Jericoacoara, Fortim e Icapu\u00ed, j\u00e1 aprovaram leis semelhantes, reconhecendo a import\u00e2ncia de disseminar a Cultura Oce\u00e2nica para crian\u00e7as e adolescentes em idade escolar. O futuro parece promissor para a \u2018Economia Azul\u2019 no Cear\u00e1 e no Brasil.<\/p>\n<p>Fonte: Defesa em Foco<\/p>\n","protected":false},"excerpt":{"rendered":"<p>Os 573 quil\u00f4metros de costa cearense, sendo 34 km deles pertencentes a Fortaleza, se tornaram um novo palco para desenvolvimento econ\u00f4mico sustent\u00e1vel. A\u00a0Lei Complementar n\u00ba&#8230;<\/p>\n","protected":false},"author":1527,"featured_media":46533,"comment_status":"closed","ping_status":"closed","sticky":false,"template":"","format":"standard","meta":{"footnotes":""},"categories":[6],"tags":[],"class_list":["post-46532","post","type-post","status-publish","format-standard","has-post-thumbnail","hentry","category-noticias"],"_links":{"self":[{"href":"https:\/\/www.sincomam.org.br\/index.php\/wp-json\/wp\/v2\/posts\/46532","targetHints":{"allow":["GET"]}}],"collection":[{"href":"https:\/\/www.sincomam.org.br\/index.php\/wp-json\/wp\/v2\/posts"}],"about":[{"href":"https:\/\/www.sincomam.org.br\/index.php\/wp-json\/wp\/v2\/types\/post"}],"author":[{"embeddable":true,"href":"https:\/\/www.sincomam.org.br\/index.php\/wp-json\/wp\/v2\/users\/1527"}],"replies":[{"embeddable":true,"href":"https:\/\/www.sincomam.org.br\/index.php\/wp-json\/wp\/v2\/comments?post=46532"}],"version-history":[{"count":1,"href":"https:\/\/www.sincomam.org.br\/index.php\/wp-json\/wp\/v2\/posts\/46532\/revisions"}],"predecessor-version":[{"id":46534,"href":"https:\/\/www.sincomam.org.br\/index.php\/wp-json\/wp\/v2\/posts\/46532\/revisions\/46534"}],"wp:featuredmedia":[{"embeddable":true,"href":"https:\/\/www.sincomam.org.br\/index.php\/wp-json\/wp\/v2\/media\/46533"}],"wp:attachment":[{"href":"https:\/\/www.sincomam.org.br\/index.php\/wp-json\/wp\/v2\/media?parent=46532"}],"wp:term":[{"taxonomy":"category","embeddable":true,"href":"https:\/\/www.sincomam.org.br\/index.php\/wp-json\/wp\/v2\/categories?post=46532"},{"taxonomy":"post_tag","embeddable":true,"href":"https:\/\/www.sincomam.org.br\/index.php\/wp-json\/wp\/v2\/tags?post=46532"}],"curies":[{"name":"wp","href":"https:\/\/api.w.org\/{rel}","templated":true}]}}