{"id":46526,"date":"2023-07-21T10:27:28","date_gmt":"2023-07-21T13:27:28","guid":{"rendered":"http:\/\/www.sincomam.org.br\/?p=46526"},"modified":"2023-07-21T10:27:28","modified_gmt":"2023-07-21T13:27:28","slug":"ppsa-tem-novo-conselho-de-administracao","status":"publish","type":"post","link":"https:\/\/www.sincomam.org.br\/index.php\/ppsa-tem-novo-conselho-de-administracao\/","title":{"rendered":"PPSA tem novo Conselho de Administra\u00e7\u00e3o"},"content":{"rendered":"<p>No dia 10 de julho, foram eleitos, em Assembleia Geral Extraordin\u00e1ria, cinco novos membros para o Conselho de Administra\u00e7\u00e3o da Pr\u00e9-Sal Petr\u00f3leo (PPSA). O Conselho de Administra\u00e7\u00e3o \u00e9 formado por sete membros, sendo constitu\u00eddo por um conselheiro indicado pelo Minist\u00e9rio de Minas e Energia (MME), dois conselheiros indicados pelo Minist\u00e9rio da Economia, um indicado pela Casa Civil, por dois membros independentes, indicados pelo MME, e pelo diretor-presidente da Pr\u00e9-Sal Petr\u00f3leo, membro nato.<\/p>\n<p>Foram eleitos em 10 de julho: como presidente Arthur Cerqueira Val\u00e9rio, indicado pelo Minist\u00e9rio de Minas e Energia. Ele \u00e9 Advogado da Uni\u00e3o desde 2006, p\u00f3s-graduado em Direito P\u00fablico, mestre em Administra\u00e7\u00e3o P\u00fablica pela FGV. Ex-consultor jur\u00eddico do Minist\u00e9rio dos Transportes, Ex-consultor jur\u00eddico do Minist\u00e9rio das Cidades, Ex-consultor jur\u00eddico do Minist\u00e9rio da Ci\u00eancia, Tecnologia, Inova\u00e7\u00f5es e Comunica\u00e7\u00f5es, Ex-Consultor-Geral da Uni\u00e3o. Atual consultor jur\u00eddico do Minist\u00e9rio de Minas e Energia<\/p>\n<p>Como Conselheiros: Guilherme Santos Mello, indicado pelo Minist\u00e9rio da Fazenda. Ele \u00e9 graduado em Ci\u00eancias Econ\u00f4micas pela PUC-SP, em 2006, e em Ci\u00eancias Socias pela USP, em 2008. Concluiu seu mestrado em Economia pela PUC-SP, em 2009, e o doutorado em Ci\u00eancia Econ\u00f4mica pela Universidade Estadual de Campinas, em 2013. Lecionou na PUC\/SP, atuou como Professor Visitante em Faculdades de Campinas \u2013 FACAMP e como Professor do Instituto de Economia da Unicamp \u2013 IE\/UNICAMP, tendo coordenado o programa de p\u00f3s-gradua\u00e7\u00e3o em Desenvolvimento Econ\u00f4mico e tamb\u00e9m pesquisas em diversas linhas, assim como exerceu a dire\u00e7\u00e3o e administra\u00e7\u00e3o do IE\/UNICAMP. Em 2023, foi convidado para assumir a lideran\u00e7a da Secretaria de Pol\u00edtica Econ\u00f4mica do Minist\u00e9rio da Fazenda.<\/p>\n<div id=\"beacon_2c2f89ec1f\"><\/div>\n<p>Valder Ribeiro de Moura, indicado pela Casa Civil. Ele tem mais de 25 anos de experi\u00eancia nas \u00e1reas de Contabilidade, Auditoria e Gest\u00e3o Administrativa. Atualmente, \u00e9 Secret\u00e1rio-Executivo do Minist\u00e9rio da Integra\u00e7\u00e3o e do Desenvolvimento Regional (MIDR). Foi Diretor de Gest\u00e3o da Ag\u00eancia Brasileira de Desenvolvimento Industrial (ABDI). Graduado em Contabilidade, P\u00f3s-graduado em Controladoria e Finan\u00e7as e em Direito e Gest\u00e3o do Sistema S. Participa, pelo MIDR, de diversas inst\u00e2ncias colegiadas, como Conselho Fiscal da CODEVASF, Conselho Deliberativo da ABDI e Conselho de Administra\u00e7\u00e3o da Suframa.<\/p>\n<p>Renato Campos Galuppo, indicado pelo Minist\u00e9rio de Minas e Energia como membro independente. Ele \u00e9 advogado com atua\u00e7\u00e3o destacada em direito eleitoral, direito penal econ\u00f4mico e direito civil. Atuou por 13 anos como assessor jur\u00eddico na C\u00e2mara dos Deputados. P\u00f3s-graduado em direito penal econ\u00f4mico pela Universidade de Coimbra, \u00e9 membro da Academia Brasileira de Direito Eleitoral e Pol\u00edtico (ABRADEP), do Instituto Brasileiro de Ci\u00eancias Criminais (IBCCRIM) e do Instituto de Ci\u00eancias Penais (ICP).<\/p>\n<p>No dia 27 de abril, j\u00e1 havia sido eleito Roberto Seara Machado Pojo Rego, indicado pelo Minist\u00e9rio de Economia. Ele \u00e9 servidor p\u00fablico h\u00e1 30 anos, formando em Ci\u00eancia Pol\u00edtica pela Universidade de Bras\u00edlia, ingressou no Governo Federal, na carreira de Especialista em Pol\u00edticas P\u00fablicas e Gest\u00e3o Governamental em 2004. Trabalhou no Minist\u00e9rio de Minas e Energia, na Secretaria de Rela\u00e7\u00f5es Institucionais, no Conselho de Desenvolvimento Econ\u00f4mico e Social e no Minist\u00e9rio de Desenvolvimento Social. Nos \u00faltimos 4 anos j\u00e1 trabalhava na Secretaria de Gest\u00e3o, onde coordenava diversos projetos, dentre eles o Programa de Gest\u00e3o e Desempenho.<\/p>\n<p>O s\u00e9timo membro \u00e9 o Diretor-Presidente da PPSA, Eduardo Gerk. Ele \u00e9 graduado pelo Instituto Militar de Engenharia (IME), com mestrado e doutorado em engenharia mec\u00e2nica pela COPPE\/UFRJ e especializa\u00e7\u00e3o em Engenharia de Petr\u00f3leo pela Universidade Petrobras, Finan\u00e7as pela COPPEAD e Economia Empresarial pela UCAM. Iniciou sua carreira na Petrobras, como engenheiro de completa\u00e7\u00e3o e pesquisador no CENPES, e posteriormente atuou como professor universit\u00e1rio, gestor e consultor de empresas.<\/p>\n<p>Os conselheiros de Administra\u00e7\u00e3o t\u00eam prazo de gest\u00e3o unificado de dois anos, permitidas, no m\u00e1ximo, tr\u00eas recondu\u00e7\u00f5es consecutivas.<\/p>\n<p>Fonte: Portos e Navios<\/p>\n","protected":false},"excerpt":{"rendered":"<p>No dia 10 de julho, foram eleitos, em Assembleia Geral Extraordin\u00e1ria, cinco novos membros para o Conselho de Administra\u00e7\u00e3o da Pr\u00e9-Sal Petr\u00f3leo (PPSA). O Conselho&#8230;<\/p>\n","protected":false},"author":1527,"featured_media":46528,"comment_status":"closed","ping_status":"closed","sticky":false,"template":"","format":"standard","meta":{"footnotes":""},"categories":[6],"tags":[],"class_list":["post-46526","post","type-post","status-publish","format-standard","has-post-thumbnail","hentry","category-noticias"],"_links":{"self":[{"href":"https:\/\/www.sincomam.org.br\/index.php\/wp-json\/wp\/v2\/posts\/46526","targetHints":{"allow":["GET"]}}],"collection":[{"href":"https:\/\/www.sincomam.org.br\/index.php\/wp-json\/wp\/v2\/posts"}],"about":[{"href":"https:\/\/www.sincomam.org.br\/index.php\/wp-json\/wp\/v2\/types\/post"}],"author":[{"embeddable":true,"href":"https:\/\/www.sincomam.org.br\/index.php\/wp-json\/wp\/v2\/users\/1527"}],"replies":[{"embeddable":true,"href":"https:\/\/www.sincomam.org.br\/index.php\/wp-json\/wp\/v2\/comments?post=46526"}],"version-history":[{"count":1,"href":"https:\/\/www.sincomam.org.br\/index.php\/wp-json\/wp\/v2\/posts\/46526\/revisions"}],"predecessor-version":[{"id":46529,"href":"https:\/\/www.sincomam.org.br\/index.php\/wp-json\/wp\/v2\/posts\/46526\/revisions\/46529"}],"wp:featuredmedia":[{"embeddable":true,"href":"https:\/\/www.sincomam.org.br\/index.php\/wp-json\/wp\/v2\/media\/46528"}],"wp:attachment":[{"href":"https:\/\/www.sincomam.org.br\/index.php\/wp-json\/wp\/v2\/media?parent=46526"}],"wp:term":[{"taxonomy":"category","embeddable":true,"href":"https:\/\/www.sincomam.org.br\/index.php\/wp-json\/wp\/v2\/categories?post=46526"},{"taxonomy":"post_tag","embeddable":true,"href":"https:\/\/www.sincomam.org.br\/index.php\/wp-json\/wp\/v2\/tags?post=46526"}],"curies":[{"name":"wp","href":"https:\/\/api.w.org\/{rel}","templated":true}]}}