{"id":46492,"date":"2023-07-19T11:16:52","date_gmt":"2023-07-19T14:16:52","guid":{"rendered":"http:\/\/www.sincomam.org.br\/?p=46492"},"modified":"2023-07-19T11:16:52","modified_gmt":"2023-07-19T14:16:52","slug":"ministerio-da-saude-libera-r-151-milhoes-para-apoiar-vacinacao","status":"publish","type":"post","link":"https:\/\/www.sincomam.org.br\/index.php\/ministerio-da-saude-libera-r-151-milhoes-para-apoiar-vacinacao\/","title":{"rendered":"Minist\u00e9rio da Sa\u00fade libera R$ 151 milh\u00f5es para apoiar vacina\u00e7\u00e3o"},"content":{"rendered":"<p>As a\u00e7\u00f5es de multivacina\u00e7\u00e3o de crian\u00e7as e adolescentes em todo o pa\u00eds v\u00e3o receber incentivos financeiros do Minist\u00e9rio da Sa\u00fade, que vai destinar mais de R$ 151 milh\u00f5es a estados e munic\u00edpios.<img decoding=\"async\" src=\"https:\/\/agenciabrasil.ebc.com.br\/ebc.png?id=1544320&amp;o=node\" \/><img decoding=\"async\" src=\"https:\/\/agenciabrasil.ebc.com.br\/ebc.gif?id=1544320&amp;o=node\" \/><\/p>\n<p>\u201cO recurso faz parte das a\u00e7\u00f5es de microplanejamento, voltado para a realiza\u00e7\u00e3o de diagn\u00f3stico e a\u00e7\u00f5es locais para ampliar a vacina\u00e7\u00e3o\u201d, informou a pasta.<\/p>\n<p>A medida &#8211; anunciada pela ministra N\u00edsia Trindade, durante o 37\u00ba Congresso Nacional das Secretarias Municipais de Sa\u00fade, em Goi\u00e2nia &#8211; consta da Portaria n\u00ba 844, de 14 julho de 2023, publicada no\u00a0<a href=\"http:\/\/in.gov.br\/en\/web\/dou\/-\/portaria-gm\/ms-n-844-de-14-de-julho-de-2023-497045598\" target=\"_blank\" rel=\"noopener\"><em>Di\u00e1rio Oficial da Uni\u00e3o<\/em><\/a>\u00a0desta ter\u00e7a-feira (18).<\/p>\n<p>De acordo com o documento assinado pela ministra, a transfer\u00eancia dos recursos ocorrer\u00e1 em duas etapas: a primeira, com 60% do valor total, e a segunda ap\u00f3s o fechamento das a\u00e7\u00f5es de microplanejamento. Do total, R$ 13 milh\u00f5es ser\u00e3o destinados aos estados e R$ 138 milh\u00f5es v\u00e3o para os munic\u00edpios.<\/p>\n<p>\u201cNo microplanejamento, o Minist\u00e9rio da Sa\u00fade trabalha com estados e munic\u00edpios para melhorar o planejamento das a\u00e7\u00f5es de vacina\u00e7\u00e3o. Equipes da pasta v\u00e3o aos estados participar das a\u00e7\u00f5es deste m\u00e9todo, como a an\u00e1lise da situa\u00e7\u00e3o dos dados (caracter\u00edsticas geogr\u00e1ficas, socioecon\u00f4micas e demogr\u00e1ficas locais), defini\u00e7\u00e3o de estrat\u00e9gias de vacina\u00e7\u00e3o (intra e extramuro), seguimento e monitoramento das a\u00e7\u00f5es e avalia\u00e7\u00e3o de todo o processo da vacina\u00e7\u00e3o para o alcance das metas\u201d, diz a nota divulgada pelo Minist\u00e9rio da Sa\u00fade.<\/p>\n<p>Acrescenta que a vacina\u00e7\u00e3o nas escolas, a busca ativa de n\u00e3o vacinados, a vacina\u00e7\u00e3o em qualquer contato com servi\u00e7o de sa\u00fade, a vacina\u00e7\u00e3o extramuros, a checagem da caderneta de vacina\u00e7\u00e3o e a intensifica\u00e7\u00e3o da vacina\u00e7\u00e3o em \u00e1reas ind\u00edgenas est\u00e3o entre as estrat\u00e9gias que podem ser adotadas atrav\u00e9s do microplanejamento pelos munic\u00edpios.<\/p>\n<h2>Multivacina\u00e7\u00e3o<\/h2>\n<p>A multivacina\u00e7\u00e3o j\u00e1 foi antecipada no Amazonas, no Acre e no Amap\u00e1. A escolha dos estados busca conter doen\u00e7as j\u00e1 eliminadas no Brasil, diante da queda das coberturas vacinais registrada nos \u00faltimos anos.<\/p>\n<p>O alerta \u00e9 ainda maior pelo risco de reintrodu\u00e7\u00e3o da poliomielite, doen\u00e7a que foi notificada em mar\u00e7o deste ano no Peru, em regi\u00e3o de fronteira. Roraima, Maranh\u00e3o e Par\u00e1 ser\u00e3o os pr\u00f3ximos estados a receber a multivacina\u00e7\u00e3o. A previs\u00e3o \u00e9 que as a\u00e7\u00f5es nas unidades de sa\u00fade desses estados comecem no m\u00eas de agosto, informou o Minist\u00e9rio da Sa\u00fade.<\/p>\n<p>Fonte: Ag\u00eancia Brasil<\/p>\n","protected":false},"excerpt":{"rendered":"<p>As a\u00e7\u00f5es de multivacina\u00e7\u00e3o de crian\u00e7as e adolescentes em todo o pa\u00eds v\u00e3o receber incentivos financeiros do Minist\u00e9rio da Sa\u00fade, que vai destinar mais de&#8230;<\/p>\n","protected":false},"author":1527,"featured_media":46493,"comment_status":"closed","ping_status":"closed","sticky":false,"template":"","format":"standard","meta":{"footnotes":""},"categories":[6],"tags":[],"class_list":["post-46492","post","type-post","status-publish","format-standard","has-post-thumbnail","hentry","category-noticias"],"_links":{"self":[{"href":"https:\/\/www.sincomam.org.br\/index.php\/wp-json\/wp\/v2\/posts\/46492","targetHints":{"allow":["GET"]}}],"collection":[{"href":"https:\/\/www.sincomam.org.br\/index.php\/wp-json\/wp\/v2\/posts"}],"about":[{"href":"https:\/\/www.sincomam.org.br\/index.php\/wp-json\/wp\/v2\/types\/post"}],"author":[{"embeddable":true,"href":"https:\/\/www.sincomam.org.br\/index.php\/wp-json\/wp\/v2\/users\/1527"}],"replies":[{"embeddable":true,"href":"https:\/\/www.sincomam.org.br\/index.php\/wp-json\/wp\/v2\/comments?post=46492"}],"version-history":[{"count":1,"href":"https:\/\/www.sincomam.org.br\/index.php\/wp-json\/wp\/v2\/posts\/46492\/revisions"}],"predecessor-version":[{"id":46494,"href":"https:\/\/www.sincomam.org.br\/index.php\/wp-json\/wp\/v2\/posts\/46492\/revisions\/46494"}],"wp:featuredmedia":[{"embeddable":true,"href":"https:\/\/www.sincomam.org.br\/index.php\/wp-json\/wp\/v2\/media\/46493"}],"wp:attachment":[{"href":"https:\/\/www.sincomam.org.br\/index.php\/wp-json\/wp\/v2\/media?parent=46492"}],"wp:term":[{"taxonomy":"category","embeddable":true,"href":"https:\/\/www.sincomam.org.br\/index.php\/wp-json\/wp\/v2\/categories?post=46492"},{"taxonomy":"post_tag","embeddable":true,"href":"https:\/\/www.sincomam.org.br\/index.php\/wp-json\/wp\/v2\/tags?post=46492"}],"curies":[{"name":"wp","href":"https:\/\/api.w.org\/{rel}","templated":true}]}}