{"id":46482,"date":"2023-07-19T11:01:14","date_gmt":"2023-07-19T14:01:14","guid":{"rendered":"http:\/\/www.sincomam.org.br\/?p=46482"},"modified":"2023-07-19T11:01:14","modified_gmt":"2023-07-19T14:01:14","slug":"ministerio-de-portos-e-aeroportos-anuncia-reducao-de-tarifas-nos-portos-de-santos-e-rio-de-janeiro-para-aumentar-competitividade","status":"publish","type":"post","link":"https:\/\/www.sincomam.org.br\/index.php\/ministerio-de-portos-e-aeroportos-anuncia-reducao-de-tarifas-nos-portos-de-santos-e-rio-de-janeiro-para-aumentar-competitividade\/","title":{"rendered":"Minist\u00e9rio de Portos e Aeroportos anuncia redu\u00e7\u00e3o de tarifas nos portos de Santos e Rio de Janeiro para aumentar competitividade"},"content":{"rendered":"<p>O\u00a0Minist\u00e9rio de Portos e Aeroportos\u00a0divulgou uma importante medida para impulsionar a efici\u00eancia do sistema portu\u00e1rio no Brasil. A redu\u00e7\u00e3o das tarifas nos portos de Santos (SP) e Rio de Janeiro (RJ) entrou em vigor na \u00faltima segunda-feira, com descontos significativos que podem chegar a 95%. O objetivo principal \u00e9 tornar os terminais p\u00fablicos mais competitivos, mas sem deixar de considerar a cobran\u00e7a tarif\u00e1ria.<\/p>\n<h2>Desconto tarif\u00e1rio em no Porto de Santos, em S\u00e3o Paulo<\/h2>\n<p>O Porto de Santos, localizado em S\u00e3o Paulo, \u00e9 um dos mais importantes do pa\u00eds e um dos maiores da Am\u00e9rica Latina. Com a nova medida, a perspectiva \u00e9 de que o desconto da tarifa consiga chegar a 65%, o que representa uma redu\u00e7\u00e3o significativa nos custos de opera\u00e7\u00e3o para as embarca\u00e7\u00f5es que utilizam o terminal.<\/p>\n<p>A Autoridade Portu\u00e1ria de Santos explicou que a taxa ser\u00e1 calculada com base no tipo de navega\u00e7\u00e3o e na frequ\u00eancia do uso do terminal pela embarca\u00e7\u00e3o. Al\u00e9m disso, embarca\u00e7\u00f5es verdes, aquelas que possuem alta pontua\u00e7\u00e3o no \u00cdndice Ambiental de Navios, receber\u00e3o tarifas ainda mais baixas, incentivando pr\u00e1ticas sustent\u00e1veis no transporte mar\u00edtimo.<\/p>\n<div class=\"code-block code-block-2\">\n<h2>Readequa\u00e7\u00e3o nas taxas portu\u00e1rias no Rio de Janeiro<\/h2>\n<p>Outra que tamb\u00e9m adotou medidas para aumentar a competitividade e a efici\u00eancia em seus terminais foi a Portos Rio, respons\u00e1vel pela gest\u00e3o dos portos p\u00fablicos do Rio de Janeiro, Itagua\u00ed, Niter\u00f3i e Angra dos Reis.<\/p>\n<p>Anteriormente, o c\u00e1lculo das tarifas era baseado no peso que o navio estava projetado para transportar, o que nem sempre refletia a natureza da mercadoria. No entanto, a partir de agora, a cobran\u00e7a ser\u00e1 feita de acordo com o peso da carga transportada, bem como, o tipo de navega\u00e7\u00e3o, seguindo as resolu\u00e7\u00f5es da Ag\u00eancia Nacional de Transportes Aquavi\u00e1rios. Essa readequa\u00e7\u00e3o possibilita descontos que podem chegar a impressionantes 95,5%.<\/p>\n<h2>Aumento de investimentos para gerar competitividade e efici\u00eancia nos portos<\/h2>\n<p>Rached comenta que a proposta do governo visa tornar as\u00a0tarifas portu\u00e1rias\u00a0mais alinhadas \u00e0 natureza da mercadoria, ao inv\u00e9s de estarem apenas relacionadas ao peso. Embora ainda n\u00e3o esteja totalmente claro como essa medida afetar\u00e1 os setores que lidam com produtos a granel, granel l\u00edquido, granel s\u00f3lido e parte do combust\u00edvel, a expectativa \u00e9 de que os benef\u00edcios se estendam para diversos segmentos.<\/p>\n<p>Sendo assim, pode-se concluir que a redu\u00e7\u00e3o das tarifas nos portos de Santos e Rio de Janeiro representa um passo importante para tornar o sistema portu\u00e1rio brasileiro mais competitivo e eficiente. Com descontos significativos que podem chegar a 95,5%, a medida visa beneficiar tanto as embarca\u00e7\u00f5es que utilizam esses terminais quanto o setor como um todo. O enfoque na sustentabilidade, com incentivos para embarca\u00e7\u00f5es verdes, destaca o compromisso do governo em promover pr\u00e1ticas mais amig\u00e1veis ao meio ambiente.<\/p>\n<p>Fonte: Petrosolgas<\/p>\n<\/div>\n","protected":false},"excerpt":{"rendered":"<p>O\u00a0Minist\u00e9rio de Portos e Aeroportos\u00a0divulgou uma importante medida para impulsionar a efici\u00eancia do sistema portu\u00e1rio no Brasil. A redu\u00e7\u00e3o das tarifas nos portos de Santos&#8230;<\/p>\n","protected":false},"author":1527,"featured_media":46484,"comment_status":"closed","ping_status":"closed","sticky":false,"template":"","format":"standard","meta":{"footnotes":""},"categories":[6],"tags":[],"class_list":["post-46482","post","type-post","status-publish","format-standard","has-post-thumbnail","hentry","category-noticias"],"_links":{"self":[{"href":"https:\/\/www.sincomam.org.br\/index.php\/wp-json\/wp\/v2\/posts\/46482","targetHints":{"allow":["GET"]}}],"collection":[{"href":"https:\/\/www.sincomam.org.br\/index.php\/wp-json\/wp\/v2\/posts"}],"about":[{"href":"https:\/\/www.sincomam.org.br\/index.php\/wp-json\/wp\/v2\/types\/post"}],"author":[{"embeddable":true,"href":"https:\/\/www.sincomam.org.br\/index.php\/wp-json\/wp\/v2\/users\/1527"}],"replies":[{"embeddable":true,"href":"https:\/\/www.sincomam.org.br\/index.php\/wp-json\/wp\/v2\/comments?post=46482"}],"version-history":[{"count":1,"href":"https:\/\/www.sincomam.org.br\/index.php\/wp-json\/wp\/v2\/posts\/46482\/revisions"}],"predecessor-version":[{"id":46485,"href":"https:\/\/www.sincomam.org.br\/index.php\/wp-json\/wp\/v2\/posts\/46482\/revisions\/46485"}],"wp:featuredmedia":[{"embeddable":true,"href":"https:\/\/www.sincomam.org.br\/index.php\/wp-json\/wp\/v2\/media\/46484"}],"wp:attachment":[{"href":"https:\/\/www.sincomam.org.br\/index.php\/wp-json\/wp\/v2\/media?parent=46482"}],"wp:term":[{"taxonomy":"category","embeddable":true,"href":"https:\/\/www.sincomam.org.br\/index.php\/wp-json\/wp\/v2\/categories?post=46482"},{"taxonomy":"post_tag","embeddable":true,"href":"https:\/\/www.sincomam.org.br\/index.php\/wp-json\/wp\/v2\/tags?post=46482"}],"curies":[{"name":"wp","href":"https:\/\/api.w.org\/{rel}","templated":true}]}}