{"id":46466,"date":"2023-07-18T09:54:02","date_gmt":"2023-07-18T12:54:02","guid":{"rendered":"http:\/\/www.sincomam.org.br\/?p=46466"},"modified":"2023-07-18T09:54:02","modified_gmt":"2023-07-18T12:54:02","slug":"especialistas-em-manguezais-alertam-dos-riscos-sem-preservacao-do-mar","status":"publish","type":"post","link":"https:\/\/www.sincomam.org.br\/index.php\/especialistas-em-manguezais-alertam-dos-riscos-sem-preservacao-do-mar\/","title":{"rendered":"Especialistas em manguezais alertam dos riscos sem preserva\u00e7\u00e3o do mar"},"content":{"rendered":"<p>O primeiro Congresso Nacional de Manguezais (ConMangue) come\u00e7ou nesta segunda-feira (17), em Niter\u00f3i, regi\u00e3o metropolitana do Rio de Janeiro, com alertas sobre as condi\u00e7\u00f5es do mar e da necessidade de estancar o processo de degrada\u00e7\u00e3o das \u00e1guas. Na abertura do encontro, o coordenador Nacional da Comiss\u00e3o Nacional de Fortalecimento das Reservas Extrativistas e Povos e Comunidades Tradicionais Extrativistas Costeiros e Marinhos (Confrem), Fl\u00e1vio Lontro, disse esperar que o somat\u00f3rio de vozes fa\u00e7a um coro para que empres\u00e1rios e governos consigam ouvir o apelo de que o mar est\u00e1 morrendo.<img decoding=\"async\" src=\"https:\/\/agenciabrasil.ebc.com.br\/ebc.png?id=1544238&amp;o=node\" \/><img decoding=\"async\" src=\"https:\/\/agenciabrasil.ebc.com.br\/ebc.gif?id=1544238&amp;o=node\" \/><\/p>\n<p>\u201cA previs\u00e3o de futuro que a gente projeta s\u00e3o as piores poss\u00edveis, porque se a coisa for do jeito que est\u00e1, a Terra vai virar um deserto e o mar vai ser inaveg\u00e1vel. Para n\u00f3s que dependemos do mar para trabalhar e fazer o nosso dia a dia vai ser muito ruim\u201d, alertou.<\/p>\n<p>Lontro adiantou que pretende encaminhar uma proposta ao prefeito de Niter\u00f3i, Axel Grael, para que seja criada uma mat\u00e9ria nas escolas que ensine os conceitos de preserva\u00e7\u00e3o ambiental aos estudantes. Ele sugere ainda que o prefeito encaminhe a proposta a outros prefeitos do pa\u00eds.<\/p>\n<p>\u201cTomara que o ConMangue start [comece] essa coisa toda. Vou refor\u00e7ar com o prefeito para ver se consigo sensibiliz\u00e1-lo para inserir a grade de meio ambiente nas escolas para formar as crian\u00e7as para podermos mudar um pouco o panorama futuro, tamb\u00e9m tenho filhos e netos e n\u00e3o \u00e9 isso que quero deixar para eles\u201d, disse.<\/p>\n<p>O presidente da Guardi\u00f5es do Mar e coordenador-geral do Projeto Do Mangue ao Mar, Pedro Paulo Belga, lembrou que a ONG foi criada para provar que a Ba\u00eda de Guanabara estava viva, e ao longo do tempo vem realizando a\u00e7\u00f5es para garantir a qualidade dos manguezais da regi\u00e3o.<\/p>\n<p>\u201c\u00c9 inten\u00e7\u00e3o com este congresso que nos pr\u00f3ximos dias possamos ver o quanto os manguezais [s\u00e3o resilientes], mas n\u00f3s tamb\u00e9m somos resilientes. Precisamos juntar nesses quatro dias a academia, o poder p\u00fablico, as unidades de conserva\u00e7\u00e3o, as ONGs e os povos da pesca. Acho que daqui v\u00e3o sair grandes ideias, porque estamos trabalhando e falando com todos que vivem no manguezal e do manguezal.<\/p>\n<p>Pedro Belga informou que em uma d\u00e9cada, de 2013 a abril de 2023, em projetos desenvolvidos pelas institui\u00e7\u00f5es, foram plantadas 120 mil \u00e1rvores nos mangues da Ba\u00eda de Guanabara. \u201cN\u00f3s plantamos 33 \u00e1rvores por dia, mil \u00e1rvores por m\u00eas, 12 mil \u00e1rvores por ano e chegamos a marca de 120 mil \u00e1rvores plantadas na Ba\u00eda de Guanabara\u201d, revelou.<\/p>\n<p>O bi\u00f3logo lembrou que a preserva\u00e7\u00e3o dos mangues influencia at\u00e9 a socioeconomia. \u201cA gente n\u00e3o plantou s\u00f3 para a Ba\u00eda de Guanabara, plantamos para o mundo, porque os mangues s\u00e3o sequestradores de carbono, geram sociobiodiversidade, fomentam a socioeconomia, ent\u00e3o, a minha gratid\u00e3o a todos voc\u00eas que est\u00e3o aqui hoje\u201d.<\/p>\n<p>Segundo Pedro Belga, a maior faixa cont\u00ednua de manguezais conservados do estado do Rio de Janeiro est\u00e1 na Ba\u00eda de Guanabara. \u201cS\u00e3o milhares de fam\u00edlias de pescadores artesanais, de catadores de caranguejo e quilombolas que vivem neles e deles, e, por isso, n\u00f3s cuidamos deles h\u00e1 tanto tempo. Nos \u00faltimos 25 anos, a Guardi\u00f5es do Mar dedicou boa parte de seus trabalhos na conserva\u00e7\u00e3o e na recupera\u00e7\u00e3o desses ambientes. Al\u00e9m disso, trabalhamos a educa\u00e7\u00e3o ambiental para que as pessoas entendam a real import\u00e2ncia dos manguezais, e que mesmo estando longe deles, morando na serra, por exemplo, elas podem de forma positiva ou negativa impactar esse ecossistema\u201d, disse.<\/p>\n<p>A diretora do Departamento de Oceano e Gest\u00e3o Costeira do Minist\u00e9rio do Meio Ambiente e Mudan\u00e7a do Clima, Ana Paula Prates, informou que entre as prioridades da pasta para a pol\u00edtica que trata da mudan\u00e7a de clima no Brasil est\u00e1 a formula\u00e7\u00e3o de medidas de conserva\u00e7\u00e3o dos manguezais.<\/p>\n<p>\u201cTrabalhar fortemente com a\u00e7\u00f5es de conserva\u00e7\u00e3o para os ambientes mais vulner\u00e1veis \u00e0 mudan\u00e7a do clima e ao mesmo tempo os ambientes que nos auxiliam no combate a essas mudan\u00e7as, como \u00e9 o caso dos manguezais e recifes de corais. Dentro das nossas prioridades est\u00e1 a constru\u00e7\u00e3o de uma estrat\u00e9gia nacional para conserva\u00e7\u00e3o e uso sustent\u00e1vel dos manguezais do Brasil. Queremos completar at\u00e9 o ano que vem, e contamos muito com esses espa\u00e7os como o Congresso e com toda essa participa\u00e7\u00e3o, principalmente, dos movimentos sociais como a Confrem que est\u00e1 a\u00ed representada\u201d, disse por meio de v\u00eddeo.<\/p>\n<p>A gerente setorial de Responsabilidade Social da Transpetro, Juliana Assis, disse que a participa\u00e7\u00e3o dela no encontro reafirma o di\u00e1logo da empresa com comunidades tradicionais relacionadas \u00e0 pesca da regi\u00e3o. \u201cParticipar do primeiro Congresso Nacional de Manguezais \u00e9 reafirmar nosso di\u00e1logo e relacionamento com as comunidades tradicionais de pescadores artesanais, cai\u00e7aras, catadores de caranguejo e quilombolas. Temos v\u00e1rias a\u00e7\u00f5es previstas, o que inclui atividades de limpeza nas ba\u00edas de Guanabara e Sepetiba e outras iniciativas que v\u00e3o al\u00e9m da pesca, como as oficinas de turismo, previstas para come\u00e7arem no ano que vem, e a forma\u00e7\u00e3o de multiplicadores adolescentes para replicar conhecimento sobre educa\u00e7\u00e3o ambiental\u201d, disse ao apresentar as linhas de atua\u00e7\u00e3o socioambiental da companhia, voltadas ao desenvolvimento humano e social das comunidades onde atua.<\/p>\n<p>O prefeito de Niter\u00f3i, Axel Grael, comemorou o fato do ConMangue ocorrer na cidade. \u201cRealizar o Congresso Nacional de Manguezais em Niter\u00f3i \u00e9 uma iniciativa que tem tudo a ver com nossas pol\u00edticas p\u00fablicas que ajudam a preservar nosso meio ambiente e nosso ecossistema. Vamos incluir a sociedade no debate em torno desses ambientes que est\u00e3o em constante modifica\u00e7\u00e3o e integram importantes ber\u00e7\u00e1rios de nossa fauna\u201d, disse em mensagem.<\/p>\n<p>O prefeito n\u00e3o participou da abertura do encontro porque viajou a Cabo Frio por causa da\u00a0morte do prefeito da cidade Jos\u00e9 Bonif\u00e1cio, 78 anos de idade, v\u00edtima de c\u00e2ncer de f\u00edgado.<\/p>\n<h2>Certificado<\/h2>\n<p>Antes de come\u00e7ar, o ConMangue, que \u00e9 produzido pela ONG Guardi\u00f5es do Mar, por meio do Projeto Do Mangue ao Mar, em conv\u00eanio com a Transpetro, recebeu o Selo Prima Consci\u00eancia Clim\u00e1tica. \u201cA certifica\u00e7\u00e3o de neutraliza\u00e7\u00e3o de carbono resulta de um levantamento de todas as emiss\u00f5es de gases que contribuem para o efeito estufa, previstas durante o evento, bem como garante, a partir de um c\u00e1lculo seguro, a compensa\u00e7\u00e3o ambiental do carbono emitido\u201d, informaram os organizadores.<\/p>\n<p>Para reduzir os impactos gerados, a Guardi\u00f5es do Mar plantar\u00e1 mudas de mangue em uma \u00e1rea de um hectare da APA de Guapi-Mirim.<\/p>\n<p>O congresso termina na quarta-feira (20).<\/p>\n<p>Fonte: Ag\u00eancia Brasil<\/p>\n","protected":false},"excerpt":{"rendered":"<p>O primeiro Congresso Nacional de Manguezais (ConMangue) come\u00e7ou nesta segunda-feira (17), em Niter\u00f3i, regi\u00e3o metropolitana do Rio de Janeiro, com alertas sobre as condi\u00e7\u00f5es do&#8230;<\/p>\n","protected":false},"author":1527,"featured_media":46467,"comment_status":"closed","ping_status":"closed","sticky":false,"template":"","format":"standard","meta":{"footnotes":""},"categories":[6],"tags":[],"class_list":["post-46466","post","type-post","status-publish","format-standard","has-post-thumbnail","hentry","category-noticias"],"_links":{"self":[{"href":"https:\/\/www.sincomam.org.br\/index.php\/wp-json\/wp\/v2\/posts\/46466","targetHints":{"allow":["GET"]}}],"collection":[{"href":"https:\/\/www.sincomam.org.br\/index.php\/wp-json\/wp\/v2\/posts"}],"about":[{"href":"https:\/\/www.sincomam.org.br\/index.php\/wp-json\/wp\/v2\/types\/post"}],"author":[{"embeddable":true,"href":"https:\/\/www.sincomam.org.br\/index.php\/wp-json\/wp\/v2\/users\/1527"}],"replies":[{"embeddable":true,"href":"https:\/\/www.sincomam.org.br\/index.php\/wp-json\/wp\/v2\/comments?post=46466"}],"version-history":[{"count":1,"href":"https:\/\/www.sincomam.org.br\/index.php\/wp-json\/wp\/v2\/posts\/46466\/revisions"}],"predecessor-version":[{"id":46468,"href":"https:\/\/www.sincomam.org.br\/index.php\/wp-json\/wp\/v2\/posts\/46466\/revisions\/46468"}],"wp:featuredmedia":[{"embeddable":true,"href":"https:\/\/www.sincomam.org.br\/index.php\/wp-json\/wp\/v2\/media\/46467"}],"wp:attachment":[{"href":"https:\/\/www.sincomam.org.br\/index.php\/wp-json\/wp\/v2\/media?parent=46466"}],"wp:term":[{"taxonomy":"category","embeddable":true,"href":"https:\/\/www.sincomam.org.br\/index.php\/wp-json\/wp\/v2\/categories?post=46466"},{"taxonomy":"post_tag","embeddable":true,"href":"https:\/\/www.sincomam.org.br\/index.php\/wp-json\/wp\/v2\/tags?post=46466"}],"curies":[{"name":"wp","href":"https:\/\/api.w.org\/{rel}","templated":true}]}}