{"id":46442,"date":"2023-07-17T08:23:48","date_gmt":"2023-07-17T11:23:48","guid":{"rendered":"http:\/\/www.sincomam.org.br\/?p=46442"},"modified":"2023-07-17T08:24:41","modified_gmt":"2023-07-17T11:24:41","slug":"nigerianos-que-viajaram-no-leme-de-um-navio-da-africa-ate-o-brasil-sao-resgatados","status":"publish","type":"post","link":"https:\/\/www.sincomam.org.br\/index.php\/nigerianos-que-viajaram-no-leme-de-um-navio-da-africa-ate-o-brasil-sao-resgatados\/","title":{"rendered":"Nigerianos que viajaram no leme de um navio da \u00c1frica at\u00e9 o Brasil s\u00e3o resgatados"},"content":{"rendered":"<div id=\"chunk-5mvfc\">\n<div class=\"mc-column content-text active-extra-styles \" data-block-type=\"unstyled\" data-block-weight=\"25\" data-block-id=\"11\">\n<p data-track-category=\"Link no Texto\" data-track-links=\"\"><a href=\"https:\/\/www.sincomam.org.br\/wp-content\/uploads\/2023\/07\/globo-canal-4-20230716-1959-frame-149008.webp\"><img fetchpriority=\"high\" decoding=\"async\" class=\"alignleft size-medium wp-image-46444\" src=\"https:\/\/www.sincomam.org.br\/wp-content\/uploads\/2023\/07\/globo-canal-4-20230716-1959-frame-149008-300x169.webp\" alt=\"\" width=\"300\" height=\"169\" srcset=\"https:\/\/www.sincomam.org.br\/wp-content\/uploads\/2023\/07\/globo-canal-4-20230716-1959-frame-149008-300x169.webp 300w, https:\/\/www.sincomam.org.br\/wp-content\/uploads\/2023\/07\/globo-canal-4-20230716-1959-frame-149008-768x432.webp 768w, https:\/\/www.sincomam.org.br\/wp-content\/uploads\/2023\/07\/globo-canal-4-20230716-1959-frame-149008.webp 1008w\" sizes=\"(max-width: 300px) 100vw, 300px\" \/><\/a><\/p>\n<p class=\"content-text__container \" data-track-category=\"Link no Texto\" data-track-links=\"\">A viagem dos imigrantes durou 14 dias, saindo do Porto de Lagos, na\u00a0Nig\u00e9ria, em um navio com bandeira da Lib\u00e9ria chamado Ken Wave.<\/p>\n<\/div>\n<\/div>\n<div id=\"chunk-bapmh\">\n<div class=\"mc-column content-text active-extra-styles \" data-block-type=\"unstyled\" data-block-weight=\"56\" data-block-id=\"12\">\n<p class=\"content-text__container \" data-track-category=\"Link no Texto\" data-track-links=\"\"><span class=\"highlight highlighted\">Os nigerianos contaram que fizeram parte do\u00a0<\/span><span class=\"highlight highlighted\">trajeto sentados no leme\u00a0<\/span><span class=\"highlight highlighted\">e que na maior parte do tempo ficaram dentro da caixa da m\u00e1quina do leme &#8211; um espa\u00e7o que serve para a<\/span><span class=\"highlight highlighted\">\u00a0manuten\u00e7\u00e3o do dispositivo.<\/span><span class=\"highlight highlighted\">\u00a0\u00damido e apertado, pode ter\u00a0<\/span><span class=\"highlight highlighted\">tr\u00eas metros de largura e tr\u00eas de comprimento<\/span><span class=\"highlight highlighted\">, semelhante ao tamanho de uma caixa d&#8217;\u00e1gua.<\/span><\/p>\n<\/div>\n<\/div>\n<div id=\"chunk-32f4s\">\n<div class=\"content-ads content-ads--reveal\" data-block-type=\"ads\" data-block-id=\"13\">\n<div id=\"banner_materia__86385cde-2462-4ee4-801a-965ec4000455\" class=\"tag-manager-publicidade-container mc-has-reveal mc-has-ad-lazyload tag-manager-publicidade-banner_materia__86385cde-2462-4ee4-801a-965ec4000455 tag-manager-publicidade-container--carregado tag-manager-publicidade-container--visivel\" data-id=\"banner_materia__86385cde-2462-4ee4-801a-965ec4000455\" data-google-query-id=\"CJuWzYjPlYADFbGGlQIdGCYDDQ\">Ap\u00f3s o resgate, os quatro imigrantes ficaram sob responsabilidade da seguradora do navio. Dois deles retornaram para a\u00a0Nig\u00e9ria\u00a0com as despesas pagas pela seguradora, enquanto Roman e outro imigrante chamado Matthew passaram alguns dias em um abrigo na regi\u00e3o de Serra, na Grande Vit\u00f3ria, antes de viajarem para S\u00e3o Paulo, onde ser\u00e3o acolhidos por uma miss\u00e3o da Igreja Cat\u00f3lica.<\/div>\n<\/div>\n<div data-id=\"banner_materia__86385cde-2462-4ee4-801a-965ec4000455\" data-google-query-id=\"CJuWzYjPlYADFbGGlQIdGCYDDQ\">\n<div id=\"chunk-69ua9\">\n<div class=\"mc-column content-text active-extra-styles \" data-block-type=\"unstyled\" data-block-weight=\"48\" data-block-id=\"16\">\n<p class=\"content-text__container \" data-track-category=\"Link no Texto\" data-track-links=\"\">Os imigrantes chegaram a conversar com uma representante do Alto Comissariado para os Refugiados da ONU (ACNUR). Como solicitantes de ref\u00fagio, eles ter\u00e3o os mesmos direitos de um cidad\u00e3o brasileiro. No entanto, dois deles decidiram voltar para a\u00a0Nig\u00e9ria, em viagem paga pela seguradora do navio.<\/p>\n<\/div>\n<\/div>\n<div id=\"chunk-d0ir3\">\n<div class=\"mc-column content-text active-extra-styles \" data-block-type=\"unstyled\" data-block-weight=\"20\" data-block-id=\"17\">\n<p class=\"content-text__container \" data-track-category=\"Link no Texto\" data-track-links=\"\">A Defensoria P\u00fablica da Uni\u00e3o fez uma solicita\u00e7\u00e3o de ref\u00fagio para os dois imigrantes que desejam permanecer no Brasil.<\/p>\n<div id=\"chunk-4t22a\">\n<div class=\"mc-column content-text active-extra-styles\" data-block-type=\"raw\" data-block-weight=\"4\" data-block-id=\"20\">\n<div class=\"content-intertitle\">\n<h2>O drama na\u00a0Nig\u00e9ria<\/h2>\n<\/div>\n<p>A Nig\u00e9ria \u00e9 o mais populoso da \u00c1frica, com 218 milh\u00f5es de habitantes e tem a maior economia do continente. Mas tem altos \u00edndices de pobreza e desemprego. Somente neste ano, o Brasil j\u00e1 recebeu 230 solicita\u00e7\u00f5es de ref\u00fagio de nigerianos.<\/p>\n<\/div>\n<\/div>\n<div id=\"chunk-876po\">\n<div class=\"mc-column content-text active-extra-styles \" data-block-type=\"unstyled\" data-block-weight=\"14\" data-block-id=\"22\">\n<p data-track-category=\"Link no Texto\" data-track-links=\"\">Fonte: G1<\/p>\n<\/div>\n<\/div>\n<\/div>\n<\/div>\n<\/div>\n<\/div>\n","protected":false},"excerpt":{"rendered":"<p>A viagem dos imigrantes durou 14 dias, saindo do Porto de Lagos, na\u00a0Nig\u00e9ria, em um navio com bandeira da Lib\u00e9ria chamado Ken Wave. Os nigerianos&#8230;<\/p>\n","protected":false},"author":1527,"featured_media":46443,"comment_status":"closed","ping_status":"closed","sticky":false,"template":"","format":"standard","meta":{"footnotes":""},"categories":[6],"tags":[],"class_list":["post-46442","post","type-post","status-publish","format-standard","has-post-thumbnail","hentry","category-noticias"],"_links":{"self":[{"href":"https:\/\/www.sincomam.org.br\/index.php\/wp-json\/wp\/v2\/posts\/46442","targetHints":{"allow":["GET"]}}],"collection":[{"href":"https:\/\/www.sincomam.org.br\/index.php\/wp-json\/wp\/v2\/posts"}],"about":[{"href":"https:\/\/www.sincomam.org.br\/index.php\/wp-json\/wp\/v2\/types\/post"}],"author":[{"embeddable":true,"href":"https:\/\/www.sincomam.org.br\/index.php\/wp-json\/wp\/v2\/users\/1527"}],"replies":[{"embeddable":true,"href":"https:\/\/www.sincomam.org.br\/index.php\/wp-json\/wp\/v2\/comments?post=46442"}],"version-history":[{"count":1,"href":"https:\/\/www.sincomam.org.br\/index.php\/wp-json\/wp\/v2\/posts\/46442\/revisions"}],"predecessor-version":[{"id":46445,"href":"https:\/\/www.sincomam.org.br\/index.php\/wp-json\/wp\/v2\/posts\/46442\/revisions\/46445"}],"wp:featuredmedia":[{"embeddable":true,"href":"https:\/\/www.sincomam.org.br\/index.php\/wp-json\/wp\/v2\/media\/46443"}],"wp:attachment":[{"href":"https:\/\/www.sincomam.org.br\/index.php\/wp-json\/wp\/v2\/media?parent=46442"}],"wp:term":[{"taxonomy":"category","embeddable":true,"href":"https:\/\/www.sincomam.org.br\/index.php\/wp-json\/wp\/v2\/categories?post=46442"},{"taxonomy":"post_tag","embeddable":true,"href":"https:\/\/www.sincomam.org.br\/index.php\/wp-json\/wp\/v2\/tags?post=46442"}],"curies":[{"name":"wp","href":"https:\/\/api.w.org\/{rel}","templated":true}]}}