{"id":46439,"date":"2023-07-17T08:10:11","date_gmt":"2023-07-17T11:10:11","guid":{"rendered":"http:\/\/www.sincomam.org.br\/?p=46439"},"modified":"2023-07-17T08:10:11","modified_gmt":"2023-07-17T11:10:11","slug":"com-baixa-cobertura-vacinal-estado-do-rio-busca-reverter-situacao","status":"publish","type":"post","link":"https:\/\/www.sincomam.org.br\/index.php\/com-baixa-cobertura-vacinal-estado-do-rio-busca-reverter-situacao\/","title":{"rendered":"Com baixa cobertura vacinal, estado do Rio busca reverter situa\u00e7\u00e3o"},"content":{"rendered":"<p>O secret\u00e1rio de Sa\u00fade do Rio de Janeiro, Dr. Luizinho, manifestou preocupa\u00e7\u00e3o com as coberturas vacinais no estado, que est\u00e3o entre as piores do pa\u00eds, e anunciou um pacto para refor\u00e7ar a imuniza\u00e7\u00e3o e reduzir o n\u00famero de casos de tuberculose. O estado discutiu o tema nesta sexta-feira (14) com representantes da Organiza\u00e7\u00e3o Pan-Americana da Sa\u00fade (Opas), ap\u00f3s a inaugura\u00e7\u00e3o do Centro de Intelig\u00eancia em Sa\u00fade (CIS).<img decoding=\"async\" src=\"https:\/\/agenciabrasil.ebc.com.br\/ebc.png?id=1543998&amp;o=node\" \/><img decoding=\"async\" src=\"https:\/\/agenciabrasil.ebc.com.br\/ebc.gif?id=1543998&amp;o=node\" \/><\/p>\n<p>Os casos graves de tuberculose podem ser prevenidos com a vacina BCG, uma das mais conhecidas e antigas no Sistema \u00danico de Sa\u00fade (SUS), mas a cobertura atingida pelo estado do Rio de Janeiro no ano passado ficou em apenas 76%, segundo o Sistema de Informa\u00e7\u00f5es do Programa Nacional de Imuniza\u00e7\u00f5es (SI-PNI). A meta do Minist\u00e9rio da Sa\u00fade \u00e9 vacinar 90% dos beb\u00eas com menos de um ano, e o percentual fluminense s\u00f3 foi maior que o do Esp\u00edrito Santo, onde somente 63% dos beb\u00eas foram vacinados.<\/p>\n<p>O estado do Rio tamb\u00e9m tem a segunda menor cobertura vacinal contra a poliomielite do pa\u00eds, e ocupa essa mesma posi\u00e7\u00e3o em rela\u00e7\u00e3o \u00e0 cobertura da vacina pentavalente, que previne contra difteria, t\u00e9tano, coqueluche, hepatite B e contra a bact\u00e9ria\u00a0<em>haemophilus influenza<\/em>\u00a0tipo b.<\/p>\n<p>Para reverter o quadro, o secret\u00e1rio de Sa\u00fade defendeu propostas como a amplia\u00e7\u00e3o do hor\u00e1rio de funcionamento dos postos de vacina\u00e7\u00e3o e a cria\u00e7\u00e3o de unidades que funcionem de segunda a domingo, das 8h \u00e0s 20h.<\/p>\n<p>&#8220;Os nossos \u00edndices de vacina\u00e7\u00e3o s\u00e3o muito duros, por isso, precisamos fazer um esfor\u00e7o muito grande para superar essa dificuldade. Hoje, o estado do Rio de Janeiro \u00e9 o segundo pior da federa\u00e7\u00e3o em cobertura vacinal&#8221;, avaliou Dr. Luizinhoele, que prometeu cobrar resultados dos munic\u00edpios: &#8220;Vou levar \u00e0 Comiss\u00e3o Intergestores Bipartite do Estado do Rio de Janeiro (CIB) uma proposta pela qual, a partir de 2024, os munic\u00edpios que n\u00e3o atingirem os \u00edndices de vacina\u00e7\u00e3o n\u00e3o ter\u00e3o repasse de recursos do estado.&#8221;<\/p>\n<p>Especificamente sobre a tuberculose, o secret\u00e1rio disse que o estado adquiriu testes r\u00e1pidos e pretende montar uma rede para ajudar os munic\u00edpios a trazer os exames colhidos para detec\u00e7\u00e3o da doen\u00e7a. Ele tamb\u00e9m prometeu levar tom\u00f3grafos m\u00f3veis a pres\u00eddios, onde condi\u00e7\u00f5es prec\u00e1rias de ventila\u00e7\u00e3o e higiene favorecem a dissemina\u00e7\u00e3o da doen\u00e7a.<\/p>\n<p>Presente ao evento, o diretor da Organiza\u00e7\u00e3o Pan-Americana da Sa\u00fade\/OMS, Jarbas Barbosa da Silva, defendeu a import\u00e2ncia dos munic\u00edpios no processo de recupera\u00e7\u00e3o das coberturas vacinais, j\u00e1 que as solu\u00e7\u00f5es devem ser elaboradas a partir da visita \u00e0s salas de vacina. Barbosa tamb\u00e9m destacou que \u00e9 preciso aprimorar a qualifica\u00e7\u00e3o do profissional de sa\u00fade que aplica o imunizante, al\u00e9m de investir em estrat\u00e9gias de comunica\u00e7\u00e3o.<\/p>\n<p>A Subsecretaria de Vigil\u00e2ncia e Aten\u00e7\u00e3o Prim\u00e1ria \u00e0 Sa\u00fade da Secretaria de Estado de Sa\u00fade apresentou um estudo sobre as causas da baixa cobertura vacinal no estado, e entre eles est\u00e1 o descaso de respons\u00e1veis pelas crian\u00e7as em idade de serem vacinadas.<\/p>\n<p>Tamb\u00e9m h\u00e1 problemas que interferem nos registros das vacinas junto ao sistema. Entre os principais est\u00e3o as constantes atualiza\u00e7\u00f5es do sistema de informatiza\u00e7\u00e3o do governo federal, a lentid\u00e3o da internet das prefeituras, a aus\u00eancia ou alta rotatividade de funcion\u00e1rios, a inexist\u00eancia ou defasagem de\u00a0<em>softwares<\/em>, o desconhecimento do sistema de informa\u00e7\u00e3o e a centraliza\u00e7\u00e3o dos registros.<\/p>\n<p>Fonte: Ag\u00eancia Brasil<\/p>\n","protected":false},"excerpt":{"rendered":"<p>O secret\u00e1rio de Sa\u00fade do Rio de Janeiro, Dr. Luizinho, manifestou preocupa\u00e7\u00e3o com as coberturas vacinais no estado, que est\u00e3o entre as piores do pa\u00eds,&#8230;<\/p>\n","protected":false},"author":1527,"featured_media":46440,"comment_status":"closed","ping_status":"closed","sticky":false,"template":"","format":"standard","meta":{"footnotes":""},"categories":[6],"tags":[],"class_list":["post-46439","post","type-post","status-publish","format-standard","has-post-thumbnail","hentry","category-noticias"],"_links":{"self":[{"href":"https:\/\/www.sincomam.org.br\/index.php\/wp-json\/wp\/v2\/posts\/46439","targetHints":{"allow":["GET"]}}],"collection":[{"href":"https:\/\/www.sincomam.org.br\/index.php\/wp-json\/wp\/v2\/posts"}],"about":[{"href":"https:\/\/www.sincomam.org.br\/index.php\/wp-json\/wp\/v2\/types\/post"}],"author":[{"embeddable":true,"href":"https:\/\/www.sincomam.org.br\/index.php\/wp-json\/wp\/v2\/users\/1527"}],"replies":[{"embeddable":true,"href":"https:\/\/www.sincomam.org.br\/index.php\/wp-json\/wp\/v2\/comments?post=46439"}],"version-history":[{"count":1,"href":"https:\/\/www.sincomam.org.br\/index.php\/wp-json\/wp\/v2\/posts\/46439\/revisions"}],"predecessor-version":[{"id":46441,"href":"https:\/\/www.sincomam.org.br\/index.php\/wp-json\/wp\/v2\/posts\/46439\/revisions\/46441"}],"wp:featuredmedia":[{"embeddable":true,"href":"https:\/\/www.sincomam.org.br\/index.php\/wp-json\/wp\/v2\/media\/46440"}],"wp:attachment":[{"href":"https:\/\/www.sincomam.org.br\/index.php\/wp-json\/wp\/v2\/media?parent=46439"}],"wp:term":[{"taxonomy":"category","embeddable":true,"href":"https:\/\/www.sincomam.org.br\/index.php\/wp-json\/wp\/v2\/categories?post=46439"},{"taxonomy":"post_tag","embeddable":true,"href":"https:\/\/www.sincomam.org.br\/index.php\/wp-json\/wp\/v2\/tags?post=46439"}],"curies":[{"name":"wp","href":"https:\/\/api.w.org\/{rel}","templated":true}]}}