{"id":46420,"date":"2023-07-14T11:49:19","date_gmt":"2023-07-14T14:49:19","guid":{"rendered":"http:\/\/www.sincomam.org.br\/?p=46420"},"modified":"2023-07-14T11:49:19","modified_gmt":"2023-07-14T14:49:19","slug":"programa-desenrola-vai-limpar-nome-de-15-milhao-de-endividados","status":"publish","type":"post","link":"https:\/\/www.sincomam.org.br\/index.php\/programa-desenrola-vai-limpar-nome-de-15-milhao-de-endividados\/","title":{"rendered":"Programa Desenrola vai limpar nome de 1,5 milh\u00e3o de endividados"},"content":{"rendered":"<p>O programa &#8220;Desenrola&#8221;, criado pelo governo federal para a renegocia\u00e7\u00e3o de d\u00edvidas,\u00a0come\u00e7ar\u00e1 a operar j\u00e1 na pr\u00f3xima segunda-feira (17). Veja aqui as novidades anunciadas nesta sexta-feira (14) e os pr\u00f3ximos passos da iniciativa.<\/p>\n<p><strong>O que \u00e9 o Desenrola?<\/strong><\/p>\n<div id=\"chunk-cg6pn\">\n<div class=\"mc-column content-text active-extra-styles\" data-block-type=\"raw\" data-block-weight=\"5\" data-block-id=\"7\">\n<p>O programa \u201cDesenrola Brasil\u2019 \u00e9 uma promessa de campanha do presidente Luiz In\u00e1cio Lula da Silva\u00a0(PT). Ele foi criado para promover um mutir\u00e3o de renegocia\u00e7\u00e3o de d\u00edvidas de pessoas f\u00edsicas. A ideia central \u00e9 tirar pessoas da lista de negativados e retomar o potencial de consumo da popula\u00e7\u00e3o.<\/p>\n<\/div>\n<\/div>\n<div id=\"chunk-7dn6k\">\n<div class=\"mc-column content-text active-extra-styles \" data-block-type=\"unstyled\" data-block-weight=\"37\" data-block-id=\"9\">\n<p class=\"content-text__container \" data-track-category=\"Link no Texto\" data-track-links=\"\">A estimativa do\u00a0Minist\u00e9rio da Fazenda\u00a0\u00e9 que 70 milh\u00f5es de pessoas sejam beneficiadas pelo programa. O governo mira em devedores com renda bruta de at\u00e9 dois sal\u00e1rios m\u00ednimos ou que estejam inscritos no Cadastro \u00danico (Cad\u00danico).<\/p>\n<\/div>\n<\/div>\n<div id=\"chunk-cgn7c\">\n<div class=\"mc-column content-text active-extra-styles\" data-block-type=\"raw\" data-block-weight=\"6\" data-block-id=\"10\">\n<p class=\"content-text__container\"><strong>Qual a novidade sobre o Desenrola?<\/strong><\/p>\n<p>O programa foi antecipado pelo Minist\u00e9rio da Fazenda, e come\u00e7a a operar na pr\u00f3xima segunda-feira (17). No primeiro momento, a renegocia\u00e7\u00e3o vale apenas para a faixa 2 do programa, para pessoas com renda mensal de at\u00e9 R$ 20 mil.<\/p>\n<\/div>\n<\/div>\n<div id=\"chunk-cj8ut\">\n<div class=\"mc-column content-text active-extra-styles \" data-block-type=\"unstyled\" data-block-weight=\"46\" data-block-id=\"12\">\n<p class=\"content-text__container \" data-track-category=\"Link no Texto\" data-track-links=\"\">Tamb\u00e9m na segunda-feira, os maiores bancos do pa\u00eds come\u00e7am a &#8220;limpar o nome&#8221; de at\u00e9 1,5 milh\u00e3o de correntistas que t\u00eam d\u00edvidas inferiores a R$ 100. Esse compromisso foi um pr\u00e9-requisito estabelecido pelo governo para que os grandes bancos pudessem participar do Desenrola.<\/p>\n<p class=\"content-text__container \" data-track-category=\"Link no Texto\" data-track-links=\"\"><strong>O que \u00e9 a faixa 1 do Desenrola?<\/strong><\/p>\n<\/div>\n<\/div>\n<div id=\"chunk-7o9ie\">\n<div class=\"mc-column content-text active-extra-styles\" data-block-type=\"raw\" data-block-weight=\"8\" data-block-id=\"13\">\n<p>A faixa 1 do programa Desenrola atender\u00e1 a popula\u00e7\u00e3o com renda de at\u00e9 R$ 2.640 (dois sal\u00e1rios m\u00ednimos) ou est\u00e1 inscrito no Cadastro \u00danico do governo federal (Cad\u00danico).<\/p>\n<\/div>\n<\/div>\n<div id=\"chunk-9sc69\">\n<div class=\"mc-column content-text active-extra-styles \" data-block-type=\"unstyled\" data-block-weight=\"29\" data-block-id=\"14\">\n<div id=\"chunk-41tab\">\n<div class=\"mc-column content-text active-extra-styles \" data-block-type=\"unstyled\" data-block-weight=\"26\" data-block-id=\"16\">\n<p class=\"content-text__container \" data-track-category=\"Link no Texto\" data-track-links=\"\">Poder\u00e3o ser renegociadas d\u00edvidas financeiras e n\u00e3o financeiras de at\u00e9 R$ 5 mil, feitas entre 1\u00ba de janeiro de 2019 e 31 de dezembro de 2022.<\/p>\n<\/div>\n<\/div>\n<div id=\"chunk-95cp7\">\n<div class=\"mc-column content-text active-extra-styles \" data-block-type=\"unstyled\" data-block-weight=\"13\" data-block-id=\"17\">\n<p class=\"content-text__container \" data-track-category=\"Link no Texto\" data-track-links=\"\"><span class=\"highlight highlighted\">Ela n\u00e3o se inicia agora, e deve come\u00e7ar a operar em setembro.<\/span><\/p>\n<\/div>\n<\/div>\n<div id=\"chunk-2jbai\">\n<div class=\"mc-column content-text active-extra-styles\" data-block-type=\"raw\" data-block-weight=\"8\" data-block-id=\"18\">\n<p class=\"content-text__container\"><strong>Quais s\u00e3o as regras para a faixa 1?<\/strong><\/p>\n<p>Em rela\u00e7\u00e3o \u00e0 &#8220;faixa 1&#8221;, a portaria publicada pelo Minist\u00e9rio da Fazenda cita que as institui\u00e7\u00f5es financeiras dever\u00e3o se habilitar na plataforma digital do programa para iniciar as renegocia\u00e7\u00f5es. No entanto, a portaria n\u00e3o indica datas.<\/p>\n<\/div>\n<\/div>\n<div id=\"chunk-46peo\">\n<div class=\"mc-column content-text active-extra-styles \" data-block-type=\"unstyled\" data-block-weight=\"23\" data-block-id=\"20\">\n<p class=\"content-text__container \" data-track-category=\"Link no Texto\" data-track-links=\"\">Em agosto,\u00a0o governo deve fazer um leil\u00e3o\u00a0para definir quais credores ser\u00e3o contemplados \u2014 os que oferecerem maiores descontos ter\u00e3o vantagem.<\/p>\n<\/div>\n<\/div>\n<div id=\"chunk-aa200\">\n<div class=\"mc-column content-text active-extra-styles \" data-block-type=\"unstyled\" data-block-weight=\"58\" data-block-id=\"21\">\n<p class=\"content-text__container \" data-track-category=\"Link no Texto\" data-track-links=\"\">Hoje, a maior parte das d\u00edvidas negativadas do pa\u00eds (66,3%) n\u00e3o \u00e9 com bancos, e sim com varejistas e companhias de \u00e1gua, g\u00e1s e telefonia. Por isso, o governo vai realizar grandes leil\u00f5es que devem ser divididos por setores e negociar\u00e1 milhares de d\u00edvidas ao mesmo tempo. Quem der os maiores descontos, fica apto a participar do programa.<\/p>\n<\/div>\n<\/div>\n<div id=\"chunk-4pnkq\">\n<div class=\"mc-column content-text active-extra-styles \" data-block-type=\"unstyled\" data-block-weight=\"7\" data-block-id=\"22\">\n<p class=\"content-text__container \" data-track-category=\"Link no Texto\" data-track-links=\"\">O programa n\u00e3o abrange os seguintes casos:<\/p>\n<\/div>\n<\/div>\n<div id=\"chunk-4npcf\">\n<div class=\"mc-column content-text active-extra-styles\" data-block-type=\"raw\" data-block-weight=\"19\" data-block-id=\"23\">\n<ul class=\"content-unordered-list\">\n<li>d\u00edvidas com garantia real;<\/li>\n<li>d\u00edvidas de cr\u00e9dito rural;<\/li>\n<li>d\u00edvidas de financiamento imobili\u00e1rio;<\/li>\n<li>opera\u00e7\u00f5es com funding ou risco de terceiros.<\/li>\n<\/ul>\n<p>A renegocia\u00e7\u00e3o dos d\u00e9bitos ser\u00e1 feita por meio de uma plataforma digital. Para isso, o devedor entrar\u00e1 no sistema com seu login do portal gov.br.<\/p>\n<\/div>\n<\/div>\n<div id=\"chunk-bcdeb\">\n<div class=\"mc-column content-text active-extra-styles \" data-block-type=\"unstyled\" data-block-weight=\"34\" data-block-id=\"24\">\n<div id=\"chunk-6rci2\">\n<div class=\"mc-column content-text active-extra-styles \" data-block-type=\"unstyled\" data-block-weight=\"41\" data-block-id=\"26\">\n<p class=\"content-text__container \" data-track-category=\"Link no Texto\" data-track-links=\"\">Ap\u00f3s isso, ele poder\u00e1 escolher uma institui\u00e7\u00e3o financeira inscrita no programa para fazer a renegocia\u00e7\u00e3o e selecionar se o pagamento ser\u00e1 feito \u00e0 vista ou n\u00famero de parcelas. O devedor precisa escolher um banco inscrito no programa para fazer a renegocia\u00e7\u00e3o.<\/p>\n<\/div>\n<\/div>\n<div id=\"chunk-1amve\">\n<div class=\"mc-column content-text active-extra-styles \" data-block-type=\"unstyled\" data-block-weight=\"6\" data-block-id=\"27\">\n<p class=\"content-text__container \" data-track-category=\"Link no Texto\" data-track-links=\"\">Entre as regras de pagamento est\u00e3o:<\/p>\n<\/div>\n<\/div>\n<div id=\"chunk-aguah\">\n<div class=\"mc-column content-text active-extra-styles\" data-block-type=\"raw\" data-block-weight=\"47\" data-block-id=\"28\">\n<ul class=\"content-unordered-list\">\n<li>a taxa de juros ser\u00e1 de 1,99%;<\/li>\n<li>a parcela m\u00ednima ser\u00e1 de R$ 50;<\/li>\n<li>o pagamento poder\u00e1 ser feito em at\u00e9 60 vezes;<\/li>\n<li>a primeira parcela ter\u00e1 vencimento ap\u00f3s 30 dias;<\/li>\n<li>o prazo de car\u00eancia ser\u00e1 de no m\u00ednimo 30 dias e de no m\u00e1ximo 59 dias.<\/li>\n<\/ul>\n<p>O governo informou que o pagamento das parcelas poder\u00e1 ser feito por d\u00e9bito em conta, PIX ou boleto banc\u00e1rio. Os devedores tamb\u00e9m ter\u00e3o direito a um curso de educa\u00e7\u00e3o financeira.<\/p>\n<\/div>\n<\/div>\n<div id=\"chunk-7ji99\">\n<div class=\"mc-column content-text active-extra-styles \" data-block-type=\"unstyled\" data-block-weight=\"17\" data-block-id=\"30\">\n<p class=\"content-text__container \" data-track-category=\"Link no Texto\" data-track-links=\"\">Em caso de inadimpl\u00eancia ap\u00f3s a renegocia\u00e7\u00e3o, o benefici\u00e1rio poder\u00e1 voltar a ficar com o nome sujo.<\/p>\n<\/div>\n<\/div>\n<div id=\"chunk-auoh1\">\n<div class=\"mc-column content-text active-extra-styles\" data-block-type=\"raw\" data-block-weight=\"8\" data-block-id=\"31\">\n<p class=\"content-text__container\"><strong>O que \u00e9 a faixa 2 do Desenrola?<\/strong><\/p>\n<p>A faixa 2 do programa foca em resolver as d\u00edvidas de pessoas f\u00edsicas com d\u00edvidas financeiras negativadas at\u00e9 31 de dezembro de 2022, e renda de at\u00e9 R$ 20 mil.<\/p>\n<\/div>\n<\/div>\n<div id=\"chunk-e172\">\n<div class=\"mc-column content-text active-extra-styles \" data-block-type=\"unstyled\" data-block-weight=\"24\" data-block-id=\"33\">\n<p class=\"content-text__container \" data-track-category=\"Link no Texto\" data-track-links=\"\">Segundo o governo federal, cada institui\u00e7\u00e3o financeira renegociar\u00e1 suas pr\u00f3prias d\u00edvidas, sem a necessidade de consolida\u00e7\u00e3o de diferentes credores como ocorrer\u00e1 na faixa 1.<\/p>\n<p><strong>Quais s\u00e3o as regras para a faixa 2?<\/strong><\/p>\n<\/div>\n<\/div>\n<div id=\"chunk-fqskn\">\n<div class=\"content-ads content-ads--reveal\" data-block-type=\"ads\" data-block-id=\"34\">\n<div id=\"banner_materia__400e19d2-9921-4126-a3e6-7ac80b844527\" class=\"tag-manager-publicidade-container mc-has-reveal mc-has-ad-lazyload tag-manager-publicidade-banner_materia__400e19d2-9921-4126-a3e6-7ac80b844527 tag-manager-publicidade-container--carregado tag-manager-publicidade-container--visivel\" data-id=\"banner_materia__400e19d2-9921-4126-a3e6-7ac80b844527\" data-google-query-id=\"COG3ocq3joADFfpP3QId8LYMcg\">\n<div id=\"chunk-f0j2r\">\n<div class=\"mc-column content-text active-extra-styles\" data-block-type=\"raw\" data-block-weight=\"8\" data-block-id=\"35\">\n<p>Neste caso, n\u00e3o \u00e9 necess\u00e1rio inscri\u00e7\u00e3o para atendimento em canais digitais do governo. Os bancos oferecer\u00e3o as condi\u00e7\u00f5es de renegocia\u00e7\u00e3o de d\u00edvidas diretamente aos seus clientes.<\/p>\n<\/div>\n<\/div>\n<div id=\"chunk-at3cn\">\n<div class=\"mc-column content-text active-extra-styles \" data-block-type=\"unstyled\" data-block-weight=\"31\" data-block-id=\"37\">\n<p class=\"content-text__container \" data-track-category=\"Link no Texto\" data-track-links=\"\">Ao contr\u00e1rio da faixa 1, para este grupo o governo n\u00e3o oferecer\u00e1 uma garantia. Em troca, o governo vai oferecer aos bancos um incentivo para que aumente a oferta de cr\u00e9dito.<\/p>\n<\/div>\n<\/div>\n<div id=\"chunk-7fl2i\">\n<div class=\"mc-column content-text active-extra-styles \" data-block-type=\"unstyled\" data-block-weight=\"13\" data-block-id=\"38\">\n<p class=\"content-text__container \" data-track-category=\"Link no Texto\" data-track-links=\"\">Na faixa 2, o programa n\u00e3o atender\u00e1 renegocia\u00e7\u00f5es de d\u00edvidas dos seguintes tipos:<\/p>\n<\/div>\n<\/div>\n<div id=\"chunk-dlgka\">\n<div class=\"mc-column content-text active-extra-styles\" data-block-type=\"raw\" data-block-weight=\"49\" data-block-id=\"39\">\n<ul class=\"content-unordered-list\">\n<li>d\u00edvidas de cr\u00e9dito rural;<\/li>\n<li>d\u00e9bitos com garantia da Uni\u00e3o ou de entidade p\u00fablica<\/li>\n<li>d\u00edvidas que n\u00e3o tenham o risco de cr\u00e9dito integralmente assumido pelos agentes financeiros;<\/li>\n<li>d\u00edvidas com qualquer tipo de previs\u00e3o de aporte de recursos p\u00fablicos;<\/li>\n<li>d\u00e9bitos com qualquer equaliza\u00e7\u00e3o de taxa de juros por parte da Uni\u00e3o.<\/li>\n<\/ul>\n<p>Cerca de 30 milh\u00f5es de pessoas devem ser beneficiadas nesta faixa, segundo o Minist\u00e9rio da Fazenda.<\/p>\n<\/div>\n<\/div>\n<div id=\"chunk-ctsbk\">\n<div class=\"mc-column content-text active-extra-styles\" data-block-type=\"raw\" data-block-weight=\"6\" data-block-id=\"41\">\n<p class=\"content-text__container\"><strong>D\u00edvidas de R$ 100 ser\u00e3o perdoadas?<\/strong><\/p>\n<p><span class=\"highlight highlighted\">Quem deve at\u00e9 R$ 100 deixar\u00e1 de estar negativado, mas a medida n\u00e3o \u00e9 um perd\u00e3o de d\u00edvidas<\/span><span class=\"highlight highlighted\">.<\/span>\u00a0O d\u00e9bito continuar\u00e1 existindo, mas os bancos se comprometem, pelo programa, a n\u00e3o usar essa d\u00edvida para inserir os correntistas no cadastro negativo.<\/p>\n<\/div>\n<\/div>\n<div id=\"chunk-3edsn\">\n<div class=\"mc-column content-text active-extra-styles \" data-block-type=\"unstyled\" data-block-weight=\"50\" data-block-id=\"43\">\n<p class=\"content-text__container \" data-track-category=\"Link no Texto\" data-track-links=\"\">Segundo o Minist\u00e9rio da Fazenda, 1,5 milh\u00e3o de brasileiros t\u00eam d\u00edvidas com esse valor. Na pr\u00e1tica, se a pessoa n\u00e3o tiver outras d\u00edvidas inscritas no cadastro negativo, fica com o &#8220;nome limpo&#8221; \u2013 e pode voltar a comprar a prazo, contrair empr\u00e9stimo ou fechar contrato de aluguel, por exemplo.<\/p>\n<\/div>\n<\/div>\n<div id=\"chunk-2pptg\">\n<div class=\"content-ads content-ads--reveal\" data-block-type=\"ads\" data-block-id=\"44\">\n<div id=\"banner_materia__d3012363-d6ac-4186-b493-a859ebdb26cc\" class=\"tag-manager-publicidade-container mc-has-reveal mc-has-ad-lazyload tag-manager-publicidade-banner_materia__d3012363-d6ac-4186-b493-a859ebdb26cc tag-manager-publicidade-container--carregado tag-manager-publicidade-container--visivel\" data-id=\"banner_materia__d3012363-d6ac-4186-b493-a859ebdb26cc\" data-google-query-id=\"CKzu4s63joADFdNU3QId54UEiw\">\n<div id=\"google_ads_iframe_\/95377733\/tvg_G1\/Economia_7__container__\">Como a medida\u00a0vale somente para bancos e institui\u00e7\u00f5es financeiras\u00a0com volume de capta\u00e7\u00f5es superior a R$ 30 bilh\u00f5es, o governo n\u00e3o far\u00e1 essa exig\u00eancia para empresas como varejistas e companhias de \u00e1gua e luz.<\/div>\n<\/div>\n<\/div>\n<\/div>\n<div id=\"chunk-86pev\">\n<div class=\"mc-column content-text active-extra-styles \" data-block-type=\"unstyled\" data-block-weight=\"15\" data-block-id=\"46\">\n<p class=\"content-text__container \" data-track-category=\"Link no Texto\" data-track-links=\"\">O prazo para conclus\u00e3o da retirada dos negativados vai at\u00e9 o dia 28 de julho.<\/p>\n<\/div>\n<\/div>\n<div id=\"chunk-1r030\">\n<div class=\"mc-column content-text active-extra-styles\" data-block-type=\"raw\" data-block-weight=\"4\" data-block-id=\"47\">\n<p class=\"content-text__container\"><strong>E se houver inadimpl\u00eancia?<\/strong><\/p>\n<p>Para a faixa 1, o governo, por meio de fundo garantidor, vai garantir eventual inadimpl\u00eancia que venha a acontecer nesses financiamentos. A Uni\u00e3o vai garantir o valor principal da d\u00edvida, e bancos v\u00e3o arcar com o risco dos juros.<\/p>\n<\/div>\n<\/div>\n<div id=\"chunk-2a3lv\">\n<div class=\"mc-column content-text active-extra-styles \" data-block-type=\"unstyled\" data-block-weight=\"21\" data-block-id=\"49\">\n<p class=\"content-text__container \" data-track-category=\"Link no Texto\" data-track-links=\"\">O valor do aporte da Uni\u00e3o, nesse fundo garantidor, ainda est\u00e1 sendo fechado, assim como o limite da taxa de juros.<\/p>\n<\/div>\n<\/div>\n<div id=\"chunk-bdpfv\">\n<div class=\"mc-column content-text active-extra-styles \" data-block-type=\"unstyled\" data-block-weight=\"32\" data-block-id=\"50\">\n<p class=\"content-text__container \" data-track-category=\"Link no Texto\" data-track-links=\"\">Na faixa 2, o governo s\u00f3 promove a renegocia\u00e7\u00e3o de d\u00edvidas de consumidores que ganham mais do que dois sal\u00e1rios m\u00ednimos, mas n\u00e3o oferece garantia do Tesouro em caso de inadimpl\u00eancia.<\/p>\n<p data-track-category=\"Link no Texto\" data-track-links=\"\">Fonte: G1<\/p>\n<\/div>\n<\/div>\n<\/div>\n<\/div>\n<\/div>\n<\/div>\n<\/div>\n<\/div>\n<\/div>\n","protected":false},"excerpt":{"rendered":"<p>O programa &#8220;Desenrola&#8221;, criado pelo governo federal para a renegocia\u00e7\u00e3o de d\u00edvidas,\u00a0come\u00e7ar\u00e1 a operar j\u00e1 na pr\u00f3xima segunda-feira (17). Veja aqui as novidades anunciadas nesta&#8230;<\/p>\n","protected":false},"author":1527,"featured_media":46372,"comment_status":"closed","ping_status":"closed","sticky":false,"template":"","format":"standard","meta":{"footnotes":""},"categories":[6],"tags":[],"class_list":["post-46420","post","type-post","status-publish","format-standard","has-post-thumbnail","hentry","category-noticias"],"_links":{"self":[{"href":"https:\/\/www.sincomam.org.br\/index.php\/wp-json\/wp\/v2\/posts\/46420","targetHints":{"allow":["GET"]}}],"collection":[{"href":"https:\/\/www.sincomam.org.br\/index.php\/wp-json\/wp\/v2\/posts"}],"about":[{"href":"https:\/\/www.sincomam.org.br\/index.php\/wp-json\/wp\/v2\/types\/post"}],"author":[{"embeddable":true,"href":"https:\/\/www.sincomam.org.br\/index.php\/wp-json\/wp\/v2\/users\/1527"}],"replies":[{"embeddable":true,"href":"https:\/\/www.sincomam.org.br\/index.php\/wp-json\/wp\/v2\/comments?post=46420"}],"version-history":[{"count":1,"href":"https:\/\/www.sincomam.org.br\/index.php\/wp-json\/wp\/v2\/posts\/46420\/revisions"}],"predecessor-version":[{"id":46421,"href":"https:\/\/www.sincomam.org.br\/index.php\/wp-json\/wp\/v2\/posts\/46420\/revisions\/46421"}],"wp:featuredmedia":[{"embeddable":true,"href":"https:\/\/www.sincomam.org.br\/index.php\/wp-json\/wp\/v2\/media\/46372"}],"wp:attachment":[{"href":"https:\/\/www.sincomam.org.br\/index.php\/wp-json\/wp\/v2\/media?parent=46420"}],"wp:term":[{"taxonomy":"category","embeddable":true,"href":"https:\/\/www.sincomam.org.br\/index.php\/wp-json\/wp\/v2\/categories?post=46420"},{"taxonomy":"post_tag","embeddable":true,"href":"https:\/\/www.sincomam.org.br\/index.php\/wp-json\/wp\/v2\/tags?post=46420"}],"curies":[{"name":"wp","href":"https:\/\/api.w.org\/{rel}","templated":true}]}}