{"id":46400,"date":"2023-07-13T10:03:00","date_gmt":"2023-07-13T13:03:00","guid":{"rendered":"http:\/\/www.sincomam.org.br\/?p=46400"},"modified":"2023-07-13T10:03:00","modified_gmt":"2023-07-13T13:03:00","slug":"lula-sanciona-nesta-quinta-lei-do-programa-minha-casa-minha-vida","status":"publish","type":"post","link":"https:\/\/www.sincomam.org.br\/index.php\/lula-sanciona-nesta-quinta-lei-do-programa-minha-casa-minha-vida\/","title":{"rendered":"Lula sanciona nesta quinta lei do programa Minha Casa, Minha Vida"},"content":{"rendered":"<p>O presidente Luiz In\u00e1cio Lula da Silva sanciona nesta quinta-feira (13) o\u00a0projeto de lei aprovado pelo Congresso Nacional\u00a0que retoma o programa habitacional Minha Casa, Minha Vida. A cerim\u00f4nia de assinatura ser\u00e1 realizada \u00e0s 11h, no Pal\u00e1cio do Planalto, com a participa\u00e7\u00e3o do ministro das Cidades, Jader Filho, e diversas autoridades.<img decoding=\"async\" src=\"https:\/\/agenciabrasil.ebc.com.br\/ebc.png?id=1543451&amp;o=node\" \/><img decoding=\"async\" src=\"https:\/\/agenciabrasil.ebc.com.br\/ebc.gif?id=1543451&amp;o=node\" \/><\/p>\n<p>Em junho, o Senado aprovou o projeto de lei de convers\u00e3o da\u00a0<a href=\"http:\/\/https\/\/www.planalto.gov.br\/ccivil_03\/_Ato2023-2026\/2023\/Mpv\/mpv1162.htm\" target=\"_blank\" rel=\"noopener\">Medida Provis\u00f3ria 1.162\/2023<\/a>, que recriou a pol\u00edtica p\u00fablica federal. O programa vai atender fam\u00edlias com renda mensal de at\u00e9 R$ 8 mil, em \u00e1reas urbanas, e de at\u00e9 R$ 96 mil no ano, na zona rural.<\/p>\n<p>O texto j\u00e1 havia sido aprovado pela C\u00e2mara dos Deputados, tamb\u00e9m em junho, com altera\u00e7\u00f5es. Uma delas \u00e9 a permiss\u00e3o do uso de recursos do Fundo de Garantia do Tempo de Servi\u00e7o (FGTS) para projetos de ilumina\u00e7\u00e3o p\u00fablica, saneamento b\u00e1sico, vias p\u00fablicas e drenagem de \u00e1guas pluviais.<\/p>\n<p>H\u00e1 previs\u00e3o de aplicar, no m\u00ednimo, 5% dos recursos do programa no financiamento da retomada de obras paradas, reforma ou requalifica\u00e7\u00e3o de im\u00f3veis inutilizados e constru\u00e7\u00e3o de habita\u00e7\u00f5es em cidades de at\u00e9 50 mil habitantes.<\/p>\n<p>Outra mudan\u00e7a \u00e9 o desconto de 50% na conta de energia de quem for inscrito no Cad\u00danico, cadastro dos programas sociais do governo.<\/p>\n<h2>Fim da exclusividade<\/h2>\n<p>A lei tira a exclusividade da Caixa Econ\u00f4mica Federal como operadora do Minha Casa, Minha Vida.<\/p>\n<p>Com a mudan\u00e7a, bancos privados, digitais e cooperativas de cr\u00e9dito poder\u00e3o operar no programa, desde que forne\u00e7am informa\u00e7\u00f5es sobre as transfer\u00eancias ao Minist\u00e9rio das Cidades com identifica\u00e7\u00e3o do destinat\u00e1rio do cr\u00e9dito.<\/p>\n<p>O Minha Casa, Minha Vida foi criado em 2009. Em 2020, foi extinto pelo governo de Jair Bolsonaro e substitu\u00eddo pelo Casa Verde e Amarela.<\/p>\n<p>O presidente Lula vem defendendo uma amplia\u00e7\u00e3o ainda maior da faixa de atendimento do programa para contemplar segmentos da classe m\u00e9dia, com renda mensal de R$ 10 mil a R$ 12 mil.<\/p>\n<h2>Agenda<\/h2>\n<p>Ainda nesta quinta-feira, Lula vai participar de um ato no 59\u00aa Congresso da Uni\u00e3o Nacional dos Estudantes (UNE). O evento ser\u00e1 no Gin\u00e1sio Nilson Nelson, em Bras\u00edlia.<\/p>\n<p>Est\u00e3o previstas tamb\u00e9m as presen\u00e7as dos ministros M\u00e1rcio Mac\u00eado, da Secretaria-Geral da Presid\u00eancia; Luciana Santos, da Ci\u00eancia e Tecnologia; e do ex-presidente do Uruguai, Pepe Mujica. No evento, os estudantes v\u00e3o entregar uma carta com demandas para a educa\u00e7\u00e3o ao presidente.<\/p>\n<p>Fonte: Ag\u00eancia Brasil<\/p>\n","protected":false},"excerpt":{"rendered":"<p>O presidente Luiz In\u00e1cio Lula da Silva sanciona nesta quinta-feira (13) o\u00a0projeto de lei aprovado pelo Congresso Nacional\u00a0que retoma o programa habitacional Minha Casa, Minha&#8230;<\/p>\n","protected":false},"author":1527,"featured_media":46401,"comment_status":"closed","ping_status":"closed","sticky":false,"template":"","format":"standard","meta":{"footnotes":""},"categories":[6],"tags":[],"class_list":["post-46400","post","type-post","status-publish","format-standard","has-post-thumbnail","hentry","category-noticias"],"_links":{"self":[{"href":"https:\/\/www.sincomam.org.br\/index.php\/wp-json\/wp\/v2\/posts\/46400","targetHints":{"allow":["GET"]}}],"collection":[{"href":"https:\/\/www.sincomam.org.br\/index.php\/wp-json\/wp\/v2\/posts"}],"about":[{"href":"https:\/\/www.sincomam.org.br\/index.php\/wp-json\/wp\/v2\/types\/post"}],"author":[{"embeddable":true,"href":"https:\/\/www.sincomam.org.br\/index.php\/wp-json\/wp\/v2\/users\/1527"}],"replies":[{"embeddable":true,"href":"https:\/\/www.sincomam.org.br\/index.php\/wp-json\/wp\/v2\/comments?post=46400"}],"version-history":[{"count":1,"href":"https:\/\/www.sincomam.org.br\/index.php\/wp-json\/wp\/v2\/posts\/46400\/revisions"}],"predecessor-version":[{"id":46402,"href":"https:\/\/www.sincomam.org.br\/index.php\/wp-json\/wp\/v2\/posts\/46400\/revisions\/46402"}],"wp:featuredmedia":[{"embeddable":true,"href":"https:\/\/www.sincomam.org.br\/index.php\/wp-json\/wp\/v2\/media\/46401"}],"wp:attachment":[{"href":"https:\/\/www.sincomam.org.br\/index.php\/wp-json\/wp\/v2\/media?parent=46400"}],"wp:term":[{"taxonomy":"category","embeddable":true,"href":"https:\/\/www.sincomam.org.br\/index.php\/wp-json\/wp\/v2\/categories?post=46400"},{"taxonomy":"post_tag","embeddable":true,"href":"https:\/\/www.sincomam.org.br\/index.php\/wp-json\/wp\/v2\/tags?post=46400"}],"curies":[{"name":"wp","href":"https:\/\/api.w.org\/{rel}","templated":true}]}}