{"id":46376,"date":"2023-07-14T11:58:41","date_gmt":"2023-07-14T14:58:41","guid":{"rendered":"http:\/\/www.sincomam.org.br\/?p=46376"},"modified":"2023-07-14T11:56:50","modified_gmt":"2023-07-14T14:56:50","slug":"sincomam-participa-do-evento-sobre-os-80-anos-de-clt-e-o-futuro-do-direito-sindical","status":"publish","type":"post","link":"https:\/\/www.sincomam.org.br\/index.php\/sincomam-participa-do-evento-sobre-os-80-anos-de-clt-e-o-futuro-do-direito-sindical\/","title":{"rendered":"SINCOMAM participa do evento sobre os 80 anos de CLT e o futuro do Direito Sindical"},"content":{"rendered":"\n\t\t\t<div id='gallery-46376-1' class='gallery gallery-46376'>\n\t\t\t\t<div class='gallery-row gallery-col-3 gallery-clear'>\n\t\t\t\t\t<figure class='gallery-item col-3'>\n\t\t\t\t\t\t<div class='gallery-icon '><a href='https:\/\/www.sincomam.org.br\/index.php\/sincomam-participa-do-evento-sobre-os-80-anos-de-clt-e-o-futuro-do-direito-sindical\/img-20230711-wa0023\/'><img decoding=\"async\" width=\"150\" height=\"150\" src=\"https:\/\/www.sincomam.org.br\/wp-content\/uploads\/2023\/07\/IMG-20230711-WA0023-150x150.jpg\" class=\"attachment-thumbnail size-thumbnail\" alt=\"\" \/><\/a><\/div>\n\t\t\t\t\t<\/figure>\n\t\t\t\t\t<figure class='gallery-item col-3'>\n\t\t\t\t\t\t<div class='gallery-icon '><a href='https:\/\/www.sincomam.org.br\/index.php\/sincomam-participa-do-evento-sobre-os-80-anos-de-clt-e-o-futuro-do-direito-sindical\/img-20230711-wa0019\/'><img decoding=\"async\" width=\"150\" height=\"150\" src=\"https:\/\/www.sincomam.org.br\/wp-content\/uploads\/2023\/07\/IMG-20230711-WA0019-150x150.jpg\" class=\"attachment-thumbnail size-thumbnail\" alt=\"\" \/><\/a><\/div>\n\t\t\t\t\t<\/figure>\n\t\t\t\t\t<figure class='gallery-item col-3'>\n\t\t\t\t\t\t<div class='gallery-icon '><a href='https:\/\/www.sincomam.org.br\/index.php\/sincomam-participa-do-evento-sobre-os-80-anos-de-clt-e-o-futuro-do-direito-sindical\/img-20230711-wa0011\/'><img decoding=\"async\" width=\"150\" height=\"150\" src=\"https:\/\/www.sincomam.org.br\/wp-content\/uploads\/2023\/07\/IMG-20230711-WA0011-150x150.jpg\" class=\"attachment-thumbnail size-thumbnail\" alt=\"\" \/><\/a><\/div>\n\t\t\t\t\t<\/figure>\n\t\t\t\t<\/div>\n\t\t\t<\/div><!-- .gallery -->\n\n<p style=\"font-weight: 400;\">\u201cO Sindicato Nacional dos Condutores da Marinha Mercante e Afins (SINCOMAM) participou na \u00faltima segunda-feira (10\/07) do evento\u00a0<em>80 anos de CLT e o futuro do Direito Sindical<\/em><em>,<\/em><em>\u00a0<\/em>realizado no Instituto dos Advogados Brasileiros (IAB). A ocasi\u00e3o foi uma oportunidade de celebrar e refletir sobre a Consolida\u00e7\u00e3o das Leis do Trabalho (CLT), um marco importante na hist\u00f3ria dos direitos trabalhistas no Brasil, e discutir as perspectivas e desafios futuros do Direito Sindical.<\/p>\n<p style=\"font-weight: 400;\">Os pain\u00e9is apresentados discutiram sobre os desafios atuais enfrentados pelos sindicatos e trabalhadores, o cen\u00e1rio p\u00f3s reforma trabalhista e as mudan\u00e7as tecnol\u00f3gicas e sociais que impactam o \u00e2mbito do trabalho.<\/p>\n<p style=\"font-weight: 400;\">A presen\u00e7a do SINCOMAM no evento possui o intuito de refor\u00e7ar a import\u00e2ncia da participa\u00e7\u00e3o ativa dos sindicatos nos debates de pol\u00edticas p\u00fablicas relacionadas ao futuro do trabalhador, bem como na promo\u00e7\u00e3o da justi\u00e7a social e prote\u00e7\u00e3o dos direitos trabalhistas.\u201d<\/p>\n","protected":false},"excerpt":{"rendered":"<p>\u201cO Sindicato Nacional dos Condutores da Marinha Mercante e Afins (SINCOMAM) participou na \u00faltima segunda-feira (10\/07) do evento\u00a080 anos de CLT e o futuro do&#8230;<\/p>\n","protected":false},"author":1527,"featured_media":46377,"comment_status":"closed","ping_status":"closed","sticky":false,"template":"","format":"standard","meta":{"footnotes":""},"categories":[6],"tags":[],"class_list":["post-46376","post","type-post","status-publish","format-standard","has-post-thumbnail","hentry","category-noticias"],"_links":{"self":[{"href":"https:\/\/www.sincomam.org.br\/index.php\/wp-json\/wp\/v2\/posts\/46376","targetHints":{"allow":["GET"]}}],"collection":[{"href":"https:\/\/www.sincomam.org.br\/index.php\/wp-json\/wp\/v2\/posts"}],"about":[{"href":"https:\/\/www.sincomam.org.br\/index.php\/wp-json\/wp\/v2\/types\/post"}],"author":[{"embeddable":true,"href":"https:\/\/www.sincomam.org.br\/index.php\/wp-json\/wp\/v2\/users\/1527"}],"replies":[{"embeddable":true,"href":"https:\/\/www.sincomam.org.br\/index.php\/wp-json\/wp\/v2\/comments?post=46376"}],"version-history":[{"count":1,"href":"https:\/\/www.sincomam.org.br\/index.php\/wp-json\/wp\/v2\/posts\/46376\/revisions"}],"predecessor-version":[{"id":46381,"href":"https:\/\/www.sincomam.org.br\/index.php\/wp-json\/wp\/v2\/posts\/46376\/revisions\/46381"}],"wp:featuredmedia":[{"embeddable":true,"href":"https:\/\/www.sincomam.org.br\/index.php\/wp-json\/wp\/v2\/media\/46377"}],"wp:attachment":[{"href":"https:\/\/www.sincomam.org.br\/index.php\/wp-json\/wp\/v2\/media?parent=46376"}],"wp:term":[{"taxonomy":"category","embeddable":true,"href":"https:\/\/www.sincomam.org.br\/index.php\/wp-json\/wp\/v2\/categories?post=46376"},{"taxonomy":"post_tag","embeddable":true,"href":"https:\/\/www.sincomam.org.br\/index.php\/wp-json\/wp\/v2\/tags?post=46376"}],"curies":[{"name":"wp","href":"https:\/\/api.w.org\/{rel}","templated":true}]}}