{"id":46347,"date":"2023-07-11T06:27:38","date_gmt":"2023-07-11T09:27:38","guid":{"rendered":"http:\/\/www.sincomam.org.br\/?p=46347"},"modified":"2023-07-11T06:27:38","modified_gmt":"2023-07-11T09:27:38","slug":"marinha-promove-dia-de-fuzileiro-naval-e-marinheiro-para-pessoas-com-deficiencia","status":"publish","type":"post","link":"https:\/\/www.sincomam.org.br\/index.php\/marinha-promove-dia-de-fuzileiro-naval-e-marinheiro-para-pessoas-com-deficiencia\/","title":{"rendered":"Marinha promove \u201cDia de Fuzileiro Naval e Marinheiro\u201d para pessoas com defici\u00eancia"},"content":{"rendered":"<div class=\"rtejustify\">Cerca de 1.200 pessoas compareceram ao Centro de Instru\u00e7\u00e3o Almirante Sylvio de Camargo (CIASC) para viver um \u201cDia de Fuzileiro Naval e Marinheiro\u201d, ontem (08), na Ilha do Governador (RJ). O evento teve como principal objetivo a promo\u00e7\u00e3o da inclus\u00e3o das pessoas com defici\u00eancia.<\/div>\n<div class=\"rtejustify\"><\/div>\n<div class=\"rtejustify\">A a\u00e7\u00e3o, promovida pela Marinha do Brasil, em parceria com diversos apoiadores, apresenta um pouco da rotina de um militar e propicia a integra\u00e7\u00e3o entre o p\u00fablico e o ambiente naval, por meio de programas recreativos, esportivos, musicais e do contato com aspectos da cultura da Marinha, em especial dos Fuzileiros Navais.<\/div>\n<div><\/div>\n<div class=\"rtejustify\">Durante toda a manh\u00e3, as mais de 400 crian\u00e7as, adolescentes e adultos com espectro autista e outros tipos de defici\u00eancia participaram de oficina de pintura, recrea\u00e7\u00e3o esportiva, oficina de percuss\u00e3o, educa\u00e7\u00e3o ambiental, exibi\u00e7\u00e3o de c\u00e3es, apresenta\u00e7\u00e3o de mostru\u00e1rio de equipamentos operativos, oficina de camuflagem, visita a helic\u00f3ptero, passeio em viaturas militares e, com apoio da Pol\u00edcia Militar do Rio de Janeiro, passeio em cavalos, al\u00e9m de receberem brindes e lanches.<\/div>\n<div class=\"rtejustify\"><\/div>\n<div class=\"rtejustify\">A participante Tatiana, que trouxe o filho Felipe, 20 anos, autista, contou sobre a experi\u00eancia de participar pela quinta vez: \u201cO evento \u00e9 maravilhoso, pois \u00e9 uma manh\u00e3 em que as crian\u00e7as ficam \u00e0 vontade, se sentem bem e podem participar de diversas atividades\u201d.<\/div>\n<div class=\"rtejustify\"><\/div>\n<div class=\"rtejustify\">O p\u00fablico tamb\u00e9m p\u00f4de assistir a uma apresenta\u00e7\u00e3o da Banda Marcial do Corpo de Fuzileiros Navais, cantar belos sambas com o m\u00fasico Ito Melodia e, ao fim, soltar bal\u00f5es que voaram ao c\u00e9u, marcando o emocionante encerramento das atividades.<\/div>\n<div class=\"rtejustify\"><\/div>\n<div class=\"rtejustify\">Criado em 2017, o \u201cDia de Fuzileiro Naval e Marinheiro\u201d \u00e9 um evento que demonstra que Marinha est\u00e1 lado a lado com a sociedade, em a\u00e7\u00f5es de inclus\u00e3o social voltadas \u00e0s pessoas com defici\u00eancia e \u00e0s iniciativas que contribuem para aumentar a visibilidade das causas ligadas ao transtorno do espectro autista.<\/div>\n<p>Fonte: Ag\u00eancia Marinha de Not\u00edcias<\/p>\n","protected":false},"excerpt":{"rendered":"<p>Cerca de 1.200 pessoas compareceram ao Centro de Instru\u00e7\u00e3o Almirante Sylvio de Camargo (CIASC) para viver um \u201cDia de Fuzileiro Naval e Marinheiro\u201d, ontem (08),&#8230;<\/p>\n","protected":false},"author":1527,"featured_media":46348,"comment_status":"closed","ping_status":"closed","sticky":false,"template":"","format":"standard","meta":{"footnotes":""},"categories":[6],"tags":[],"class_list":["post-46347","post","type-post","status-publish","format-standard","has-post-thumbnail","hentry","category-noticias"],"_links":{"self":[{"href":"https:\/\/www.sincomam.org.br\/index.php\/wp-json\/wp\/v2\/posts\/46347","targetHints":{"allow":["GET"]}}],"collection":[{"href":"https:\/\/www.sincomam.org.br\/index.php\/wp-json\/wp\/v2\/posts"}],"about":[{"href":"https:\/\/www.sincomam.org.br\/index.php\/wp-json\/wp\/v2\/types\/post"}],"author":[{"embeddable":true,"href":"https:\/\/www.sincomam.org.br\/index.php\/wp-json\/wp\/v2\/users\/1527"}],"replies":[{"embeddable":true,"href":"https:\/\/www.sincomam.org.br\/index.php\/wp-json\/wp\/v2\/comments?post=46347"}],"version-history":[{"count":1,"href":"https:\/\/www.sincomam.org.br\/index.php\/wp-json\/wp\/v2\/posts\/46347\/revisions"}],"predecessor-version":[{"id":46349,"href":"https:\/\/www.sincomam.org.br\/index.php\/wp-json\/wp\/v2\/posts\/46347\/revisions\/46349"}],"wp:featuredmedia":[{"embeddable":true,"href":"https:\/\/www.sincomam.org.br\/index.php\/wp-json\/wp\/v2\/media\/46348"}],"wp:attachment":[{"href":"https:\/\/www.sincomam.org.br\/index.php\/wp-json\/wp\/v2\/media?parent=46347"}],"wp:term":[{"taxonomy":"category","embeddable":true,"href":"https:\/\/www.sincomam.org.br\/index.php\/wp-json\/wp\/v2\/categories?post=46347"},{"taxonomy":"post_tag","embeddable":true,"href":"https:\/\/www.sincomam.org.br\/index.php\/wp-json\/wp\/v2\/tags?post=46347"}],"curies":[{"name":"wp","href":"https:\/\/api.w.org\/{rel}","templated":true}]}}