{"id":4633,"date":"2014-04-01T16:13:48","date_gmt":"2014-04-01T19:13:48","guid":{"rendered":"http:\/\/www.sincomam.org.br\/?p=4633"},"modified":"2014-04-01T16:47:47","modified_gmt":"2014-04-01T19:47:47","slug":"petrobras-anuncia-7a-rodada-do-programa-de-renovacao-da-frota-de-apoio-maritimo","status":"publish","type":"post","link":"https:\/\/www.sincomam.org.br\/index.php\/petrobras-anuncia-7a-rodada-do-programa-de-renovacao-da-frota-de-apoio-maritimo\/","title":{"rendered":"Petrobras anuncia 7\u00aa rodada do Programa de Renova\u00e7\u00e3o da Frota de Apoio Mar\u00edtimo"},"content":{"rendered":"<p><b><i>Companhia fez tamb\u00e9m balan\u00e7o do programa e assinou os contratos da 5\u00aa rodada <\/i><\/b><\/p>\n<p>A presidente da Petrobras, Maria das Gra\u00e7as Silva Foster, e o diretor de Explora\u00e7\u00e3o e Produ\u00e7\u00e3o da companhia, Jos\u00e9 Formigli, anunciaram na manh\u00e3 desta segunda-feira (17\/3), no edif\u00edcio-sede da Petrobras, no Rio de Janeiro, o in\u00edcio da 7\u00aa rodada do Programa de Renova\u00e7\u00e3o da Frota de Apoio Mar\u00edtimo (Prorefam). Na ocasi\u00e3o, tamb\u00e9m foi feito balan\u00e7o do programa de 2000 at\u00e9 hoje e foram assinados os contratos da 5\u00aa rodada do programa.<\/p>\n<p>A presidente ressaltou a import\u00e2ncia do programa para a ind\u00fastria e para a Petrobras, refor\u00e7ando que a prioridade da companhia \u00e9 o aumento da produ\u00e7\u00e3o de petr\u00f3leo, conforme previsto no Plano de Neg\u00f3cios e Gest\u00e3o 2014-2018. \u201cEste \u00e9 um momento muito importante. \u00c9 o momento da torcida para que a ind\u00fastria naval e offshore continue crescente, pujante e, principalmente, respeitada\u201d, afirmou a presidente.<\/p>\n<p>Sobre as contrata\u00e7\u00f5es, Gra\u00e7a Foster ressaltou que os pre\u00e7os devem estar dentro das m\u00e9tricas internacionais. \u201cA Petrobras n\u00e3o pode esperar. N\u00e3o h\u00e1 absolutamente nada sobre a mesa que justifique atrasarmos nossa curva de aumento da produ\u00e7\u00e3o de \u00f3leo. N\u00e3o \u00e9 prioridade para n\u00f3s nenhuma contrata\u00e7\u00e3o que coloque isso em risco\u201d, ressaltou.<\/p>\n<p>Formigli revelou que os convites para a licita\u00e7\u00e3o da 7\u00aa e \u00faltima rodada ser\u00e3o enviados at\u00e9 sexta-feira (21\/3) e as propostas dever\u00e3o ser encaminhadas \u00e0 Petrobras at\u00e9 o dia 27 de junho. A assinatura dos contratos est\u00e1 prevista para o dia 30 de outubro deste ano. Ao falar da expectativa da Petrobras para a 7\u00aa rodada, o diretor refor\u00e7ou a import\u00e2ncia de a ind\u00fastria brasileira adotar pre\u00e7os competitivos. \u201cA expectativa \u00e9 que gente consiga fazer essas contrata\u00e7\u00f5es sempre em bases competitivas e isso \u00e9 muito importante. A gente est\u00e1 sempre comparando as taxas do Brasil com as do exterior e, definitivamente, n\u00e3o estamos dispostos a fazer contrata\u00e7\u00f5es se houver uma varia\u00e7\u00e3o significativa\u201d, disse.<\/p>\n<p>O diretor apresentou o escopo do programa que prev\u00ea a contrata\u00e7\u00e3o total de at\u00e9 146 embarca\u00e7\u00f5es distribu\u00eddas em sete rodadas, de 2008 a 2014. O conte\u00fado local m\u00ednimo de constru\u00e7\u00e3o varia entre 50% e 60% de acordo com o tipo de embarca\u00e7\u00e3o e chega a 70% na fase de opera\u00e7\u00e3o offshore. \u201cAt\u00e9 agora, das 146 embarca\u00e7\u00f5es, conseguimos contratar 87\u201d, contabilizou Formigli, informando ainda que, das 87 embarca\u00e7\u00f5es contratadas, 61 est\u00e3o em constru\u00e7\u00e3o e 26 em opera\u00e7\u00e3o. Ele refor\u00e7ou tamb\u00e9m a import\u00e2ncia no cumprimento de prazos. \u201cEstamos hoje trabalhando forte junto \u00e0s empresas para que, nos casos em haja eventuais atrasos, eles sejam recuperados e solu\u00e7\u00f5es definitivas sejam dadas\u201d, afirmou, ressaltando ainda que problemas dessa natureza s\u00e3o relativamente pequenos e que t\u00eam sido superados.<\/p>\n<p>Na ocasi\u00e3o, tamb\u00e9m foram assinados os contratos referentes a oito embarca\u00e7\u00f5es licitadas na 5\u00aa rodada com as empresas Bram Offshore Transportes Mar\u00edtimos Ltda, Norskan Offshore Ltda e Starnav Servi\u00e7os Mar\u00edtimos Ltda.<b> <\/b><\/p>\n<p>Fonte: Ag\u00eancia Petrobras<\/p>\n","protected":false},"excerpt":{"rendered":"<p>Companhia fez tamb\u00e9m balan\u00e7o do programa e assinou os contratos da 5\u00aa rodada A presidente da Petrobras, Maria das Gra\u00e7as Silva Foster, e o diretor&#8230;<\/p>\n","protected":false},"author":1182,"featured_media":3844,"comment_status":"closed","ping_status":"closed","sticky":false,"template":"","format":"standard","meta":{"footnotes":""},"categories":[6],"tags":[876,2746,878,58,877],"class_list":["post-4633","post","type-post","status-publish","format-standard","has-post-thumbnail","hentry","category-noticias","tag-anuncio","tag-apoio-maritimo","tag-frota","tag-petrobras","tag-programa-de-renovacao"],"_links":{"self":[{"href":"https:\/\/www.sincomam.org.br\/index.php\/wp-json\/wp\/v2\/posts\/4633","targetHints":{"allow":["GET"]}}],"collection":[{"href":"https:\/\/www.sincomam.org.br\/index.php\/wp-json\/wp\/v2\/posts"}],"about":[{"href":"https:\/\/www.sincomam.org.br\/index.php\/wp-json\/wp\/v2\/types\/post"}],"author":[{"embeddable":true,"href":"https:\/\/www.sincomam.org.br\/index.php\/wp-json\/wp\/v2\/users\/1182"}],"replies":[{"embeddable":true,"href":"https:\/\/www.sincomam.org.br\/index.php\/wp-json\/wp\/v2\/comments?post=4633"}],"version-history":[{"count":1,"href":"https:\/\/www.sincomam.org.br\/index.php\/wp-json\/wp\/v2\/posts\/4633\/revisions"}],"predecessor-version":[{"id":4634,"href":"https:\/\/www.sincomam.org.br\/index.php\/wp-json\/wp\/v2\/posts\/4633\/revisions\/4634"}],"wp:featuredmedia":[{"embeddable":true,"href":"https:\/\/www.sincomam.org.br\/index.php\/wp-json\/wp\/v2\/media\/3844"}],"wp:attachment":[{"href":"https:\/\/www.sincomam.org.br\/index.php\/wp-json\/wp\/v2\/media?parent=4633"}],"wp:term":[{"taxonomy":"category","embeddable":true,"href":"https:\/\/www.sincomam.org.br\/index.php\/wp-json\/wp\/v2\/categories?post=4633"},{"taxonomy":"post_tag","embeddable":true,"href":"https:\/\/www.sincomam.org.br\/index.php\/wp-json\/wp\/v2\/tags?post=4633"}],"curies":[{"name":"wp","href":"https:\/\/api.w.org\/{rel}","templated":true}]}}