{"id":46310,"date":"2023-07-10T01:20:16","date_gmt":"2023-07-10T04:20:16","guid":{"rendered":"http:\/\/www.sincomam.org.br\/?p=46310"},"modified":"2023-07-10T01:20:16","modified_gmt":"2023-07-10T04:20:16","slug":"paises-tem-meta-para-emissao-de-gases-do-efeito-estufa-na-navegacao","status":"publish","type":"post","link":"https:\/\/www.sincomam.org.br\/index.php\/paises-tem-meta-para-emissao-de-gases-do-efeito-estufa-na-navegacao\/","title":{"rendered":"Pa\u00edses t\u00eam meta para emiss\u00e3o de gases do efeito estufa na navega\u00e7\u00e3o"},"content":{"rendered":"<p>Os pa\u00edses-membros da Organiza\u00e7\u00e3o Mar\u00edtima Internacional (OMI) adotaram nesta sexta-feira (7) uma estrat\u00e9gia revisada para gases do efeito estufa no transporte mar\u00edtimo. A nova meta tem o objetivo de\u00a0zerar as emiss\u00f5es l\u00edquidas &#8220;at\u00e9 ou por volta de 2050&#8221;, o que foi visto por grupos ambientalistas como aqu\u00e9m do necess\u00e1rio.<img decoding=\"async\" src=\"https:\/\/agenciabrasil.ebc.com.br\/ebc.png?id=1542508&amp;o=node\" \/><img decoding=\"async\" src=\"https:\/\/agenciabrasil.ebc.com.br\/ebc.gif?id=1542508&amp;o=node\" \/><\/p>\n<p>Ap\u00f3s dias de discuss\u00e3o em Londres, na sede da ag\u00eancia mar\u00edtima da Organiza\u00e7\u00e3o das Na\u00e7\u00f5es Unidas (ONU), os pa\u00edses concordaram em zerar as emiss\u00f5es l\u00edquidas &#8220;por volta de 2050, levando em considera\u00e7\u00e3o as diferentes circunst\u00e2ncias nacionais&#8221;.<\/p>\n<p>Os pa\u00edses tamb\u00e9m concordaram com &#8220;pontos de verifica\u00e7\u00e3o indicativos&#8221; para reduzir as emiss\u00f5es anuais totais dos gases no transporte mar\u00edtimo internacional em pelo menos 20%, buscando 30% at\u00e9 2030, em compara\u00e7\u00e3o com 2008. Outro objetivo \u00e9\u00a0reduzir as emiss\u00f5es anuais totais\u00a0em pelo menos 70%, esfor\u00e7ando-se para 80% at\u00e9 2040, em compara\u00e7\u00e3o com 2008.<\/p>\n<p>&#8220;O n\u00edvel de ambi\u00e7\u00e3o acordado est\u00e1 muito aqu\u00e9m do necess\u00e1rio para garantir a manuten\u00e7\u00e3o do aquecimento global abaixo de 1,5\u00b0C&#8221;, disse John Maggs, presidente da Coaliz\u00e3o Ambiental de Transporte Limpo.<\/p>\n<p>Os pa\u00edses concordaram no Acordo de Paris, em 2015, em tentar manter os aumentos m\u00e9dios de temperatura de longo prazo dentro de 1,5\u00baC, o que tamb\u00e9m requer que o transporte mar\u00edtimo auxilie na descarboniza\u00e7\u00e3o.<\/p>\n<p>A navega\u00e7\u00e3o, que transporta cerca de 90% do com\u00e9rcio mundial e \u00e9 respons\u00e1vel por quase 3% das emiss\u00f5es mundiais de di\u00f3xido de carbono, tem enfrentado apelos de ambientalistas e investidores para adotar a\u00e7\u00f5es mais concretas, incluindo uma taxa de carbono.<\/p>\n<p>Fonte: Ag\u00eancia Brasil<\/p>\n","protected":false},"excerpt":{"rendered":"<p>Os pa\u00edses-membros da Organiza\u00e7\u00e3o Mar\u00edtima Internacional (OMI) adotaram nesta sexta-feira (7) uma estrat\u00e9gia revisada para gases do efeito estufa no transporte mar\u00edtimo. A nova meta&#8230;<\/p>\n","protected":false},"author":1527,"featured_media":46311,"comment_status":"closed","ping_status":"closed","sticky":false,"template":"","format":"standard","meta":{"footnotes":""},"categories":[6],"tags":[],"class_list":["post-46310","post","type-post","status-publish","format-standard","has-post-thumbnail","hentry","category-noticias"],"_links":{"self":[{"href":"https:\/\/www.sincomam.org.br\/index.php\/wp-json\/wp\/v2\/posts\/46310","targetHints":{"allow":["GET"]}}],"collection":[{"href":"https:\/\/www.sincomam.org.br\/index.php\/wp-json\/wp\/v2\/posts"}],"about":[{"href":"https:\/\/www.sincomam.org.br\/index.php\/wp-json\/wp\/v2\/types\/post"}],"author":[{"embeddable":true,"href":"https:\/\/www.sincomam.org.br\/index.php\/wp-json\/wp\/v2\/users\/1527"}],"replies":[{"embeddable":true,"href":"https:\/\/www.sincomam.org.br\/index.php\/wp-json\/wp\/v2\/comments?post=46310"}],"version-history":[{"count":1,"href":"https:\/\/www.sincomam.org.br\/index.php\/wp-json\/wp\/v2\/posts\/46310\/revisions"}],"predecessor-version":[{"id":46312,"href":"https:\/\/www.sincomam.org.br\/index.php\/wp-json\/wp\/v2\/posts\/46310\/revisions\/46312"}],"wp:featuredmedia":[{"embeddable":true,"href":"https:\/\/www.sincomam.org.br\/index.php\/wp-json\/wp\/v2\/media\/46311"}],"wp:attachment":[{"href":"https:\/\/www.sincomam.org.br\/index.php\/wp-json\/wp\/v2\/media?parent=46310"}],"wp:term":[{"taxonomy":"category","embeddable":true,"href":"https:\/\/www.sincomam.org.br\/index.php\/wp-json\/wp\/v2\/categories?post=46310"},{"taxonomy":"post_tag","embeddable":true,"href":"https:\/\/www.sincomam.org.br\/index.php\/wp-json\/wp\/v2\/tags?post=46310"}],"curies":[{"name":"wp","href":"https:\/\/api.w.org\/{rel}","templated":true}]}}