{"id":46295,"date":"2023-07-07T11:20:00","date_gmt":"2023-07-07T14:20:00","guid":{"rendered":"http:\/\/www.sincomam.org.br\/?p=46295"},"modified":"2023-07-07T11:20:00","modified_gmt":"2023-07-07T14:20:00","slug":"antaq-e-marinha-discutem-auditoria-da-imo-e-parcerias-entre-instituicoes","status":"publish","type":"post","link":"https:\/\/www.sincomam.org.br\/index.php\/antaq-e-marinha-discutem-auditoria-da-imo-e-parcerias-entre-instituicoes\/","title":{"rendered":"ANTAQ e Marinha discutem auditoria da IMO e parcerias entre institui\u00e7\u00f5es"},"content":{"rendered":"<p>O diretor-geral da Ag\u00eancia Nacional de Transportes Aquavi\u00e1rios (ANTAQ), Eduardo Nery, e o diretor Lima Filho realizaram, nesta ter\u00e7a-feira (4), uma visita institucional ao Almirante de Esquadra Marcos Sampaio Olsen, comandante da Marinha do Brasil.<\/p>\n<p>No encontro, foi debatida a participa\u00e7\u00e3o e a contribui\u00e7\u00e3o da ANTAQ e da Marinha durante a Auditoria dos Estados-Membros da Organiza\u00e7\u00e3o Mar\u00edtima Internacional (IMSAS-IMO), que neste ano ser\u00e1 realizada no Brasil.<\/p>\n<p>Os debates foram voltados a aspectos relativos \u00e0 implementa\u00e7\u00e3o de alguns c\u00f3digos da IMO no que tange \u00e0s responsabilidades do Pa\u00eds enquanto \u201cEstado de Porto\u201d, como os c\u00f3digos IMSBC, IMDG e o Grain Code.<\/p>\n<p>Vale lembrar que a IMO \u00e9 uma ag\u00eancia da estrutura da Organiza\u00e7\u00e3o das Na\u00e7\u00f5es Unidas (ONU) que fornece mecanismos de coopera\u00e7\u00e3o entre governos al\u00e9m de estabelecer padr\u00f5es internacionais de seguran\u00e7a mar\u00edtima e efici\u00eancia da navega\u00e7\u00e3o. Define tamb\u00e9m padr\u00f5es de preven\u00e7\u00e3o e controle da polui\u00e7\u00e3o mar\u00edtima causada por navios.<\/p>\n<p>Cabe \u00e0 Marinha do Brasil representar o pa\u00eds no organismo, trabalho esse apoiado pela CCA-IMO. A ANTAQ conta com um Grupo de Trabalho designado para participar ativamente apoiando a Marinha brasileira em comit\u00eas t\u00e9cnicos, como o Comit\u00ea de Seguran\u00e7a Mar\u00edtima (MSC); Comit\u00ea de Facilita\u00e7\u00e3o (FAL); Comit\u00ea de Coopera\u00e7\u00e3o T\u00e9cnica (TC); e Comit\u00ea de Prote\u00e7\u00e3o ao Meio Ambiente Marinho (MEPC).<\/p>\n<p>Os dirigentes tamb\u00e9m abordaram os principais desafios e oportunidades para o crescimento da chamada \u201cEconomia Azul\u201d, um conceito desenvolvido para se referir ao uso sustent\u00e1vel dos recursos proporcionados pelos oceanos que, segundo dados da ONU, movimenta anualmente entre US$ 3 trilh\u00f5es e 6 trilh\u00f5es e proporciona pelo menos 150 milh\u00f5es de empregos diretos.<\/p>\n<p>Os diretores e o comandante da Marinha destacaram, ainda, a import\u00e2ncia das parcerias firmadas nos \u00faltimos anos para aprimorar a seguran\u00e7a portu\u00e1ria e da navega\u00e7\u00e3o, em especial, a seguran\u00e7a na navega\u00e7\u00e3o na Amaz\u00f4nia.<\/p>\n<p>Fonte: Antaq<\/p>\n","protected":false},"excerpt":{"rendered":"<p>O diretor-geral da Ag\u00eancia Nacional de Transportes Aquavi\u00e1rios (ANTAQ), Eduardo Nery, e o diretor Lima Filho realizaram, nesta ter\u00e7a-feira (4), uma visita institucional ao Almirante&#8230;<\/p>\n","protected":false},"author":1527,"featured_media":46296,"comment_status":"closed","ping_status":"closed","sticky":false,"template":"","format":"standard","meta":{"footnotes":""},"categories":[6],"tags":[],"class_list":["post-46295","post","type-post","status-publish","format-standard","has-post-thumbnail","hentry","category-noticias"],"_links":{"self":[{"href":"https:\/\/www.sincomam.org.br\/index.php\/wp-json\/wp\/v2\/posts\/46295","targetHints":{"allow":["GET"]}}],"collection":[{"href":"https:\/\/www.sincomam.org.br\/index.php\/wp-json\/wp\/v2\/posts"}],"about":[{"href":"https:\/\/www.sincomam.org.br\/index.php\/wp-json\/wp\/v2\/types\/post"}],"author":[{"embeddable":true,"href":"https:\/\/www.sincomam.org.br\/index.php\/wp-json\/wp\/v2\/users\/1527"}],"replies":[{"embeddable":true,"href":"https:\/\/www.sincomam.org.br\/index.php\/wp-json\/wp\/v2\/comments?post=46295"}],"version-history":[{"count":1,"href":"https:\/\/www.sincomam.org.br\/index.php\/wp-json\/wp\/v2\/posts\/46295\/revisions"}],"predecessor-version":[{"id":46297,"href":"https:\/\/www.sincomam.org.br\/index.php\/wp-json\/wp\/v2\/posts\/46295\/revisions\/46297"}],"wp:featuredmedia":[{"embeddable":true,"href":"https:\/\/www.sincomam.org.br\/index.php\/wp-json\/wp\/v2\/media\/46296"}],"wp:attachment":[{"href":"https:\/\/www.sincomam.org.br\/index.php\/wp-json\/wp\/v2\/media?parent=46295"}],"wp:term":[{"taxonomy":"category","embeddable":true,"href":"https:\/\/www.sincomam.org.br\/index.php\/wp-json\/wp\/v2\/categories?post=46295"},{"taxonomy":"post_tag","embeddable":true,"href":"https:\/\/www.sincomam.org.br\/index.php\/wp-json\/wp\/v2\/tags?post=46295"}],"curies":[{"name":"wp","href":"https:\/\/api.w.org\/{rel}","templated":true}]}}