{"id":46286,"date":"2023-07-07T09:05:45","date_gmt":"2023-07-07T12:05:45","guid":{"rendered":"http:\/\/www.sincomam.org.br\/?p=46286"},"modified":"2023-07-07T09:05:45","modified_gmt":"2023-07-07T12:05:45","slug":"cerimonia-de-formatura-na-bahia-novos-marinheiros-prontos-para-navegar-nas-aguas-do-mercado","status":"publish","type":"post","link":"https:\/\/www.sincomam.org.br\/index.php\/cerimonia-de-formatura-na-bahia-novos-marinheiros-prontos-para-navegar-nas-aguas-do-mercado\/","title":{"rendered":"Cerim\u00f4nia de Formatura na Bahia: Novos Marinheiros Prontos para Navegar nas \u00c1guas do Mercado"},"content":{"rendered":"<p>No dia 30 de junho, uma celebra\u00e7\u00e3o especial tomou lugar em Salvador, Bahia. Era o dia em que 79 alunos iriam cruzar o limite da sala de aula para o vasto e desconhecido mar da Marinha Mercante. A Capitania dos Portos da Bahia (CPBA) estava realizando a cerim\u00f4nia de formatura do Curso de Forma\u00e7\u00e3o de Marinheiro Auxiliar de Conv\u00e9s e M\u00e1quinas (CFAQ-MAC\/MAM), um dia marcado por orgulho e promessa de um futuro brilhante. Na solenidade, os novos Aquavi\u00e1rios receberam suas Cadernetas de Inscri\u00e7\u00e3o e Registro (CIR) e os Certificados de Conclus\u00e3o do Curso, s\u00edmbolos tang\u00edveis de suas conquistas e passaportes para suas novas carreiras.<\/p>\n<p><strong>Uma Jornada de Aprendizado Intenso<\/strong><\/p>\n<p>A jornada para esse momento memor\u00e1vel come\u00e7ou apenas duas semanas antes, entre 19 e 30 de junho, mas o volume e a profundidade do conhecimento adquirido pareciam de um curso muito mais longo. Durante as aulas, os alunos foram imersos em uma variedade de disciplinas pr\u00e1ticas e te\u00f3ricas. Eles aprenderam a arte de manobrar embarca\u00e7\u00f5es, dominaram as comunica\u00e7\u00f5es navais, estudaram seguran\u00e7a do trabalho, desenvolveram habilidades em rela\u00e7\u00f5es interpessoais e foram treinados em primeiros socorros. Cada um desses t\u00f3picos contribuiu para moldar esses novos profissionais para ingressarem na Marinha Mercante como Marinheiros Auxiliares de Conv\u00e9s ou M\u00e1quinas, n\u00edvel 1.<\/p>\n<div class=\"td-a-rec td-a-rec-id-content_inline td_uid_2_64a6f33a14df5_rand td_block_template_11\">\n<p><strong>Prepara\u00e7\u00e3o para o Desafio Real<\/strong><\/p>\n<\/div>\n<p>A Marinha Mercante n\u00e3o \u00e9 para os fracos de cora\u00e7\u00e3o. Exige profissionais capazes de lidar com os desafios inerentes ao mar e \u00e0s opera\u00e7\u00f5es de navios. Requer habilidades t\u00e9cnicas, conhecimento espec\u00edfico, resist\u00eancia f\u00edsica e mental, e uma atitude de respeito e cuidado com a vida humana e o meio ambiente. E \u00e9 exatamente para essa realidade desafiadora que o Curso de Forma\u00e7\u00e3o de Marinheiro Auxiliar de Conv\u00e9s e M\u00e1quinas prepara seus graduados. Com a s\u00f3lida base de conhecimento e experi\u00eancia adquirida, eles est\u00e3o prontos para navegar nas \u00e1guas turbulentas do mercado, contribuindo para a ind\u00fastria mar\u00edtima com profissionalismo e dedica\u00e7\u00e3o.<\/p>\n<p><strong>O Futuro Brilhante da Marinha Mercante<\/strong><\/p>\n<p>Esta formatura representa mais do que apenas um final de curso. \u00c9 o in\u00edcio de um cap\u00edtulo cheio de promessas para a Marinha Mercante brasileira. Cada um dos 79 formandos levar\u00e1 consigo n\u00e3o apenas o conhecimento e as habilidades adquiridas, mas tamb\u00e9m a paix\u00e3o e a dedica\u00e7\u00e3o para se destacar em sua \u00e1rea. A for\u00e7a de trabalho qualificada \u00e9 um pilar para o crescimento e desenvolvimento da ind\u00fastria mar\u00edtima, e cada novo marinheiro formado contribui para a consolida\u00e7\u00e3o desse alicerce.<\/p>\n<p>A conclus\u00e3o do Curso de Forma\u00e7\u00e3o de Marinheiro Auxiliar de Conv\u00e9s e M\u00e1quinas marca o in\u00edcio de novas hist\u00f3rias e aventuras que est\u00e3o prestes a ser escritas. Este \u00e9 o come\u00e7o de uma jornada de sucessos, desafios, supera\u00e7\u00f5es e descobertas. E, enquanto celebramos o sucesso dos formandos, tamb\u00e9m aguardamos com expectativa as maravilhosas contribui\u00e7\u00f5es que far\u00e3o para a Marinha Mercante.<\/p>\n<p>E assim, com cora\u00e7\u00f5es cheios de esperan\u00e7a e sonhos, esses novos marinheiros est\u00e3o prontos para i\u00e7ar as velas e embarcar na incr\u00edvel viagem que os espera. Que o vento esteja sempre a favor deles e que o horizonte traga novos desafios e conquistas. Parab\u00e9ns aos novos marinheiros, o mar aguarda por voc\u00eas!<\/p>\n<p>Fonte: Defesa em Foco<\/p>\n","protected":false},"excerpt":{"rendered":"<p>No dia 30 de junho, uma celebra\u00e7\u00e3o especial tomou lugar em Salvador, Bahia. Era o dia em que 79 alunos iriam cruzar o limite da&#8230;<\/p>\n","protected":false},"author":1527,"featured_media":46287,"comment_status":"closed","ping_status":"closed","sticky":false,"template":"","format":"standard","meta":{"footnotes":""},"categories":[6],"tags":[],"class_list":["post-46286","post","type-post","status-publish","format-standard","has-post-thumbnail","hentry","category-noticias"],"_links":{"self":[{"href":"https:\/\/www.sincomam.org.br\/index.php\/wp-json\/wp\/v2\/posts\/46286","targetHints":{"allow":["GET"]}}],"collection":[{"href":"https:\/\/www.sincomam.org.br\/index.php\/wp-json\/wp\/v2\/posts"}],"about":[{"href":"https:\/\/www.sincomam.org.br\/index.php\/wp-json\/wp\/v2\/types\/post"}],"author":[{"embeddable":true,"href":"https:\/\/www.sincomam.org.br\/index.php\/wp-json\/wp\/v2\/users\/1527"}],"replies":[{"embeddable":true,"href":"https:\/\/www.sincomam.org.br\/index.php\/wp-json\/wp\/v2\/comments?post=46286"}],"version-history":[{"count":1,"href":"https:\/\/www.sincomam.org.br\/index.php\/wp-json\/wp\/v2\/posts\/46286\/revisions"}],"predecessor-version":[{"id":46288,"href":"https:\/\/www.sincomam.org.br\/index.php\/wp-json\/wp\/v2\/posts\/46286\/revisions\/46288"}],"wp:featuredmedia":[{"embeddable":true,"href":"https:\/\/www.sincomam.org.br\/index.php\/wp-json\/wp\/v2\/media\/46287"}],"wp:attachment":[{"href":"https:\/\/www.sincomam.org.br\/index.php\/wp-json\/wp\/v2\/media?parent=46286"}],"wp:term":[{"taxonomy":"category","embeddable":true,"href":"https:\/\/www.sincomam.org.br\/index.php\/wp-json\/wp\/v2\/categories?post=46286"},{"taxonomy":"post_tag","embeddable":true,"href":"https:\/\/www.sincomam.org.br\/index.php\/wp-json\/wp\/v2\/tags?post=46286"}],"curies":[{"name":"wp","href":"https:\/\/api.w.org\/{rel}","templated":true}]}}