{"id":46269,"date":"2023-07-06T12:07:53","date_gmt":"2023-07-06T15:07:53","guid":{"rendered":"http:\/\/www.sincomam.org.br\/?p=46269"},"modified":"2023-07-06T12:07:53","modified_gmt":"2023-07-06T15:07:53","slug":"antaq-aprova-nova-isencao-para-navegacao-interior-no-porto-do-rio-grande","status":"publish","type":"post","link":"https:\/\/www.sincomam.org.br\/index.php\/antaq-aprova-nova-isencao-para-navegacao-interior-no-porto-do-rio-grande\/","title":{"rendered":"ANTAQ aprova nova isen\u00e7\u00e3o para Navega\u00e7\u00e3o Interior no Porto do Rio Grande"},"content":{"rendered":"<p>A Ag\u00eancia Nacional de Transportes Aquavi\u00e1rios (ANTAQ) aprovou, na data de hoje (05), nova isen\u00e7\u00e3o tarif\u00e1ria voltada \u00e0 Navega\u00e7\u00e3o Interior e descontos para o transporte por Cabotagem no Porto Organizado do Rio Grande (RS).<\/p>\n<p>A isen\u00e7\u00e3o voltada \u00e0 Navega\u00e7\u00e3o Interior acontece principalmente na Tabela III, que trata dos servi\u00e7os de Infraestrutura Operacional ou Terrestre dentro do porto. Agora, fica isento o primeiro movimento de mercadorias vindo de Navega\u00e7\u00e3o Interior, que sejam objeto de armazenagem, para posterior embarque no modal aquavi\u00e1rio.<\/p>\n<p>Em sua manifesta\u00e7\u00e3o, o relator do processo, diretor Caio Farias explicou que a altera\u00e7\u00e3o busca, em ess\u00eancia, garantir condi\u00e7\u00f5es competitivas ao Sistema Hidroportu\u00e1rio Ga\u00facho e fomentar tanto a Navega\u00e7\u00e3o Interior quanto a de Cabotagem para o estado do Rio Grande do Sul.<\/p>\n<p>Para a an\u00e1lise do pleito apresentado pela Portos RS, a ANTAQ levou em conta crit\u00e9rios objetivos e ison\u00f4micos que visem ao aumento de competitividade, \u00e0 atra\u00e7\u00e3o de maior demanda para o porto organizado, bem como os requisitos estabelecidos na\u00a0<a class=\"external-link\" title=\"\" href=\"https:\/\/sophia.antaq.gov.br\/terminal\/acervo\/detalhe\/29789?guid=4a2d9048e51dc4a50f5f&amp;returnUrl=%2Fterminal%2Fresultado%2Flistarlegislacao%3Fguid%3D4a2d9048e51dc4a50f5f%26quantidadePaginas%3D1%26codigoRegistro%3D29789%2329789&amp;i=1\" target=\"_blank\" rel=\"noopener\" data-tippreview-enabled=\"false\" data-tippreview-image=\"\" data-tippreview-title=\"\">Resolu\u00e7\u00e3o ANTAQ 61\/2021<\/a>, a qual estabelece a pol\u00edtica de concess\u00e3o de isen\u00e7\u00f5es e descontos tarif\u00e1rios.<\/p>\n<p>O an\u00fancio da redu\u00e7\u00e3o foi feito nesta quarta-feira (5) com a presen\u00e7a do diretor-geral da ANTAQ, Eduardo Nery, do ministro substituto do Minist\u00e9rio de Portos e Aeroportos (MPor), Roberto Gusm\u00e3o, e do secret\u00e1rio Nacional de Portos e Transportes Aquavi\u00e1rios, Fabrizio Pierdomenico.<\/p>\n<p>O diretor-geral da ANTAQ ressaltou que a isen\u00e7\u00e3o para a Navega\u00e7\u00e3o Interior, em especial, trar\u00e1 impactos positivos para as hidrovias da regi\u00e3o, em especial a Lagoa Mirim-Lagoa dos Patos.<\/p>\n<p>\u201cO modo de transporte hidrovi\u00e1rio \u00e9 a \u00faltima fronteira para a promo\u00e7\u00e3o da intermodalidade no pa\u00eds. Ficamos satisfeitos com essa aprova\u00e7\u00e3o, pois trar\u00e1 impactos significativos para o incremento da navega\u00e7\u00e3o interior na Lagoa dos Patos\u201d, disse.<\/p>\n<p>Delibera\u00e7\u00e3o entrar\u00e1 em vigor na data de sua publica\u00e7\u00e3o no Di\u00e1rio Oficial da Uni\u00e3o.<\/p>\n<p><b>Cabotagem<\/b><\/p>\n<p>Tamb\u00e9m foram aprovados novos descontos relativos a cobran\u00e7as da Tabela I, que majora os servi\u00e7os de Infraestrutura de acesso aquavi\u00e1rio no Porto. Agora, empresas de Navega\u00e7\u00e3o de Cabotagem ter\u00e3o os valores de cobran\u00e7a menores ou iguais aos da Navega\u00e7\u00e3o de Longo Curso.<\/p>\n<p>De acordo com o relator, \u201ca altera\u00e7\u00e3o requerida tem por objetivo aumentar a competitividade e atrair demanda para os portos p\u00fablicos administrados pela Portos RS\u201d, escreveu.<\/p>\n<p>As novas normas de aplica\u00e7\u00e3o adicionais referentes \u00e0s franquias ou isen\u00e7\u00f5es tarif\u00e1rias a ser agregadas \u00e0 estrutura tarif\u00e1ria vigente constam nos Anexos da Delibera\u00e7\u00e3o e entrar\u00e3o em vigor em at\u00e9 cinco dias \u00fateis, contados de sua publica\u00e7\u00e3o.<\/p>\n<p><b>Painel Tarif\u00e1rio<\/b><\/p>\n<p>Aos interessados, a ANTAQ disponibiliza um painel espec\u00edfico com todas as tarifas praticadas pelas instala\u00e7\u00f5es do pa\u00eds. A ferramenta possibilita que os usu\u00e1rios realizem compara\u00e7\u00f5es tarif\u00e1rias entre os portos organizados. Ou seja, caso o interessado queira fazer um comparativo entre a Tarifa Fixa por acesso aquavi\u00e1rio (entrada e sa\u00edda) de uma embarca\u00e7\u00e3o, o painel informa quais portos praticam o servi\u00e7o.<\/p>\n<p>Vale lembrar que as tarifas praticadas t\u00eam dura\u00e7\u00e3o de cinco anos. Transcorrido esse per\u00edodo, uma revis\u00e3o ordin\u00e1ria da tarifa ser\u00e1 realizada. H\u00e1, tamb\u00e9m, a previs\u00e3o de pedidos de revis\u00e3o extraordin\u00e1ria, que podem ocorrer quando h\u00e1 um aumento de custos da autoridade portu\u00e1ria. A Ag\u00eancia acompanhar\u00e1 se investimentos est\u00e3o sendo realizados e se os portos est\u00e3o com a contabilidade de acordo com seu planejamento tarif\u00e1rio.<\/p>\n<p>Confira o Painel de Administra\u00e7\u00e3o Portu\u00e1ria dispon\u00edvel\u00a0<a class=\"external-link\" title=\"\" href=\"https:\/\/aquarela.antaq.gov.br\/single\/?appid=ae38ee96-f616-4fae-a3fa-886f56615134&amp;sheet=c09ddb94-6dc5-4c08-b1c2-e6d096802ec0&amp;theme=horizon&amp;opt=ctxmenu\" target=\"_blank\" rel=\"noopener\" data-tippreview-enabled=\"false\" data-tippreview-image=\"\" data-tippreview-title=\"\">neste link<\/a>.<\/p>\n<p><b>Navega\u00e7\u00e3o Interior<\/b><\/p>\n<p>Entre janeiro e abril deste ano, o transporte de carga em navega\u00e7\u00e3o interior apresentou balan\u00e7o positivo. Ao todo, foram transportados 13.38 milh\u00f5es de toneladas, o que representa um aumento de 6,15% em compara\u00e7\u00e3o ao mesmo per\u00edodo do ano anterior.<\/p>\n<p>Destaque para as regi\u00f5es hidrogr\u00e1ficas Paraguai e Atl\u00e2ntico Sul que transportaram, ao longo dos tr\u00eas primeiros meses do ano, 1,57 milh\u00f5es de toneladas (+81%) e 1,2 milh\u00f5es de toneladas (+10%), respectivamente.<\/p>\n<p>Todos os dados de movimenta\u00e7\u00e3o est\u00e3o dispon\u00edveis no\u00a0<a class=\"external-link\" title=\"\" href=\"https:\/\/web3.antaq.gov.br\/ea\/sense\/index.html#pt\" target=\"_blank\" rel=\"noopener\" data-tippreview-enabled=\"false\" data-tippreview-image=\"\" data-tippreview-title=\"\">Painel Estat\u00edstico da ANTAQ<\/a>, que pode ser acessado via smartphones e tablets, dispon\u00edvel no site da Ag\u00eancia. Na consulta eletr\u00f4nica podem ser checados dados de transporte de longo curso, cabotagem, vias interiores, al\u00e9m da movimenta\u00e7\u00e3o portu\u00e1ria de cont\u00eaineres.<\/p>\n<p>Fonte: Antaq<\/p>\n","protected":false},"excerpt":{"rendered":"<p>A Ag\u00eancia Nacional de Transportes Aquavi\u00e1rios (ANTAQ) aprovou, na data de hoje (05), nova isen\u00e7\u00e3o tarif\u00e1ria voltada \u00e0 Navega\u00e7\u00e3o Interior e descontos para o transporte&#8230;<\/p>\n","protected":false},"author":1527,"featured_media":46270,"comment_status":"closed","ping_status":"closed","sticky":false,"template":"","format":"standard","meta":{"footnotes":""},"categories":[6],"tags":[],"class_list":["post-46269","post","type-post","status-publish","format-standard","has-post-thumbnail","hentry","category-noticias"],"_links":{"self":[{"href":"https:\/\/www.sincomam.org.br\/index.php\/wp-json\/wp\/v2\/posts\/46269","targetHints":{"allow":["GET"]}}],"collection":[{"href":"https:\/\/www.sincomam.org.br\/index.php\/wp-json\/wp\/v2\/posts"}],"about":[{"href":"https:\/\/www.sincomam.org.br\/index.php\/wp-json\/wp\/v2\/types\/post"}],"author":[{"embeddable":true,"href":"https:\/\/www.sincomam.org.br\/index.php\/wp-json\/wp\/v2\/users\/1527"}],"replies":[{"embeddable":true,"href":"https:\/\/www.sincomam.org.br\/index.php\/wp-json\/wp\/v2\/comments?post=46269"}],"version-history":[{"count":1,"href":"https:\/\/www.sincomam.org.br\/index.php\/wp-json\/wp\/v2\/posts\/46269\/revisions"}],"predecessor-version":[{"id":46271,"href":"https:\/\/www.sincomam.org.br\/index.php\/wp-json\/wp\/v2\/posts\/46269\/revisions\/46271"}],"wp:featuredmedia":[{"embeddable":true,"href":"https:\/\/www.sincomam.org.br\/index.php\/wp-json\/wp\/v2\/media\/46270"}],"wp:attachment":[{"href":"https:\/\/www.sincomam.org.br\/index.php\/wp-json\/wp\/v2\/media?parent=46269"}],"wp:term":[{"taxonomy":"category","embeddable":true,"href":"https:\/\/www.sincomam.org.br\/index.php\/wp-json\/wp\/v2\/categories?post=46269"},{"taxonomy":"post_tag","embeddable":true,"href":"https:\/\/www.sincomam.org.br\/index.php\/wp-json\/wp\/v2\/tags?post=46269"}],"curies":[{"name":"wp","href":"https:\/\/api.w.org\/{rel}","templated":true}]}}