{"id":46228,"date":"2023-07-04T10:29:46","date_gmt":"2023-07-04T13:29:46","guid":{"rendered":"http:\/\/www.sincomam.org.br\/?p=46228"},"modified":"2023-07-04T10:29:46","modified_gmt":"2023-07-04T13:29:46","slug":"hidrogenio-amonia-e-metanol-verde-sao-rotas-para-uso-da-energia-eolica-offshore","status":"publish","type":"post","link":"https:\/\/www.sincomam.org.br\/index.php\/hidrogenio-amonia-e-metanol-verde-sao-rotas-para-uso-da-energia-eolica-offshore\/","title":{"rendered":"HIDROG\u00caNIO, AM\u00d4NIA E METANOL VERDE S\u00c3O ROTAS PARA USO DA ENERGIA E\u00d3LICA OFFSHORE"},"content":{"rendered":"<p>\u201cA rota n\u00e3o pode se fixar integralmente ao mercado regulado. Temos que desenvolver outras linhas de venda dessa energia\u201d, afirma diretor da Equinor.<\/p>\n<p>A produ\u00e7\u00e3o de hidrog\u00eanio para consumo industrial e a exporta\u00e7\u00e3o de carregadores verdes, como am\u00f4nia e metanol verde, s\u00e3o alternativas para a comercializa\u00e7\u00e3o da energia e\u00f3lica offshore, disse o diretor da Equinor,\u00a0Andr\u00e9 Leite, no encerramento da\u00a0offshore week 2023\u00a0nesta sexta (30\/6).<\/p>\n<p>O executivo explicou que a gera\u00e7\u00e3o de energia no\u00a0<em>offshore<\/em>\u00a0possibilitar\u00e1 o desenvolvimento de novos mercados eletrointensivos e atrair ind\u00fastrias para consumir essa nova alternativa de fonte renov\u00e1vel.<\/p>\n<p>\u201cA rota n\u00e3o pode se fixar integralmente ao mercado regulado [de energia]. Temos que desenvolver outras linhas de venda dessa energia\u201d, explicou. Andr\u00e9 Leite est\u00e1 \u00e0 frente do desenvolvimento desses projetos Equinor, nos mercados da Am\u00e9rica Latina.<\/p>\n<p>\u201cA eletrifica\u00e7\u00e3o\u00a0<em>offshore<\/em>\u00a0das opera\u00e7\u00f5es de \u00f3leo e g\u00e1s \u00e9 uma vertente poss\u00edvel. Uma outra que se desenha como futuro das e\u00f3licas\u00a0<em>offshore<\/em>\u00a0\u00e9 a produ\u00e7\u00e3o de hidrog\u00eanio para consumo industrial e para gera\u00e7\u00e3o de energia, inclusive para exporta\u00e7\u00e3o, na forma de am\u00f4nia e metanol verde\u201d, ponderou Leite.<\/p>\n<p>O diretor afirmou que a companhia ter\u00e1 \u201c50% dos investimentos do<em>\u00a0capex<\/em>\u00a0colocados em energias renov\u00e1veis e solu\u00e7\u00f5es de baixo carbono\u201d at\u00e9 2030.<\/p>\n<p>Os participantes debateram como os conhecimentos adquiridos pela experi\u00eancia na produ\u00e7\u00e3o de petr\u00f3leo e g\u00e1s podem alavancar a gera\u00e7\u00e3o de energia e\u00f3lica\u00a0<em>offshore<\/em>\u00a0no Brasil.<\/p>\n<p>\u201cA ind\u00fastria [de e\u00f3licas\u00a0<em>offshore<\/em>] demanda aperfei\u00e7oamento tecnol\u00f3gico associado a log\u00edstica, engenharia, recursos de projetos de larga escala, mobiliza\u00e7\u00e3o de capital e m\u00e3o de obra. Tudo isso faz parte da nossa ind\u00fastria de \u00f3leo e g\u00e1s\u201d, declarou o superintendente de Tecnologia e Meio Ambiente da Ag\u00eancia Nacional do Petr\u00f3leo (ANP),\u00a0Raphael Moura.<\/p>\n<p>Atualmente,\u00a0mais de 70 projetos de parques e\u00f3licos\u00a0<em>offshore<\/em>, com cerca de 180 GW em capacidade instalada, est\u00e3o em processo de licenciamento ambiental pelo Ibama. E os estados produtores de \u00f3leo atraem maior parte dos projetos em energia e\u00f3lica\u00a0<em>offshore<\/em>\u00a0anunciados no pa\u00eds.<\/p>\n<p>Segundo o presidente do Instituto Brasileiro de Petr\u00f3leo e G\u00e1s (IBP),\u00a0Roberto Ardenghy, os custos da gera\u00e7\u00e3o\u00a0<em>offshore<\/em>\u00a0s\u00e3o maiores do que a\u00a0<em>onshore<\/em>, portanto as empresas devem trabalhar para reduzir essas despesas.<\/p>\n<p>\u201cH\u00e1 um desafio que \u00e9 a quest\u00e3o de custo. Os custos da produ\u00e7\u00e3o\u00a0<em>offshore<\/em>\u00a0s\u00e3o maiores que a\u00a0<em>onshore<\/em>. N\u00f3s devemos enfrentar isso de maneira madura\u201d, mencionou.<\/p>\n<h3 id=\"h-marco-das-eolicas-offshore\">MARCO DAS E\u00d3LICAS\u00a0<em>OFFSHORE<\/em><\/h3>\n<p>A\u00a0perspectiva de um leil\u00e3o espec\u00edfico para energia e\u00f3lica\u00a0<em>offshore<\/em>\u00a0em 2024\u00a0est\u00e1 no radar do mercado. No entanto, empresas que est\u00e3o mirando as oportunidades com a gera\u00e7\u00e3o\u00a0<em>offshore<\/em>, encontram barreiras com a\u00a0falta de regulamenta\u00e7\u00e3o\u00a0desse mercado.<\/p>\n<p>Em 2022, o Senado aprovou o\u00a0<a href=\"https:\/\/www25.senado.leg.br\/web\/atividade\/materias\/-\/materia\/146793?utm_source=pol%C3%ADtico+epbr&amp;utm_campaign=2795305221-politico202100602_COPY_01&amp;utm_medium=email&amp;utm_term=0_669889231b-2795305221-179215137\">PL 576\/2021<\/a>, de autoria de Jean Paul Prates, ex-senador e presidente da Petrobras. Agora, a mat\u00e9ria aguarda delibera\u00e7\u00e3o na C\u00e2mara dos Deputados.<\/p>\n<p>O presidente do IBP relatou que as empresas est\u00e3o aguardando a aprova\u00e7\u00e3o do texto para seguirem com seus projetos de e\u00f3licas\u00a0<em>offshore<\/em>.<\/p>\n<p>\u201cAs quest\u00f5es regulat\u00f3rias s\u00e3o necess\u00e1rias para que os investidores possam decidir sobre seus projetos em licenciamento\u201d, afirmou.<\/p>\n<p>Sobre a proposta de regula\u00e7\u00e3o, o superintendente da ANP acredita que n\u00e3o ser\u00e1 dif\u00edcil fiscalizar a produ\u00e7\u00e3o de e\u00f3licas\u00a0<em>offshore<\/em>, pois h\u00e1 \u201csinergia com o setor de \u00f3leo e g\u00e1s\u201d. \u201cVai no mesmo caminho e \u00e9 o mesmo ambiente\u201d, comentou Moura.<\/p>\n<p>Fonte: EPBR<\/p>\n","protected":false},"excerpt":{"rendered":"<p>\u201cA rota n\u00e3o pode se fixar integralmente ao mercado regulado. Temos que desenvolver outras linhas de venda dessa energia\u201d, afirma diretor da Equinor. A produ\u00e7\u00e3o&#8230;<\/p>\n","protected":false},"author":1527,"featured_media":45990,"comment_status":"closed","ping_status":"closed","sticky":false,"template":"","format":"standard","meta":{"footnotes":""},"categories":[6],"tags":[],"class_list":["post-46228","post","type-post","status-publish","format-standard","has-post-thumbnail","hentry","category-noticias"],"_links":{"self":[{"href":"https:\/\/www.sincomam.org.br\/index.php\/wp-json\/wp\/v2\/posts\/46228","targetHints":{"allow":["GET"]}}],"collection":[{"href":"https:\/\/www.sincomam.org.br\/index.php\/wp-json\/wp\/v2\/posts"}],"about":[{"href":"https:\/\/www.sincomam.org.br\/index.php\/wp-json\/wp\/v2\/types\/post"}],"author":[{"embeddable":true,"href":"https:\/\/www.sincomam.org.br\/index.php\/wp-json\/wp\/v2\/users\/1527"}],"replies":[{"embeddable":true,"href":"https:\/\/www.sincomam.org.br\/index.php\/wp-json\/wp\/v2\/comments?post=46228"}],"version-history":[{"count":1,"href":"https:\/\/www.sincomam.org.br\/index.php\/wp-json\/wp\/v2\/posts\/46228\/revisions"}],"predecessor-version":[{"id":46229,"href":"https:\/\/www.sincomam.org.br\/index.php\/wp-json\/wp\/v2\/posts\/46228\/revisions\/46229"}],"wp:featuredmedia":[{"embeddable":true,"href":"https:\/\/www.sincomam.org.br\/index.php\/wp-json\/wp\/v2\/media\/45990"}],"wp:attachment":[{"href":"https:\/\/www.sincomam.org.br\/index.php\/wp-json\/wp\/v2\/media?parent=46228"}],"wp:term":[{"taxonomy":"category","embeddable":true,"href":"https:\/\/www.sincomam.org.br\/index.php\/wp-json\/wp\/v2\/categories?post=46228"},{"taxonomy":"post_tag","embeddable":true,"href":"https:\/\/www.sincomam.org.br\/index.php\/wp-json\/wp\/v2\/tags?post=46228"}],"curies":[{"name":"wp","href":"https:\/\/api.w.org\/{rel}","templated":true}]}}