{"id":46211,"date":"2023-07-04T09:47:51","date_gmt":"2023-07-04T12:47:51","guid":{"rendered":"http:\/\/www.sincomam.org.br\/?p=46211"},"modified":"2023-07-04T09:47:51","modified_gmt":"2023-07-04T12:47:51","slug":"ministro-da-defesa-visita-as-instalacoes-do-programa-de-desenvolvimento-de-submarinos","status":"publish","type":"post","link":"https:\/\/www.sincomam.org.br\/index.php\/ministro-da-defesa-visita-as-instalacoes-do-programa-de-desenvolvimento-de-submarinos\/","title":{"rendered":"Ministro da Defesa visita as instala\u00e7\u00f5es do Programa de Desenvolvimento de Submarinos"},"content":{"rendered":"<p class=\"rtejustify\">Acompanhado do Comandante da Marinha, Almirante de Esquadra Marcos Sampaio Olsen, e do Diretor-Geral de Desenvolvimento Nuclear e Tecnol\u00f3gico da Marinha, Almirante de Esquadra Petronio Augusto Siqueira de Aguiar, o Ministro da Defesa, Jos\u00e9 Mucio Monteiro Filho, visitou, nesta segunda-feira (3), o Complexo Naval de Itagua\u00ed (RJ), local onde se desenvolve o Programa de Desenvolvimento de Submarinos (PROSUB).<\/p>\n<p class=\"rtejustify\">O PROSUB faz parte do Programa Nuclear Brasileiro e representa a intera\u00e7\u00e3o de tr\u00eas projetos inter-relacionados: a constru\u00e7\u00e3o da infraestrutura industrial e operacional; a constru\u00e7\u00e3o e opera\u00e7\u00e3o de quatro Submarinos Convencionais Classe \u201cRiachuelo\u201d; e a constru\u00e7\u00e3o e opera\u00e7\u00e3o do primeiro Submarino Convencionalmente Armado com Propuls\u00e3o Nuclear (SCPN) \u2013 objeto principal de todo o Programa.<\/p>\n<p class=\"rtejustify\">Durante a visita, o Ministro parabenizou a Marinha do Brasil pelo excelente trabalho e ressaltou a coragem de investir em um programa que beneficia gera\u00e7\u00f5es de brasileiros. \u201cO PROSUB promove e vai continuar promovendo uma s\u00e9rie de benef\u00edcios para a sociedade brasileira, como a gera\u00e7\u00e3o de empregos, a qualifica\u00e7\u00e3o profissional, al\u00e9m de possibilitar o interc\u00e2mbio com universidades e institui\u00e7\u00f5es de pesquisa. Vamos continuar lutando para dar continuidade a isso\u201d, disse o Ministro.<\/p>\n<p class=\"rtejustify\">Para o Comandante da Marinha, o PROSUB se tornou um dos maiores programas de capacita\u00e7\u00e3o industrial e tecnol\u00f3gica j\u00e1 observada pelo setor da ind\u00fastria de defesa brasileira.<\/p>\n<p class=\"rtejustify\">\u201cA nacionaliza\u00e7\u00e3o prevista para os submarinos engloba centenas de projetos objetivando a transfer\u00eancia de tecnologia e know-how para capacita\u00e7\u00e3o de empresas nacionais. O desenvolvimento aut\u00f3ctone dessa tecnologia ascende o Brasil \u00e0 posi\u00e7\u00e3o de destaque nos mais importantes f\u00f3runs internacionais de Defesa\u201d, explicou o Almirante Olsen.<\/p>\n<p class=\"rtejustify\">Na ocasi\u00e3o, o Diretor-Geral de Desenvolvimento Nuclear e Tecnol\u00f3gico da Marinha apresentou os avan\u00e7os alcan\u00e7ados pelo PROSUB e falou da robusta parceria industrial nacional. \u201cPor meio do PROSUB e do conhecimento gerado na \u00e1rea nuclear, a Marinha tamb\u00e9m est\u00e1 capacitada a contribuir com o Estado Brasileiro nas \u00e1reas de Energia e da Sa\u00fade\u201d, comentou o Almirante Petronio.<\/p>\n<p class=\"rtejustify\">A programa\u00e7\u00e3o possibilitou \u00e0s autoridades e \u00e0 comitiva conhecerem as instala\u00e7\u00f5es e atribui\u00e7\u00f5es da Unidade de Fabrica\u00e7\u00e3o de Estruturas Met\u00e1licas, do Estaleiro de Constru\u00e7\u00e3o, da Base de Submarinos da Ilha da Madeira, bem como o Submarino \u201cRiachuelo\u201d, o Departamento de Treinadores e Simuladores, al\u00e9m da maquete 3D, onde observaram a infraestrutura industrial naval j\u00e1 instalada, assim como os pr\u00f3ximos passos previstos para a implanta\u00e7\u00e3o do Complexo de Manuten\u00e7\u00e3o Especializada, destinado ao futuro Submarino Convencionalmente Armado com Propuls\u00e3o Nuclear (SCPN).<\/p>\n<p>Fonte: Ag\u00eancia Marinha de Not\u00edcias<\/p>\n","protected":false},"excerpt":{"rendered":"<p>Acompanhado do Comandante da Marinha, Almirante de Esquadra Marcos Sampaio Olsen, e do Diretor-Geral de Desenvolvimento Nuclear e Tecnol\u00f3gico da Marinha, Almirante de Esquadra Petronio&#8230;<\/p>\n","protected":false},"author":1527,"featured_media":46212,"comment_status":"closed","ping_status":"closed","sticky":false,"template":"","format":"standard","meta":{"footnotes":""},"categories":[6],"tags":[],"class_list":["post-46211","post","type-post","status-publish","format-standard","has-post-thumbnail","hentry","category-noticias"],"_links":{"self":[{"href":"https:\/\/www.sincomam.org.br\/index.php\/wp-json\/wp\/v2\/posts\/46211","targetHints":{"allow":["GET"]}}],"collection":[{"href":"https:\/\/www.sincomam.org.br\/index.php\/wp-json\/wp\/v2\/posts"}],"about":[{"href":"https:\/\/www.sincomam.org.br\/index.php\/wp-json\/wp\/v2\/types\/post"}],"author":[{"embeddable":true,"href":"https:\/\/www.sincomam.org.br\/index.php\/wp-json\/wp\/v2\/users\/1527"}],"replies":[{"embeddable":true,"href":"https:\/\/www.sincomam.org.br\/index.php\/wp-json\/wp\/v2\/comments?post=46211"}],"version-history":[{"count":1,"href":"https:\/\/www.sincomam.org.br\/index.php\/wp-json\/wp\/v2\/posts\/46211\/revisions"}],"predecessor-version":[{"id":46213,"href":"https:\/\/www.sincomam.org.br\/index.php\/wp-json\/wp\/v2\/posts\/46211\/revisions\/46213"}],"wp:featuredmedia":[{"embeddable":true,"href":"https:\/\/www.sincomam.org.br\/index.php\/wp-json\/wp\/v2\/media\/46212"}],"wp:attachment":[{"href":"https:\/\/www.sincomam.org.br\/index.php\/wp-json\/wp\/v2\/media?parent=46211"}],"wp:term":[{"taxonomy":"category","embeddable":true,"href":"https:\/\/www.sincomam.org.br\/index.php\/wp-json\/wp\/v2\/categories?post=46211"},{"taxonomy":"post_tag","embeddable":true,"href":"https:\/\/www.sincomam.org.br\/index.php\/wp-json\/wp\/v2\/tags?post=46211"}],"curies":[{"name":"wp","href":"https:\/\/api.w.org\/{rel}","templated":true}]}}