{"id":46196,"date":"2023-07-03T09:04:20","date_gmt":"2023-07-03T12:04:20","guid":{"rendered":"http:\/\/www.sincomam.org.br\/?p=46196"},"modified":"2023-07-03T09:04:20","modified_gmt":"2023-07-03T12:04:20","slug":"simposio-revela-a-importancia-estrategica-do-portfolio-na-transformacao-da-marinha-do-brasil","status":"publish","type":"post","link":"https:\/\/www.sincomam.org.br\/index.php\/simposio-revela-a-importancia-estrategica-do-portfolio-na-transformacao-da-marinha-do-brasil\/","title":{"rendered":"Simp\u00f3sio revela a Import\u00e2ncia Estrat\u00e9gica do Portf\u00f3lio na Transforma\u00e7\u00e3o da Marinha do Brasil"},"content":{"rendered":"<p>No dia 28 de junho, o Rio de Janeiro (RJ) foi palco do Simp\u00f3sio \u201cPortf\u00f3lio Estrat\u00e9gico e a Transforma\u00e7\u00e3o da Marinha\u201d. O evento, promovido pelo\u00a0Centro de Estudos Pol\u00edtico-Estrat\u00e9gicos da Marinha (CEPE-MB)\u00a0em parceria com a\u00a0Escola de Guerra Naval (EGN), teve como objetivo mostrar \u00e0 sociedade a gest\u00e3o dos programas estrat\u00e9gicos da Marinha do Brasil (MB) e a import\u00e2ncia da ferramenta de Portf\u00f3lio nesse processo. A reuni\u00e3o atraiu tanto especialistas militares quanto civis, incentivando uma an\u00e1lise interdisciplinar de como os Portf\u00f3lios Estrat\u00e9gicos podem ser instrumentos para a transforma\u00e7\u00e3o das organiza\u00e7\u00f5es, especialmente a Marinha do Brasil.<\/p>\n<p><strong>Portf\u00f3lio de Projetos e Estrat\u00e9gias Institucionais<\/strong><\/p>\n<p>A abertura do Simp\u00f3sio foi realizada pelo Almirante de Esquadra (RM1-FN) Paulo Martino Zuccaro, presidente do CEPE-MB, seguido da apresenta\u00e7\u00e3o da Professora Doutora Elaine Tavares da Universidade Federal do Rio de Janeiro. O tema de sua apresenta\u00e7\u00e3o, \u201cPortf\u00f3lio de Projetos e Estrat\u00e9gias Institucionais\u201d, trouxe uma vis\u00e3o clara de como os projetos selecionados no portf\u00f3lio devem estar\u00a0orientados aos objetivos estrat\u00e9gicos\u00a0da organiza\u00e7\u00e3o. Ela destacou a import\u00e2ncia da cria\u00e7\u00e3o de um escrit\u00f3rio de projetos para gerar sinergia entre os projetos e otimizar a utiliza\u00e7\u00e3o dos recursos organizacionais que suportam o desenvolvimento deles.<\/p>\n<p><strong>Portf\u00f3lio de Projetos Estrat\u00e9gicos de Defesa<\/strong><\/p>\n<p>A discuss\u00e3o seguiu para o tema \u201cPortf\u00f3lio de Projetos Estrat\u00e9gicos de Defesa\u201d, apresentado pelo Contra-Almirante Alexandre Amendoeira Nunes, Subchefe de Log\u00edstica Estrat\u00e9gica do Estado-Maior Conjunto das For\u00e7as Armadas. Nunes destacou que o portf\u00f3lio do Minist\u00e9rio da Defesa (MD) abrange diversos projetos e programas, tanto da administra\u00e7\u00e3o central do MD quanto das for\u00e7as singulares, incluindo projetos de cunho social como o Programa For\u00e7as no Esporte (PROFESP) e o Projeto Rondon. Esses programas e projetos, de acordo com Nunes, refletem os esfor\u00e7os do MD em equipar as for\u00e7as singulares e contribuir no \u00e2mbito social.<\/p>\n<p><strong>Portf\u00f3lio de Projetos Estrat\u00e9gicos da Marinha<\/strong><\/p>\n<p>A discuss\u00e3o estrat\u00e9gica voltou-se para a Marinha com a apresenta\u00e7\u00e3o do Vice-Chefe do Estado-Maior da Armada, Vice-Almirante Carlos Eduardo Horta Arentz, que discutiu o \u201cPortf\u00f3lio de Projetos Estrat\u00e9gicos da MB\u201d. Arentz salientou que atualmente 27 iniciativas estrat\u00e9gicas est\u00e3o sendo acompanhadas pelo Estado-Maior da Armada, visando assessorar a governan\u00e7a da Marinha. Dentre essas iniciativas, destacou o\u00a0Programa de Desenvolvimento de Submarinos, o\u00a0Programa das Fragatas Classe \u201cTamandar\u00e9\u201d\u00a0e o\u00a0Programa do M\u00edssil MANSUP. Arentz tamb\u00e9m salientou a import\u00e2ncia da comunica\u00e7\u00e3o estrat\u00e9gica na divulga\u00e7\u00e3o dos programas para a sociedade.<\/p>\n<p>O Simp\u00f3sio, realizado no Audit\u00f3rio Tamandar\u00e9 da EGN, contou com a presen\u00e7a de diversas autoridades, acad\u00eamicos, profissionais, estudantes e interessados na tem\u00e1tica. Esta reuni\u00e3o foi um marco para evidenciar a gest\u00e3o estrat\u00e9gica da Marinha do Brasil e refor\u00e7ar a necessidade de um portf\u00f3lio bem estruturado para a transforma\u00e7\u00e3o e efici\u00eancia da organiza\u00e7\u00e3o.<\/p>\n<p>Fonte: Defesa em Foco<\/p>\n","protected":false},"excerpt":{"rendered":"<p>No dia 28 de junho, o Rio de Janeiro (RJ) foi palco do Simp\u00f3sio \u201cPortf\u00f3lio Estrat\u00e9gico e a Transforma\u00e7\u00e3o da Marinha\u201d. O evento, promovido pelo\u00a0Centro&#8230;<\/p>\n","protected":false},"author":1527,"featured_media":46197,"comment_status":"closed","ping_status":"closed","sticky":false,"template":"","format":"standard","meta":{"footnotes":""},"categories":[6],"tags":[],"class_list":["post-46196","post","type-post","status-publish","format-standard","has-post-thumbnail","hentry","category-noticias"],"_links":{"self":[{"href":"https:\/\/www.sincomam.org.br\/index.php\/wp-json\/wp\/v2\/posts\/46196","targetHints":{"allow":["GET"]}}],"collection":[{"href":"https:\/\/www.sincomam.org.br\/index.php\/wp-json\/wp\/v2\/posts"}],"about":[{"href":"https:\/\/www.sincomam.org.br\/index.php\/wp-json\/wp\/v2\/types\/post"}],"author":[{"embeddable":true,"href":"https:\/\/www.sincomam.org.br\/index.php\/wp-json\/wp\/v2\/users\/1527"}],"replies":[{"embeddable":true,"href":"https:\/\/www.sincomam.org.br\/index.php\/wp-json\/wp\/v2\/comments?post=46196"}],"version-history":[{"count":1,"href":"https:\/\/www.sincomam.org.br\/index.php\/wp-json\/wp\/v2\/posts\/46196\/revisions"}],"predecessor-version":[{"id":46198,"href":"https:\/\/www.sincomam.org.br\/index.php\/wp-json\/wp\/v2\/posts\/46196\/revisions\/46198"}],"wp:featuredmedia":[{"embeddable":true,"href":"https:\/\/www.sincomam.org.br\/index.php\/wp-json\/wp\/v2\/media\/46197"}],"wp:attachment":[{"href":"https:\/\/www.sincomam.org.br\/index.php\/wp-json\/wp\/v2\/media?parent=46196"}],"wp:term":[{"taxonomy":"category","embeddable":true,"href":"https:\/\/www.sincomam.org.br\/index.php\/wp-json\/wp\/v2\/categories?post=46196"},{"taxonomy":"post_tag","embeddable":true,"href":"https:\/\/www.sincomam.org.br\/index.php\/wp-json\/wp\/v2\/tags?post=46196"}],"curies":[{"name":"wp","href":"https:\/\/api.w.org\/{rel}","templated":true}]}}